{"id":8714,"date":"2014-03-12T02:00:14","date_gmt":"2014-03-12T01:00:14","guid":{"rendered":"http:\/\/semmelweis.hu\/phd\/2014\/03\/12\/iii-interdiszciplinaris-doktorandusz-konferencia-2\/"},"modified":"2014-03-12T02:00:14","modified_gmt":"2014-03-12T01:00:14","slug":"iii-interdiszciplinaris-doktorandusz-konferencia-2","status":"publish","type":"post","link":"https:\/\/semmelweis.hu\/phd\/2014\/03\/12\/iii-interdiszciplinaris-doktorandusz-konferencia-2\/","title":{"rendered":"III. Interdiszciplin\u00e1ris Doktorandusz Konferencia"},"content":{"rendered":"<div><strong>III. Interdiszciplin\u00e1ris Doktorandusz Konferencia<\/strong><\/div>\n<div><strong>2014. \u00e1prilis 15-17.\u00a0<\/strong><\/div>\n<div><strong>P\u00e9csi Tudom\u00e1nyegyetem<\/strong><\/div>\n<div>\u00a0<\/div>\n<div>A P\u00e9csi Tudom\u00e1nyegyetem Doktorandusz \u00d6nkorm\u00e1nyzata 2014-ben is megrendezi, imm\u00e1ron hagyom\u00e1nyosnak tekinthet\u0151 nemzetk\u00f6zi, t\u00f6bb tudom\u00e1nyter\u00fcletet \u00f6sszefog\u00f3 tudom\u00e1nyos rendezv\u00e9ny\u00e9t.<\/div>\n<div>\u00a0<\/div>\n<div><strong>A III. Interdiszciplin\u00e1ris Doktorandusz Konferencia (Az IDK2014 &#8211; PTE DOK-, az I. Szakkoll\u00e9giumi napok &#8211; PTE EH\u00d6K &#8211; \u00e9s a Mandulavir\u00e1gz\u00e1si Tudom\u00e1nyos Napok k\u00f6z\u00f6s nemzetk\u00f6zi konferenci\u00e1ja) 2014. \u00e1prilis 15-17. k\u00f6z\u00f6tt ker\u00fcl megrendez\u00e9sre a P\u00e9csi Tudom\u00e1nyegyetem \u00c1ltal\u00e1nos Orvostudom\u00e1nyi Kar\u00e1n. <\/strong><\/div>\n<div>\u00a0<\/div>\n<div>Az IDK2014 Konferencia alapvet\u0151 c\u00e9lja, hogy lehet\u0151s\u00e9get \u00e9s f\u00f3rumot teremtsen hazai \u00e9s k\u00fclf\u00f6ldi doktoranduszok sz\u00e1m\u00e1ra a szakmai eszmecser\u00e9k, rangos tudom\u00e1nyos el\u0151ad\u00e1sok megtart\u00e1s\u00e1ra, valamint szem\u00e9lyes- \u00e9s szakmai kapcsolatok, egy\u00fcttm\u0171k\u00f6d\u00e9sek ki\u00e9p\u00edt\u00e9s\u00e9re.<\/div>\n<div>\u00a0<\/div>\n<div>A programban, ahogy a kor\u00e1bbi \u00e9vben is, a klasszikus szekci\u00f3k mellett helyet kapnak, olyan vit\u00e1k, kerekasztal besz\u00e9lget\u00e9sek, amelyek aktu\u00e1lis, t\u00f6bb tudom\u00e1nyter\u00fcletet is \u00e9rint\u0151 k\u00f6zponti t\u00e9m\u00e1t t\u00e1rgyalnak. Az interdiszciplin\u00e1ris szekci\u00f3k c\u00e9lja, hogy olyan diskurzus \u00e9s\/vagy vita alakuljon ki a prezent\u00e1ci\u00f3t k\u00f6vet\u0151en, melynek sor\u00e1n a k\u00fcl\u00f6nb\u00f6z\u0151 diszcipl\u00edn\u00e1k k\u00e9pvisel\u0151i \u00faj n\u00e9z\u0151ponttal gazdagodhatnak az adott t\u00e9m\u00e1ban.<\/div>\n<div>\u00a0<\/div>\n<div>A kor\u00e1bbi \u00e9vhez hasonl\u00f3an id\u00e9n is lehet\u0151s\u00e9get biztos\u00edtunk kimagasl\u00f3 tudom\u00e1nyos eredm\u00e9nyeket felmutat\u00f3, gradu\u00e1lis k\u00e9pz\u00e9sben r\u00e9sztvev\u0151 hallgat\u00f3knak, prezent\u00e1ci\u00f3 megtart\u00e1s\u00e1ra. Rendezv\u00e9ny\u00fcnkkel p\u00e1rhuzamosan zajlik majd a PTE EH\u00d6K \u00e1ltal szervezett I. P\u00e9csi Szakkoll\u00e9giumi Napok, ezen rendezv\u00e9nyen legjobban szerepl\u0151 gradu\u00e1lis k\u00e9pz\u00e9sben r\u00e9sztvev\u0151 hallgat\u00f3k el\u0151adhatnak az IDK2014 z\u00e1r\u00f3 napj\u00e1n. Az idei \u00e9vt\u0151l a nagy hagyom\u00e1nyokkal rendelkez\u0151 Mandulavir\u00e1gz\u00e1si Tudom\u00e1nyos Napok is \u00f6sszefon\u00f3dik rendezv\u00e9ny\u00fcnkkel.<\/div>\n<div>\u00a0<\/div>\n<div>\u00dajdons\u00e1got jelent az el\u0151z\u0151 \u00e9vhez k\u00e9pest egy fot\u00f3- \u00e9s k\u00e9pz\u0151m\u0171v\u00e9szeti ki\u00e1ll\u00edt\u00e1s, valamint egy angol \u00e9s magyar nyelv\u0171 tr\u00e9ning, amely a tudom\u00e1nyos el\u0151ad\u00e1s-technikai k\u00e9szs\u00e9geket fejleszti. Lehet\u0151s\u00e9get biztos\u00edtunk tov\u00e1bb\u00e1 a r\u00e9gi\u00f3ban m\u0171k\u00f6d\u0151 c\u00e9gek, v\u00e1llalatok bemutatkoz\u00e1s\u00e1ra, de fels\u0151oktat\u00e1si int\u00e9zm\u00e9nyek standjai is sz\u00ednes\u00edtik majd a rendezv\u00e9nyt.<\/div>\n<div>\u00a0<\/div>\n<div>Az IDK2014 f\u0151v\u00e9dn\u00f6ke Prof. Dr. B\u00f3dis J\u00f3zsef, a P\u00e9csi Tudom\u00e1nyegyetem rektora, aki mindig szem el\u0151tt tartotta \u00e9s feladat\u00e1nak tekintette a tudom\u00e1nyos ut\u00e1np\u00f3tl\u00e1s nevel\u00e9st, az eredm\u00e9nyorient\u00e1lt innovat\u00edv kutat\u00f3munk\u00e1t, \u00edgy szem\u00e9lye p\u00e9lda \u00e9rt\u00e9k\u0171v\u00e9 v\u00e1lt a fels\u0151oktat\u00e1si \u00e9s tudom\u00e1nyos k\u00f6r\u00f6kben.<\/div>\n<div>\u00a0<\/div>\n<div>Rendezv\u00e9ny\u00fcnkre v\u00e1rjuk minden tudom\u00e1nyter\u00fcletr\u0151l doktoranduszok jelentkez\u00e9s\u00e9t haz\u00e1nkb\u00f3l \u00e9s k\u00fclf\u00f6ldr\u0151l egyar\u00e1nt. A konferenci\u00e1n r\u00e9sztvev\u0151knek k\u00fcl\u00f6n szekci\u00f3kban lesz majd lehet\u0151s\u00e9g\u00fck, rangos szakmai bizotts\u00e1g el\u0151tt bemutatni kutat\u00e1si eredm\u00e9nyeiket el\u0151ad\u00e1s vagy e- poszter form\u00e1j\u00e1ban. Ezen fel\u00fcl term\u00e9szetesen a m\u0171v\u00e9szeti alkot\u00e1sok bemutat\u00e1s\u00e1ra is biztos\u00edtunk lehet\u0151s\u00e9get.<\/div>\n<div>\u00a0<\/div>\n<div>Tov\u00e1bbi inform\u00e1ci\u00f3k\u00e9rt figyelje a www.idkpecs.hu weboldalt, vagy forduljon bizalommal a rendezv\u00e9ny szervez\u0151ihez:<\/div>\n<div>\n<ul>\n<li>Boros G\u00e1bor gabor.boros@indamail.hu<\/li>\n<li>Dr. Ma\u00e1sz G\u00e1bor gabor.maasz@aok.pte.hu<\/li>\n<li>Dr. Spring\u00f3 Zsolt springozsolt@yahoo.com<\/li>\n<li>K\u00f3sa Bal\u00e1zs kosa.balazs@pmmik.pte.hu<\/li>\n<li>Szijart\u00f3 Gy\u00f6rgy gyorgy.szijarto@gmail.com<\/li>\n<\/ul>\n<\/div>\n<div>\u00a0<\/div>\n<div>A miel\u0151bbi tal\u00e1lkoz\u00e1s rem\u00e9ny\u00e9ben:<\/div>\n<div>K\u00f3sa Bal\u00e1zs eln\u00f6k P\u00e9csi Tudom\u00e1nyegyetem Doktorandusz \u00d6nkorm\u00e1nyzat<\/div>\n<div>\u00a0<\/div>\n<div>Az IDK2014 ut\u00e1n, azon doktoranduszok sz\u00e1m\u00e1ra, akik prezent\u00e1ci\u00f3val r\u00e9szt vettek a konferenci\u00e1n, publik\u00e1ci\u00f3s lehet\u0151s\u00e9get biztos\u00edtunk a 2014 \u0151sz\u00e9n megjelen\u0151 elektronikus IDK2014 Konferenciak\u00f6tetben.<\/div>\n","protected":false},"excerpt":{"rendered":"<p>III. Interdiszciplin\u00e1ris Doktorandusz Konferencia 2014. \u00e1prilis 15-17.\u00a0 P\u00e9csi Tudom\u00e1nyegyetem \u00a0 A P\u00e9csi Tudom\u00e1nyegyetem Doktorandusz \u00d6nkorm\u00e1nyzata 2014-ben is megrendezi, imm\u00e1ron hagyom\u00e1nyosnak tekinthet\u0151 nemzetk\u00f6zi, t\u00f6bb tudom\u00e1nyter\u00fcletet \u00f6sszefog\u00f3 tudom\u00e1nyos rendezv\u00e9ny\u00e9t. \u00a0 A III. Interdiszciplin\u00e1ris Doktorandusz Konferencia (Az IDK2014 &#8211; PTE DOK-, az I. Szakkoll\u00e9giumi napok &#8211; PTE EH\u00d6K &#8211; \u00e9s a Mandulavir\u00e1gz\u00e1si Tudom\u00e1nyos Napok k\u00f6z\u00f6s nemzetk\u00f6zi konferenci\u00e1ja) 2014. &hellip;<\/p>\n","protected":false},"author":158,"featured_media":0,"comment_status":"closed","ping_status":"closed","sticky":false,"template":"","format":"standard","meta":{"_acf_changed":false,"footnotes":""},"categories":[1],"tags":[],"class_list":["post-8714","post","type-post","status-publish","format-standard","hentry","category-hirek"],"acf":[],"_links":{"self":[{"href":"https:\/\/semmelweis.hu\/phd\/wp-json\/wp\/v2\/posts\/8714","targetHints":{"allow":["GET"]}}],"collection":[{"href":"https:\/\/semmelweis.hu\/phd\/wp-json\/wp\/v2\/posts"}],"about":[{"href":"https:\/\/semmelweis.hu\/phd\/wp-json\/wp\/v2\/types\/post"}],"author":[{"embeddable":true,"href":"https:\/\/semmelweis.hu\/phd\/wp-json\/wp\/v2\/users\/158"}],"replies":[{"embeddable":true,"href":"https:\/\/semmelweis.hu\/phd\/wp-json\/wp\/v2\/comments?post=8714"}],"version-history":[{"count":0,"href":"https:\/\/semmelweis.hu\/phd\/wp-json\/wp\/v2\/posts\/8714\/revisions"}],"wp:attachment":[{"href":"https:\/\/semmelweis.hu\/phd\/wp-json\/wp\/v2\/media?parent=8714"}],"wp:term":[{"taxonomy":"category","embeddable":true,"href":"https:\/\/semmelweis.hu\/phd\/wp-json\/wp\/v2\/categories?post=8714"},{"taxonomy":"post_tag","embeddable":true,"href":"https:\/\/semmelweis.hu\/phd\/wp-json\/wp\/v2\/tags?post=8714"}],"curies":[{"name":"wp","href":"https:\/\/api.w.org\/{rel}","templated":true}]}}