{"id":8421,"date":"2015-11-09T12:32:19","date_gmt":"2015-11-09T11:32:19","guid":{"rendered":"http:\/\/semmelweis.hu\/phd\/2015\/11\/09\/phd-oklevel-2\/"},"modified":"2015-11-09T12:32:19","modified_gmt":"2015-11-09T11:32:19","slug":"phd-oklevel-2","status":"publish","type":"post","link":"https:\/\/semmelweis.hu\/phd\/2015\/11\/09\/phd-oklevel-2\/","title":{"rendered":"PhD Oklev\u00e9l"},"content":{"rendered":"<div>Tisztelt PhD Hallgat\u00f3k \u00e9s Fokozatszerz\u0151k!<\/div>\n<div>\u00a0<\/div>\n<div>Ez\u00faton szeretn\u00e9nk t\u00e1j\u00e9koztatni \u00d6n\u00f6ket, hogy jogszab\u00e1lyv\u00e1ltoz\u00e1s miatt a\u00a02015 augusztus ut\u00e1n ki\u00e1ll\u00edt\u00e1sra ker\u00fcl\u0151 PhD okleveleken m\u00e1r nem t\u00fcntethet\u0151 fel min\u0151s\u00edt\u00e9s.<\/div>\n<div>\u00a0<\/div>\n<div>Ennek megfelel\u0151en \u00a0a 2015. okt\u00f3ber 26-i Egyetemi Doktori Tan\u00e1cs 52\/2015(10.26) sz\u00e1m\u00fa hat\u00e1rozata alapj\u00e1n fokozatot szerzettek oklevel\u00e9n a min\u0151s\u00edt\u00e9s m\u00e1r nem fog szerepelni.<\/div>\n<div>\u00a0<\/div>\n<div>T\u00f6lgyesi-Lov\u00e1sz Krisztina<\/div>\n<div>a Doktori Titk\u00e1rs\u00e1g vezet\u0151je<\/div>\n","protected":false},"excerpt":{"rendered":"<p>Tisztelt PhD Hallgat\u00f3k \u00e9s Fokozatszerz\u0151k!<br \/>\n\u00a0<br \/>\nEz\u00faton szeretn\u00e9nk t\u00e1j\u00e9koztatni \u00d6n\u00f6ket, hogy jogszab\u00e1lyv\u00e1ltoz\u00e1s miatt a\u00a02015 augusztus ut\u00e1n ki\u00e1ll\u00edt\u00e1sra ker\u00fcl\u0151 PhD okleveleken m\u00e1r nem t\u00fcntethet\u0151 fel min\u0151s\u00edt\u00e9s.<br \/>\n\u00a0<br \/>\nEnnek megfelel\u0151en \u00a0a 2015. okt\u00f3ber 26-i Egyetemi Doktori Tan\u00e1cs 52\/2015(10.26) sz\u00e1m\u00fa hat\u00e1rozata alapj\u00e1n fokozatot szerzettek oklevel\u00e9n a min\u0151s\u00edt\u00e9s m\u00e1r nem fog szerepelni.<br \/>\n\u00a0<br \/>\nT\u00f6lgyesi-Lov\u00e1sz Krisztina<br \/>\na Doktori Titk\u00e1rs\u00e1g vezet\u0151je<\/p>\n","protected":false},"author":158,"featured_media":0,"comment_status":"closed","ping_status":"closed","sticky":false,"template":"","format":"standard","meta":{"_acf_changed":false,"footnotes":""},"categories":[1],"tags":[],"class_list":["post-8421","post","type-post","status-publish","format-standard","hentry","category-hirek"],"acf":[],"_links":{"self":[{"href":"https:\/\/semmelweis.hu\/phd\/wp-json\/wp\/v2\/posts\/8421","targetHints":{"allow":["GET"]}}],"collection":[{"href":"https:\/\/semmelweis.hu\/phd\/wp-json\/wp\/v2\/posts"}],"about":[{"href":"https:\/\/semmelweis.hu\/phd\/wp-json\/wp\/v2\/types\/post"}],"author":[{"embeddable":true,"href":"https:\/\/semmelweis.hu\/phd\/wp-json\/wp\/v2\/users\/158"}],"replies":[{"embeddable":true,"href":"https:\/\/semmelweis.hu\/phd\/wp-json\/wp\/v2\/comments?post=8421"}],"version-history":[{"count":0,"href":"https:\/\/semmelweis.hu\/phd\/wp-json\/wp\/v2\/posts\/8421\/revisions"}],"wp:attachment":[{"href":"https:\/\/semmelweis.hu\/phd\/wp-json\/wp\/v2\/media?parent=8421"}],"wp:term":[{"taxonomy":"category","embeddable":true,"href":"https:\/\/semmelweis.hu\/phd\/wp-json\/wp\/v2\/categories?post=8421"},{"taxonomy":"post_tag","embeddable":true,"href":"https:\/\/semmelweis.hu\/phd\/wp-json\/wp\/v2\/tags?post=8421"}],"curies":[{"name":"wp","href":"https:\/\/api.w.org\/{rel}","templated":true}]}}