{"id":8047,"date":"2018-09-14T10:39:37","date_gmt":"2018-09-14T08:39:37","guid":{"rendered":"http:\/\/semmelweis.hu\/phd\/2018\/09\/14\/beiratkozasi-es-targyfelveteli-idoszak-meghosszabbitasa-2\/"},"modified":"2020-03-31T19:12:37","modified_gmt":"2020-03-31T17:12:37","slug":"beiratkozasi-es-targyfelveteli-idoszak-meghosszabbitasa-2","status":"publish","type":"post","link":"https:\/\/semmelweis.hu\/phd\/2018\/09\/14\/beiratkozasi-es-targyfelveteli-idoszak-meghosszabbitasa-2\/","title":{"rendered":"Beiratkoz\u00e1si \u00e9s t\u00e1rgyfelv\u00e9teli id\u0151szak meghosszabb\u00edt\u00e1sa"},"content":{"rendered":"<p>Tisztelt hallgat\u00f3k!<br \/>\nA 2018\/19\/1 f\u00e9l\u00e9vre val\u00f3 Bejelentkez\u00e9si\/Beiratkoz\u00e1si \u00e9s Tant\u00e1rgyfelv\u00e9teli id\u0151szakot meghosszabb\u00edtjuk 2018. szeptember 21. 23:59:59-ig.<br \/>\nDoktori Iskola Hivatala<\/p>\n","protected":false},"excerpt":{"rendered":"<p>A beiratkoz\u00e1si\/bejelentkez\u00e9si id\u0151szakot meghosszabb\u00edtjuk 2018.09.21 \u00e9jf\u00e9lig<\/p>\n","protected":false},"author":158,"featured_media":7820,"comment_status":"closed","ping_status":"closed","sticky":false,"template":"","format":"standard","meta":{"_acf_changed":false,"footnotes":""},"categories":[1],"tags":[],"class_list":["post-8047","post","type-post","status-publish","format-standard","has-post-thumbnail","hentry","category-hirek"],"acf":[],"_links":{"self":[{"href":"https:\/\/semmelweis.hu\/phd\/wp-json\/wp\/v2\/posts\/8047","targetHints":{"allow":["GET"]}}],"collection":[{"href":"https:\/\/semmelweis.hu\/phd\/wp-json\/wp\/v2\/posts"}],"about":[{"href":"https:\/\/semmelweis.hu\/phd\/wp-json\/wp\/v2\/types\/post"}],"author":[{"embeddable":true,"href":"https:\/\/semmelweis.hu\/phd\/wp-json\/wp\/v2\/users\/158"}],"replies":[{"embeddable":true,"href":"https:\/\/semmelweis.hu\/phd\/wp-json\/wp\/v2\/comments?post=8047"}],"version-history":[{"count":1,"href":"https:\/\/semmelweis.hu\/phd\/wp-json\/wp\/v2\/posts\/8047\/revisions"}],"predecessor-version":[{"id":9729,"href":"https:\/\/semmelweis.hu\/phd\/wp-json\/wp\/v2\/posts\/8047\/revisions\/9729"}],"wp:featuredmedia":[{"embeddable":true,"href":"https:\/\/semmelweis.hu\/phd\/wp-json\/wp\/v2\/media\/7820"}],"wp:attachment":[{"href":"https:\/\/semmelweis.hu\/phd\/wp-json\/wp\/v2\/media?parent=8047"}],"wp:term":[{"taxonomy":"category","embeddable":true,"href":"https:\/\/semmelweis.hu\/phd\/wp-json\/wp\/v2\/categories?post=8047"},{"taxonomy":"post_tag","embeddable":true,"href":"https:\/\/semmelweis.hu\/phd\/wp-json\/wp\/v2\/tags?post=8047"}],"curies":[{"name":"wp","href":"https:\/\/api.w.org\/{rel}","templated":true}]}}