{"id":66501,"date":"2026-04-28T15:53:28","date_gmt":"2026-04-28T13:53:28","guid":{"rendered":"https:\/\/semmelweis.hu\/phd\/?p=66501"},"modified":"2026-04-28T15:53:28","modified_gmt":"2026-04-28T13:53:28","slug":"molekularis-onkologiai-phd-pozicio-a-pestell-laboratoriumban","status":"publish","type":"post","link":"https:\/\/semmelweis.hu\/phd\/2026\/04\/28\/molekularis-onkologiai-phd-pozicio-a-pestell-laboratoriumban\/","title":{"rendered":"Molekul\u00e1ris onkol\u00f3giai PhD poz\u00edci\u00f3 a Pestell laborat\u00f3riumban"},"content":{"rendered":"<p>Szeretn\u00e9nk felh\u00edvni figyelm\u00e9t a Pestell laborat\u00f3riumban meghirdetett molekul\u00e1ris onkol\u00f3giai PhD poz\u00edci\u00f3ra.\u00a0<\/p>\n<p><strong>Helysz\u00edn:<\/strong> HUN-REN T\u00e1mogatott Kutat\u00f3csoportok Irod\u00e1ja (TKI) Sejtciklus Laborat\u00f3rium az Orsz\u00e1gos Onkol\u00f3giai Int\u00e9zetben, Budapest, Magyarorsz\u00e1g<br \/>\n<strong>Doktori iskola:<\/strong> Semmelweis Egyetem<br \/>\n<strong>Kezd\u00e9s d\u00e1tuma:<\/strong> 2026. augusztus-szeptember<br \/>\n<strong>Id\u0151tartam:<\/strong> 4 \u00e9v<br \/>\n<strong>\u00d6szt\u00f6nd\u00edjak:<\/strong> Magyar \u00c1llami \u00d6szt\u00f6nd\u00edj, a program \u00e1ltal kieg\u00e9sz\u00edtve<br \/>\n<strong>Kapcsolat:<\/strong> Prof. Tompa P\u00e9ter (<a href=\"mailto:peter.tompa@oncol.hu\">peter.tompa@oncol.hu<\/a>)<\/p>\n<p><strong>Kik vagyunk:<\/strong> A HUN-REN T\u00e1mogatott Kutat\u00f3csoportok Irod\u00e1ja (TKI) \u00faj Sejtciklus Laborat\u00f3riumot nyitott az Orsz\u00e1gos Onkol\u00f3giai Int\u00e9zetben (OIO) Budapesten (<a href=\"https:\/\/onkol.hu\/cell-cycle-research-department\/\">https:\/\/onkol.hu\/cell-cycle-research-department\/<\/a>). A Richard Pestell professzor (<a href=\"https:\/\/www.pcarmrc.org\/pestell-1\">https:\/\/www.pcarmrc.org\/pestell-1<\/a>), Nagy P\u00e9ter professzor (<a href=\"https:\/\/uncan.eu\/national-institute-of-oncology-hungary\/\">https:\/\/uncan.eu\/national-institute-of-oncology-hungary\/<\/a>) \u00e9s Tompa P\u00e9ter professzor (<a href=\"https:\/\/www.linkedin.com\/in\/peter-tompa-181a461b1\">https:\/\/www.linkedin.com\/in\/peter-tompa-181a461b1<\/a>) \u00e1ltal vezetett laborat\u00f3riumot a Nemzeti Kutat\u00e1si, Fejleszt\u00e9si \u00e9s Innov\u00e1ci\u00f3s Alap (NKFIH) RGH_24 programja finansz\u00edrozza. A laborat\u00f3rium a k\u00f6vetkez\u0151 kutat\u00e1sokat v\u00e9gzi: (i) A r\u00e1k epidemiol\u00f3giai vizsg\u00e1lata; (ii) A sejtciklus-szab\u00e1lyoz\u00e1st \u00e9s a tumorgenezist szab\u00e1lyoz\u00f3 mechanizmusok (a ciklin D1 \u00e9s DACH1 g\u00e9neken kereszt\u00fcl), \u00e9s (iii) Az 5-\u00f6s t\u00edpus\u00fa C-C kemokinreceptor (CCR5) tumorgenezist \u00e9s a ter\u00e1pi\u00e1s v\u00e1laszokat szab\u00e1lyoz\u00f3 mechanizmusai.<\/p>\n<p><strong>Prof Pestell<\/strong> (Orcid 0000-0003-3244-8777)<br \/>\nH-index: 162; i10-index: 488,<br \/>\nHivatkoz\u00e1sok ~110,600<br \/>\nEredeti k\u00f6zlem\u00e9ny: 472<br \/>\nK\u00f6nyv, fejezet, review: 56<br \/>\nPublik\u00e1lt abstract: 239<br \/>\nA Google Scholar vil\u00e1gels\u0151 hely\u00e9n \u00e1ll a sejtciklus ter\u00e9n, valamint rangsorolva a prosztatar\u00e1k, az onkol\u00f3gia \u00e9s az eml\u0151r\u00e1k ter\u00e9n is (<a href=\"https:\/\/scholar.gogle.com\/citations?user=RYlsfBQAAAAJ&amp;hl=en\">https:\/\/scholar.gogle.com\/citations?user=RYlsfBQAAAAJ&amp;hl=en<\/a>)<\/p>\n<p><strong>Amit keres\u00fcnk:<\/strong> A laborat\u00f3rium motiv\u00e1lt PhD hallgat\u00f3t keres a CDK 4\/6 inhibitorokkal (CDI-k, pl. Palbociclib, Ribociclib) szembeni rezisztencia mechanizmus\u00e1nak vizsg\u00e1lat\u00e1ra, amely gyakran mag\u00e1ban foglalja a Ciklin D1 (CycD1) \u00e9s a CCR5 aktiv\u00e1l\u00f3d\u00e1s\u00e1t, el\u0151seg\u00edtve az onkog\u00e9n g\u00e9ntranszkripci\u00f3t, a r\u00e1kos \u0151ssejtek (CSC) k\u00e9pz\u0151d\u00e9s\u00e9t, az \u00e1tt\u00e9tk\u00e9pz\u0151d\u00e9st, a kromosz\u00f3m\u00e1lis instabilit\u00e1st (CIN) \u00e9s a tumor mikrok\u00f6rnyezet (TME) \u00e1tprogramoz\u00e1s\u00e1t. Azzal a v\u00e9gs\u0151 c\u00e9llal, hogy \u00faj r\u00e1kkezel\u00e9seket fejlessz\u00fcnk ki, PhD programot ind\u00edtunk:<\/p>\n<p><em>A r\u00e1k kialakul\u00e1s\u00e1nak sejtes mechanizmusai \u00e9s a CDI-rezisztencia.<\/em> A projekt a CSC-k indukci\u00f3j\u00e1ra, a makrof\u00e1gok toborz\u00e1s\u00e1ra \u00e9s \u00e1tprogramoz\u00e1s\u00e1ra, valamint az aszimmetrikus mitokondri\u00e1lis szegreg\u00e1ci\u00f3ra \u00f6sszpontos\u00edt, amely tumor heterogenit\u00e1st okoz. A k\u00f6vetelm\u00e9ny biol\u00f3giai, biom\u00e9rn\u00f6ki, sejtbiol\u00f3giai vagy kapcsol\u00f3d\u00f3 ter\u00fcleten szerzett diploma.<\/p>\n<p>A projekt a Semmelweis Egyetem Doktori Iskol\u00e1ja keret\u00e9ben, szak\u00e9rt\u0151 posztdoktorok fel\u00fcgyelete alatt a Pestell laborat\u00f3riumban, az Orsz\u00e1gos Onkol\u00f3giai Int\u00e9zetben (Budapest) folyik.<\/p>\n<p><strong>\u00c9rdekl\u0151d\u00e9s (vagy tov\u00e1bbi inform\u00e1ci\u00f3):<\/strong> k\u00fcldj\u00f6n \u00fczenetet Tompa P\u00e9ter professzornak (<a href=\"mailto:peter.tompa@oncol.hu\">peter.tompa@oncol.hu<\/a>):<\/p>\n<ol>\n<li>motiv\u00e1ci\u00f3s levelet \u00e9s oklev\u00e9l m\u00e1solat\u00e1t, amelyben felv\u00e1zolja tanulm\u00e1nyi \u00e9s kutat\u00e1si \u00e9rdekl\u0151d\u00e9si k\u00f6r\u00e9t<\/li>\n<li>\u00f6n\u00e9letrajzot (CV), amely tartalmazza \u2013 amennyiben relev\u00e1ns \u2013 a publik\u00e1ci\u00f3k list\u00e1j\u00e1t<\/li>\n<li>h\u00e1rom szakmai referenci\u00e1t tartalmaz\u00f3 el\u00e9rhet\u0151s\u00e9get<\/li>\n<\/ol>\n","protected":false},"excerpt":{"rendered":"<p>Szeretn\u00e9nk felh\u00edvni figyelm\u00e9t a Pestell laborat\u00f3riumban meghirdetett molekul\u00e1ris onkol\u00f3giai PhD poz\u00edci\u00f3ra.\u00a0 Helysz\u00edn: HUN-REN T\u00e1mogatott Kutat\u00f3csoportok Irod\u00e1ja (TKI) Sejtciklus Laborat\u00f3rium az Orsz\u00e1gos Onkol\u00f3giai Int\u00e9zetben, Budapest, Magyarorsz\u00e1g Doktori iskola: Semmelweis Egyetem Kezd\u00e9s d\u00e1tuma: 2026. augusztus-szeptember Id\u0151tartam: 4 \u00e9v \u00d6szt\u00f6nd\u00edjak: Magyar \u00c1llami \u00d6szt\u00f6nd\u00edj, a program \u00e1ltal kieg\u00e9sz\u00edtve Kapcsolat: Prof. Tompa P\u00e9ter ( <a href=\"mailto:peter.tompa@oncol.hu\">peter.tompa@oncol.hu<\/a> ) Kik vagyunk: A HUN-REN T\u00e1mogatott &hellip;<\/p>\n","protected":false},"author":102199,"featured_media":0,"comment_status":"closed","ping_status":"closed","sticky":false,"template":"","format":"standard","meta":{"_acf_changed":false,"footnotes":""},"categories":[2],"tags":[],"class_list":["post-66501","post","type-post","status-publish","format-standard","hentry","category-allasajanlatok"],"acf":[],"_links":{"self":[{"href":"https:\/\/semmelweis.hu\/phd\/wp-json\/wp\/v2\/posts\/66501","targetHints":{"allow":["GET"]}}],"collection":[{"href":"https:\/\/semmelweis.hu\/phd\/wp-json\/wp\/v2\/posts"}],"about":[{"href":"https:\/\/semmelweis.hu\/phd\/wp-json\/wp\/v2\/types\/post"}],"author":[{"embeddable":true,"href":"https:\/\/semmelweis.hu\/phd\/wp-json\/wp\/v2\/users\/102199"}],"replies":[{"embeddable":true,"href":"https:\/\/semmelweis.hu\/phd\/wp-json\/wp\/v2\/comments?post=66501"}],"version-history":[{"count":1,"href":"https:\/\/semmelweis.hu\/phd\/wp-json\/wp\/v2\/posts\/66501\/revisions"}],"predecessor-version":[{"id":66502,"href":"https:\/\/semmelweis.hu\/phd\/wp-json\/wp\/v2\/posts\/66501\/revisions\/66502"}],"wp:attachment":[{"href":"https:\/\/semmelweis.hu\/phd\/wp-json\/wp\/v2\/media?parent=66501"}],"wp:term":[{"taxonomy":"category","embeddable":true,"href":"https:\/\/semmelweis.hu\/phd\/wp-json\/wp\/v2\/categories?post=66501"},{"taxonomy":"post_tag","embeddable":true,"href":"https:\/\/semmelweis.hu\/phd\/wp-json\/wp\/v2\/tags?post=66501"}],"curies":[{"name":"wp","href":"https:\/\/api.w.org\/{rel}","templated":true}]}}