{"id":66321,"date":"2026-03-03T13:13:44","date_gmt":"2026-03-03T12:13:44","guid":{"rendered":"https:\/\/semmelweis.hu\/phd\/?p=66321"},"modified":"2026-03-03T13:14:23","modified_gmt":"2026-03-03T12:14:23","slug":"diakigazolvany-matrica-atvetele","status":"publish","type":"post","link":"https:\/\/semmelweis.hu\/phd\/2026\/03\/03\/diakigazolvany-matrica-atvetele\/","title":{"rendered":"Di\u00e1kigazolv\u00e1ny matrica \u00e1tv\u00e9tele"},"content":{"rendered":"<p>Felh\u00edvjuk hallgat\u00f3ink figyelm\u00e9t, hogy a Doktori Hivatalban <strong>megkezdj\u00fck a di\u00e1kigazolv\u00e1ny matric\u00e1k kiad\u00e1s\u00e1t<\/strong>. A matric\u00e1k kiad\u00e1s\u00e1hoz a di\u00e1kigazolv\u00e1nyt felt\u00e9tlen\u00fcl hozz\u00e1k magukkal. A di\u00e1kigazolv\u00e1ny matric\u00e1t lehet\u0151s\u00e9g van meghatalmaz\u00e1ssal is \u00e1tvenni.<\/p>\n<p><strong> Az \u00e1tv\u00e9tel a Doktori Hivatal \u00fcgyf\u00e9lfogad\u00e1si ideje alatt lehets\u00e9ges.<\/strong><\/p>\n<h5>Doktori Hivatal<\/h5>\n<p>1085 Budapest, \u00dcll\u0151i \u00fat 26. fsz. 9.<\/p>\n<table style=\"width: 65.3245%\">\n<tbody>\n<tr>\n<td style=\"width: 191.009%\" colspan=\"2\">\n<h5>Tanulm\u00e1nyi \u00fcgyf\u00e9lfogad\u00e1si id\u0151:<\/h5>\n<\/td>\n<\/tr>\n<tr>\n<td style=\"width: 46.3415%\">H\u00e9tf\u0151:<\/td>\n<td style=\"width: 144.667%\">z\u00e1rva<\/td>\n<\/tr>\n<tr>\n<td style=\"width: 46.3415%\">Kedd:<\/td>\n<td style=\"width: 144.667%\">13:00-17:00<\/td>\n<\/tr>\n<tr>\n<td style=\"width: 46.3415%\">Szerda:<\/td>\n<td style=\"width: 144.667%\">z\u00e1rva<\/td>\n<\/tr>\n<tr>\n<td style=\"width: 46.3415%\">Cs\u00fct\u00f6rt\u00f6k:<\/td>\n<td style=\"width: 144.667%\">13:00-16:00<\/td>\n<\/tr>\n<tr>\n<td style=\"width: 46.3415%\">P\u00e9ntek:<\/td>\n<td style=\"width: 144.667%\">08:30-13:00<\/td>\n<\/tr>\n<\/tbody>\n<\/table>\n","protected":false},"excerpt":{"rendered":"<p>Felh\u00edvjuk hallgat\u00f3ink figyelm\u00e9t, hogy a Doktori Hivatalban megkezdj\u00fck a di\u00e1kigazolv\u00e1ny matric\u00e1k kiad\u00e1s\u00e1t. A matric\u00e1k kiad\u00e1s\u00e1hoz a di\u00e1kigazolv\u00e1nyt felt\u00e9tlen\u00fcl hozz\u00e1k magukkal. A di\u00e1kigazolv\u00e1ny matric\u00e1t lehet\u0151s\u00e9g van meghatalmaz\u00e1ssal is \u00e1tvenni. Az \u00e1tv\u00e9tel a Doktori Hivatal \u00fcgyf\u00e9lfogad\u00e1si ideje alatt lehets\u00e9ges. Doktori Hivatal 1085 Budapest, \u00dcll\u0151i \u00fat 26. fsz. 9. Tanulm\u00e1nyi \u00fcgyf\u00e9lfogad\u00e1si id\u0151: H\u00e9tf\u0151: z\u00e1rva Kedd: 13:00-17:00 Szerda: z\u00e1rva &hellip;<\/p>\n","protected":false},"author":102199,"featured_media":0,"comment_status":"closed","ping_status":"closed","sticky":false,"template":"","format":"standard","meta":{"_acf_changed":false,"footnotes":""},"categories":[1],"tags":[],"class_list":["post-66321","post","type-post","status-publish","format-standard","hentry","category-hirek"],"acf":[],"_links":{"self":[{"href":"https:\/\/semmelweis.hu\/phd\/wp-json\/wp\/v2\/posts\/66321","targetHints":{"allow":["GET"]}}],"collection":[{"href":"https:\/\/semmelweis.hu\/phd\/wp-json\/wp\/v2\/posts"}],"about":[{"href":"https:\/\/semmelweis.hu\/phd\/wp-json\/wp\/v2\/types\/post"}],"author":[{"embeddable":true,"href":"https:\/\/semmelweis.hu\/phd\/wp-json\/wp\/v2\/users\/102199"}],"replies":[{"embeddable":true,"href":"https:\/\/semmelweis.hu\/phd\/wp-json\/wp\/v2\/comments?post=66321"}],"version-history":[{"count":2,"href":"https:\/\/semmelweis.hu\/phd\/wp-json\/wp\/v2\/posts\/66321\/revisions"}],"predecessor-version":[{"id":66323,"href":"https:\/\/semmelweis.hu\/phd\/wp-json\/wp\/v2\/posts\/66321\/revisions\/66323"}],"wp:attachment":[{"href":"https:\/\/semmelweis.hu\/phd\/wp-json\/wp\/v2\/media?parent=66321"}],"wp:term":[{"taxonomy":"category","embeddable":true,"href":"https:\/\/semmelweis.hu\/phd\/wp-json\/wp\/v2\/categories?post=66321"},{"taxonomy":"post_tag","embeddable":true,"href":"https:\/\/semmelweis.hu\/phd\/wp-json\/wp\/v2\/tags?post=66321"}],"curies":[{"name":"wp","href":"https:\/\/api.w.org\/{rel}","templated":true}]}}