{"id":65541,"date":"2025-10-14T10:22:47","date_gmt":"2025-10-14T08:22:47","guid":{"rendered":"https:\/\/semmelweis.hu\/phd\/?p=65541"},"modified":"2025-10-14T10:56:57","modified_gmt":"2025-10-14T08:56:57","slug":"nyitvatartas-valtozas-a-doktori-hivatalban-2","status":"publish","type":"post","link":"https:\/\/semmelweis.hu\/phd\/2025\/10\/14\/nyitvatartas-valtozas-a-doktori-hivatalban-2\/","title":{"rendered":"Nyitvatart\u00e1s v\u00e1ltoz\u00e1s a Doktori Hivatalban"},"content":{"rendered":"<p><strong>Kedves PhD Hallgat\u00f3k!<\/strong><\/p>\n<p>T\u00e1j\u00e9koztatjuk \u00d6n\u00f6ket, hogy a Doktori Hivatal <strong>okt\u00f3ber 16-\u00e1n (cs\u00fct\u00f6rt\u00f6k\u00f6n) z\u00e1rva tart<\/strong>, valamint <strong>okt\u00f3ber 18-\u00e1n<\/strong> (szombati munkanap) az \u00fcgyf\u00e9lfogad\u00e1s <strong>08:30\u201313:00<\/strong> k\u00f6z\u00f6tt lesz el\u00e9rhet\u0151.<\/p>\n<p>\u00dcdv\u00f6zlettel,<br \/>\n<span style=\"font-size: 1rem\">Doktori Hivatal<\/span><\/p>\n","protected":false},"excerpt":{"rendered":"<p>Kedves PhD Hallgat\u00f3k!<br \/>\nT\u00e1j\u00e9koztatjuk \u00d6n\u00f6ket, hogy a Doktori Hivatal okt\u00f3ber 16-\u00e1n (cs\u00fct\u00f6rt\u00f6k\u00f6n) z\u00e1rva tart, valamint okt\u00f3ber 18-\u00e1n (szombati munkanap) az \u00fcgyf\u00e9lfogad\u00e1s 08:30\u201313:00 k\u00f6z\u00f6tt lesz el\u00e9rhet\u0151.<br \/>\n\u00dcdv\u00f6zlettel,<br \/>\nDoktori Hivatal<\/p>\n","protected":false},"author":101719,"featured_media":0,"comment_status":"closed","ping_status":"closed","sticky":false,"template":"","format":"standard","meta":{"_acf_changed":false,"footnotes":""},"categories":[1],"tags":[],"class_list":["post-65541","post","type-post","status-publish","format-standard","hentry","category-hirek"],"acf":[],"_links":{"self":[{"href":"https:\/\/semmelweis.hu\/phd\/wp-json\/wp\/v2\/posts\/65541","targetHints":{"allow":["GET"]}}],"collection":[{"href":"https:\/\/semmelweis.hu\/phd\/wp-json\/wp\/v2\/posts"}],"about":[{"href":"https:\/\/semmelweis.hu\/phd\/wp-json\/wp\/v2\/types\/post"}],"author":[{"embeddable":true,"href":"https:\/\/semmelweis.hu\/phd\/wp-json\/wp\/v2\/users\/101719"}],"replies":[{"embeddable":true,"href":"https:\/\/semmelweis.hu\/phd\/wp-json\/wp\/v2\/comments?post=65541"}],"version-history":[{"count":3,"href":"https:\/\/semmelweis.hu\/phd\/wp-json\/wp\/v2\/posts\/65541\/revisions"}],"predecessor-version":[{"id":65547,"href":"https:\/\/semmelweis.hu\/phd\/wp-json\/wp\/v2\/posts\/65541\/revisions\/65547"}],"wp:attachment":[{"href":"https:\/\/semmelweis.hu\/phd\/wp-json\/wp\/v2\/media?parent=65541"}],"wp:term":[{"taxonomy":"category","embeddable":true,"href":"https:\/\/semmelweis.hu\/phd\/wp-json\/wp\/v2\/categories?post=65541"},{"taxonomy":"post_tag","embeddable":true,"href":"https:\/\/semmelweis.hu\/phd\/wp-json\/wp\/v2\/tags?post=65541"}],"curies":[{"name":"wp","href":"https:\/\/api.w.org\/{rel}","templated":true}]}}