{"id":64955,"date":"2025-06-30T11:43:36","date_gmt":"2025-06-30T09:43:36","guid":{"rendered":"https:\/\/semmelweis.hu\/phd\/?p=64955"},"modified":"2025-06-30T11:44:43","modified_gmt":"2025-06-30T09:44:43","slug":"gyogyszertechnologiai-es-ipari-gyogyszereszeti-konferencia-2025","status":"publish","type":"post","link":"https:\/\/semmelweis.hu\/phd\/2025\/06\/30\/gyogyszertechnologiai-es-ipari-gyogyszereszeti-konferencia-2025\/","title":{"rendered":"Gy\u00f3gyszertechnol\u00f3giai \u00e9s Ipari Gy\u00f3gyszer\u00e9szeti Konferencia 2025"},"content":{"rendered":"<div class=\"keretes w-100\">\n<h4 style=\"text-align: left\"><strong>Gy\u00f3gyszertechnol\u00f3giai \u00e9s Ipari Gy\u00f3gyszer\u00e9szeti Konferencia 2025<\/strong><\/h4>\n<\/div>\n<p><strong>Tisztelt Koll\u00e9gan\u0151\/Koll\u00e9ga! <\/strong><\/p>\n<p>Ez\u00faton szeretn\u00e9nk felh\u00edvni sz\u00edves figyelm\u00e9t, hogy az MGYT Gy\u00f3gyszertechnol\u00f3giai Szakoszt\u00e1lya \u00e9s Gy\u00f3gyszeripari Szervezete k\u00f6z\u00f6s szervez\u00e9s\u00e9ben ker\u00fcl megrendez\u00e9sre a<\/p>\n<p style=\"text-align: center\">\u201cGy\u00f3gyszertechnol\u00f3giai \u00e9s Ipari Gy\u00f3gyszer\u00e9szeti Konferencia 2025\u201d <br \/>\n2025. okt\u00f3ber 16-18 k\u00f6z\u00f6tt <br \/>\nSi\u00f3fokon a Hotel Az\u00farban****<\/p>\n<p>A konferencia \u00e9s tov\u00e1bbk\u00e9pz\u0151 program sz\u00e9les szakmai k\u00f6r \u00e9rdekl\u0151d\u00e9s\u00e9nek szeretne megfelelni, \u00edgy a gy\u00f3gyszertechnol\u00f3gia \u00e9s ipari gy\u00f3gyszer\u00e9szet \u00faj eredm\u00e9nyei mellett foglalkozni k\u00edv\u00e1n t\u00f6bbek k\u00f6z\u00f6tt a gy\u00f3gyszerkutat\u00e1s, a fejleszt\u00e9s, a gy\u00e1rt\u00e1s, az enged\u00e9lyez\u00e9s, a gy\u00f3gyszerell\u00e1t\u00e1s \u00e9s az oktat\u00e1s feladataival is.<\/p>\n<p><strong>A konferencia jelentkez\u00e9si hat\u00e1rideje, valamint az el\u0151ad\u00e1sok \u00e9s poszterek bejelent\u00e9s\u00e9nek hat\u00e1rideje: 2025. j\u00falius 31. <\/strong><\/p>\n<p>A r\u00f6vid \u00f6sszefoglal\u00f3kat (el\u0151ad\u00e1s \u00e9s poszter kateg\u00f3ria egyar\u00e1nt) 2025. augusztus 29-ig a rendezv\u00e9ny honlapj\u00e1n tal\u00e1lhat\u00f3 form\u00e1tumban elk\u00e9sz\u00edtve k\u00e9rj\u00fck elk\u00fcldeni. Az el\u0151ad\u00e1s\/poszter formai k\u00f6vetelm\u00e9nyei <strong><a href=\"https:\/\/semmelweis.hu\/phd\/files\/2025\/06\/Abstract-template-Siofok-2025.docx\">EZEN A LINKEN<\/a><\/strong>\u00a0\u00e9rhet\u0151ek el.<\/p>\n<p>Link: <a href=\"https:\/\/mgyt.hu\/gyogyszertechnologiai-es-ipari-gyogyszereszeti-konferencia-2025\/\">https:\/\/mgyt.hu\/gyogyszertechnologiai-es-ipari-gyogyszereszeti-konferencia-2025\/<\/a><\/p>\n<div class=\"fontos_div\">\n<p><strong>R\u00e9szv\u00e9teli d\u00edj<\/strong><\/p>\n<\/div>\n<p>A regisztr\u00e1ci\u00f3s d\u00edj tartalmazza a programokon val\u00f3 r\u00e9szv\u00e9telt, programf\u00fczetet, \u00e9tkez\u00e9seket \u00e9s k\u00e9t \u00e9jszakai sz\u00e1ll\u00e1st egy- vagy k\u00e9t\u00e1gyas elhelyez\u00e9ssel.<\/p>\n<p><strong>MGYT tag k\u00e9t\u00e1gyas<\/strong><br \/>\nKorai jelentkez\u00e9si d\u00edj (2025. j\u00falius 31-ig):\u00a0145.000 Ft+\u00c1FA<br \/>\nK\u00e9s\u0151i jelentkez\u00e9si d\u00edj (2025. szeptember 5-ig):\u00a0170.000 Ft+\u00c1FA<\/p>\n<p><strong>Nem MGYT tag k\u00e9t\u00e1gyas<\/strong><br \/>\nKorai jelentkez\u00e9si d\u00edj (2025. j\u00falius 31-ig):\u00a0160.000 Ft+\u00c1FA<br \/>\nK\u00e9s\u0151i jelentkez\u00e9si d\u00edj (2025. szeptember 5-ig):\u00a0180.000 Ft+\u00c1FA<\/p>\n<p><strong>MGYT tag PhD-hallgat\u00f3 k\u00e9t\u00e1gyas<\/strong><br \/>\nKorai jelentkez\u00e9si d\u00edj (2025. j\u00falius 31-ig):\u00a0125.000 Ft+\u00c1FA<br \/>\nK\u00e9s\u0151i jelentkez\u00e9si d\u00edj (2025. szeptember 5-ig):\u00a0135.000 Ft+\u00c1FA<\/p>\n<p><strong>Nem MGYT tag PhD-hallgat\u00f3 k\u00e9t\u00e1gyas<\/strong><br \/>\nKorai jelentkez\u00e9si d\u00edj (2025. j\u00falius 31-ig):\u00a0135.000 Ft+\u00c1FA<br \/>\nK\u00e9s\u0151i jelentkez\u00e9si d\u00edj (2025. szeptember 5-ig):\u00a0145.000 Ft+\u00c1FA<\/p>\n<p><strong>Egy\u00e1gyas fel\u00e1r \/2 \u00e9jszaka<\/strong><br \/>\nKorai jelentkez\u00e9si d\u00edj (2025. j\u00falius 31-ig):\u00a030.000 Ft+\u00c1FA<br \/>\nK\u00e9s\u0151i jelentkez\u00e9si d\u00edj (2025. szeptember 5-ig):\u00a032.000 Ft+\u00c1FA<\/p>\n<div class=\"fontos_div\">\n<p><strong>A Tudom\u00e1nyos Bizotts\u00e1g \u00e1ltal felk\u00e9rt el\u0151ad\u00f3k \u00e9s az el\u0151ad\u00e1saik t\u00e9m\u00e1ja<\/strong><\/p>\n<\/div>\n<p><strong>Budai-Sz\u0171cs M\u00e1ria<\/strong> (egyetemi docens \/ Szegedi Tudom\u00e1nyegyetem, Gy\u00f3gyszertechnol\u00f3giai \u00e9s Gy\u00f3gyszerfel\u00fcgyeleti Int\u00e9zet)<br \/>\nGy\u00f3gyszertechnol\u00f3giai kih\u00edv\u00e1sok a fog\u00e1gybetegs\u00e9gek lok\u00e1lis kezel\u00e9s\u00e9ben.<\/p>\n<p><strong>Kov\u00e1csn\u00e9 B\u00e1cskay Ildik\u00f3<\/strong> (tansz\u00e9kvezet\u0151 egyetemi tan\u00e1r \/ Debreceni Egyetem, Gy\u00f3gyszertechnol\u00f3giai Tansz\u00e9k)<br \/>\n3D nyomtat\u00e1s gy\u00f3gyszertechnol\u00f3giai kih\u00edv\u00e1sai, eredm\u00e9nyei<\/p>\n<p><strong>P\u00e1lfin\u00e9 Go\u00f3ts Herta<\/strong> (MAGYOTT eln\u00f6ke \/ Magyarorsz\u00e1gi Gy\u00f3gyszer T\u00f6rzsk\u00f6nyvez\u0151k T\u00e1rsas\u00e1ga)<br \/>\nAz Eur\u00f3pai Uni\u00f3 gy\u00f3gyszer\u00fcgyi szab\u00e1lyoz\u00e1s\u00e1nak reformja<\/p>\n<p><strong>Pardi Norbert<\/strong> (professzor \/ University of Pennsylvania)<br \/>\nAz mRNS-technol\u00f3gia j\u00f6v\u0151beli alkalmaz\u00e1sai<\/p>\n<p><strong>Poroszlai Csaba<\/strong> (vez\u00e9rigazgat\u00f3 \/ Egis Gy\u00f3gyszergy\u00e1r Zrt.)<br \/>\nGenerikus gy\u00f3gyszergy\u00e1rt\u00e1s \u2013 az ipar\u00e1g sz\u00e9ps\u00e9gei<\/p>\n<p><strong>Sipos Bal\u00e1zs<\/strong> (vez\u00e9rigazgat\u00f3 \/ B\u00e9res Gy\u00f3gyszergy\u00e1r Zrt.)<br \/>\nFenntarthat\u00f3 n\u00f6veked\u00e9s \u00e9s piaci alkalmazkod\u00e1s a hazai \u00e9s nemzetk\u00f6zi gy\u00f3gyszeriparban \u2013 B\u00e9res tapasztalatok<\/p>\n<p><strong>Szoly\u00e1k Tam\u00e1s<\/strong> (kereskedelmi igazgat\u00f3 \/ Richter Gedeon Nyrt.)<br \/>\nInnov\u00e1ci\u00f3, gy\u00f3gyszerregul\u00e1ci\u00f3 \u00e9s a gyors piacra jut\u00e1s kih\u00edv\u00e1sai a modern gy\u00f3gyszeriparban<\/p>\n<p><strong>Vid\u00e1n\u00e9 Erd\u0151 Franciska<\/strong> (egyetemi tan\u00e1r \/ P\u00e1zm\u00e1ny P\u00e9ter Katolikus Egyetem)<br \/>\n\u00dajabb eredm\u00e9nyek a biol\u00f3giai barriereken kereszt\u00fcli gy\u00f3gyszerbevitel ter\u00e9n (derm\u00e1lis, naz\u00e1lis, -ocul\u00e1ris, BBB)<\/p>\n<p>A konferencia tov\u00e1bbk\u00e9pz\u00e9si pontot igazol azoknak a koll\u00e9g\u00e1knak, akik erre 500 Ft-os pontj\u00f3v\u00e1\u00edr\u00e1si d\u00edj ellen\u00e9ben ig\u00e9nyt tartanak.<\/p>\n<p>A rendezv\u00e9nnyel kapcsolatos aktu\u00e1lis inform\u00e1ci\u00f3k <a href=\"http:\/\/www.mgyt.hu\">az MGYT honlapj\u00e1n<\/a>\u00a0\u00e9rhet\u0151k el.<\/p>\n<div class=\"fontos_div\">\n<p><strong>Regisztr\u00e1ci\u00f3<\/strong><\/p>\n<\/div>\n<p>A <a href=\"http:\/\/www.mgyt.hu\">www.mgyt.hu<\/a> honlapon tal\u00e1lhat\u00f3 jelentkez\u00e9si lap kit\u00f6lt\u00e9s\u00e9vel, on-line regisztr\u00e1ci\u00f3val lehets\u00e9ges.<\/p>\n<p>Link: <a href=\"https:\/\/mgyt.hu\/gyogyszertechnologiai-es-ipari-gyogyszereszeti-konferencia-2025\/\">https:\/\/mgyt.hu\/gyogyszertechnologiai-es-ipari-gyogyszereszeti-konferencia-2025\/ <\/a><\/p>\n<p>Inform\u00e1ci\u00f3: <br \/>\n<strong>Polonyi Adrienn<\/strong><br \/>\ntel.: +36-20-353-8638<br \/>\ne-mail: <a href=\"mailto:tagdij@mgyt.hu\">tagdij@mgyt.hu<\/a><\/p>\n<p><strong>ifj. Regdon G\u00e9za<\/strong><br \/>\nGy\u00f3gyszertechnol\u00f3giai Szakoszt\u00e1ly eln\u00f6ke<\/p>\n<p><strong>Kov\u00e1cs Krist\u00f3f<\/strong><br \/>\nGy\u00f3gyszeripari Szervezet eln\u00f6ke<\/p>\n<p><strong>Sebe Istv\u00e1n<\/strong><br \/>\nKonferencia Szervez\u00e9si Bizotts\u00e1g eln\u00f6ke<\/p>\n","protected":false},"excerpt":{"rendered":"<p>Gy\u00f3gyszertechnol\u00f3giai \u00e9s Ipari Gy\u00f3gyszer\u00e9szeti Konferencia 2025 Tisztelt Koll\u00e9gan\u0151\/Koll\u00e9ga! Ez\u00faton szeretn\u00e9nk felh\u00edvni sz\u00edves figyelm\u00e9t, hogy az MGYT Gy\u00f3gyszertechnol\u00f3giai Szakoszt\u00e1lya \u00e9s Gy\u00f3gyszeripari Szervezete k\u00f6z\u00f6s szervez\u00e9s\u00e9ben ker\u00fcl megrendez\u00e9sre a \u201cGy\u00f3gyszertechnol\u00f3giai \u00e9s Ipari Gy\u00f3gyszer\u00e9szeti Konferencia 2025\u201d 2025. okt\u00f3ber 16-18 k\u00f6z\u00f6tt Si\u00f3fokon a Hotel Az\u00farban**** A konferencia \u00e9s tov\u00e1bbk\u00e9pz\u0151 program sz\u00e9les szakmai k\u00f6r \u00e9rdekl\u0151d\u00e9s\u00e9nek szeretne megfelelni, \u00edgy a gy\u00f3gyszertechnol\u00f3gia \u00e9s &hellip;<\/p>\n","protected":false},"author":102199,"featured_media":0,"comment_status":"closed","ping_status":"closed","sticky":false,"template":"","format":"standard","meta":{"_acf_changed":false,"footnotes":""},"categories":[1],"tags":[],"class_list":["post-64955","post","type-post","status-publish","format-standard","hentry","category-hirek"],"acf":[],"_links":{"self":[{"href":"https:\/\/semmelweis.hu\/phd\/wp-json\/wp\/v2\/posts\/64955","targetHints":{"allow":["GET"]}}],"collection":[{"href":"https:\/\/semmelweis.hu\/phd\/wp-json\/wp\/v2\/posts"}],"about":[{"href":"https:\/\/semmelweis.hu\/phd\/wp-json\/wp\/v2\/types\/post"}],"author":[{"embeddable":true,"href":"https:\/\/semmelweis.hu\/phd\/wp-json\/wp\/v2\/users\/102199"}],"replies":[{"embeddable":true,"href":"https:\/\/semmelweis.hu\/phd\/wp-json\/wp\/v2\/comments?post=64955"}],"version-history":[{"count":3,"href":"https:\/\/semmelweis.hu\/phd\/wp-json\/wp\/v2\/posts\/64955\/revisions"}],"predecessor-version":[{"id":64959,"href":"https:\/\/semmelweis.hu\/phd\/wp-json\/wp\/v2\/posts\/64955\/revisions\/64959"}],"wp:attachment":[{"href":"https:\/\/semmelweis.hu\/phd\/wp-json\/wp\/v2\/media?parent=64955"}],"wp:term":[{"taxonomy":"category","embeddable":true,"href":"https:\/\/semmelweis.hu\/phd\/wp-json\/wp\/v2\/categories?post=64955"},{"taxonomy":"post_tag","embeddable":true,"href":"https:\/\/semmelweis.hu\/phd\/wp-json\/wp\/v2\/tags?post=64955"}],"curies":[{"name":"wp","href":"https:\/\/api.w.org\/{rel}","templated":true}]}}