{"id":64182,"date":"2025-03-25T10:47:37","date_gmt":"2025-03-25T09:47:37","guid":{"rendered":"https:\/\/semmelweis.hu\/phd\/?p=64182"},"modified":"2025-04-02T14:20:32","modified_gmt":"2025-04-02T12:20:32","slug":"phd-tudomanyos-napok-2025","status":"publish","type":"post","link":"https:\/\/semmelweis.hu\/phd\/2025\/03\/25\/phd-tudomanyos-napok-2025\/","title":{"rendered":"PhD Tudom\u00e1nyos Napok 2025"},"content":{"rendered":"<p>Kedves Hallgat\u00f3k!<\/p>\n<p>Id\u00e9n is megrendez\u00e9sre ker\u00fcl a PhD Tudom\u00e1nyos Napok, melynek c\u00e9lja, hogy lehet\u0151s\u00e9get adjon eddigi kutat\u00e1si eredm\u00e9nyek bemutat\u00e1s\u00e1ra, egyben az el\u0151ad\u00f3i k\u00e9pess\u00e9gek \u00e9s prezent\u00e1ci\u00f3s technik\u00e1k fejleszt\u00e9s\u00e9re, tov\u00e1bb\u00e1 j\u00f3 lehet\u0151s\u00e9g a kapcsolatteremt\u00e9sre \u00e9s egym\u00e1s munk\u00e1inak megismer\u00e9s\u00e9re.<\/p>\n<p>A konferencia id\u0151pontja \u00e9s helysz\u00edne:\u00a0<strong>2025. j\u00falius 7-9., Elm\u00e9leti Orvostudom\u00e1nyi K\u00f6zpont (Budapest, T\u0171zolt\u00f3 utca 37-47.)<\/strong><\/p>\n<p><strong>A konferencia honlapja: <\/strong><a href=\"https:\/\/phd-scientific-days.hu\/\">https:\/\/phd-scientific-days.hu\/<\/a><\/p>\n<p><strong>2025-ben\u00a0 ez az az int\u00e9zm\u00e9nyi rendezv\u00e9ny, amivel teljes\u00edthetik a EK\u00d6P,\u00a0 EK\u00d6P- KDP, SE250+ \u00f6szt\u00f6nd\u00edjszerz\u0151d\u00e9sben v\u00e1llalt k\u00f6telezetts\u00e9g\u00fcket az eredm\u00e9nyeik bemutat\u00e1s\u00e1ra.<\/strong><\/p>\n<p><strong>Az absztrakfelt\u00f6lt\u00e9s hat\u00e1rideje: 2025. m\u00e1jus 11.<\/strong> \u00a0<\/p>\n<p>Szeretettel v\u00e1runk mindenkit az idei PhD Tudom\u00e1nyos Napokra!<\/p>\n<p><strong>\u00a0 \u00a0 \u00a0 \u00a0 \u00a0 \u00a0 \u00a0 Dr. Beny\u00f3 Zolt\u00e1n\u00a0 \u00a0 \u00a0 \u00a0 \u00a0 \u00a0 \u00a0 \u00a0 \u00a0 \u00a0 \u00a0 \u00a0 \u00a0 \u00a0 \u00a0 \u00a0 \u00a0 \u00a0 \u00a0 \u00a0 \u00a0 \u00a0 \u00a0 \u00a0 \u00a0 \u00a0 \u00a0Dr. V\u00e1mosi P\u00e9ter<br \/>\n\u00a0 \u00a0 \u00a0 \u00a0 a Doktori Tan\u00e1cs eln\u00f6ke\u00a0 \u00a0 \u00a0 \u00a0 \u00a0 \u00a0 \u00a0 \u00a0 \u00a0 \u00a0 \u00a0 \u00a0 \u00a0 \u00a0 \u00a0a Doktorandusz \u00d6nkorm\u00e1nyzat eln\u00f6ke<br \/>\n\u00a0 \u00a0 \u00a0 \u00a0 \u00a0 \u00a0 \u00a0 \u00a0 \u00a0 \u00a0 \u00a0 \u00a0 \u00a0 \u00a0 \u00a0 \u00a0 \u00a0 \u00a0 \u00a0 \u00a0 \u00a0 \u00a0 \u00a0 \u00a0 \u00a0 \u00a0 \u00a0 \u00a0 \u00a0 \u00a0 \u00a0 \u00a0 \u00a0 \u00a0 \u00a0 \u00a0 \u00a0 \u00a0 \u00a0 \u00a0 \u00a0 \u00a0 \u00a0 \u00a0 \u00a0 \u00a0 \u00a0 \u00a0 \u00a0 \u00a0 \u00a0 \u00a0 \u00a0 \u00a0 \u00a0 \u00a0 \u00a0 \u00a0 \u00a0 \u00a0<\/strong><\/p>\n","protected":false},"excerpt":{"rendered":"<p>Kedves Hallgat\u00f3k! Id\u00e9n is megrendez\u00e9sre ker\u00fcl a PhD Tudom\u00e1nyos Napok, melynek c\u00e9lja, hogy lehet\u0151s\u00e9get adjon eddigi kutat\u00e1si eredm\u00e9nyek bemutat\u00e1s\u00e1ra, egyben az el\u0151ad\u00f3i k\u00e9pess\u00e9gek \u00e9s prezent\u00e1ci\u00f3s technik\u00e1k fejleszt\u00e9s\u00e9re, tov\u00e1bb\u00e1 j\u00f3 lehet\u0151s\u00e9g a kapcsolatteremt\u00e9sre \u00e9s egym\u00e1s munk\u00e1inak megismer\u00e9s\u00e9re. A konferencia id\u0151pontja \u00e9s helysz\u00edne:\u00a02025. j\u00falius 7-9., Elm\u00e9leti Orvostudom\u00e1nyi K\u00f6zpont (Budapest, T\u0171zolt\u00f3 utca 37-47.) A konferencia honlapja: <a href=\"https:\/\/phd-scientific-days.hu\/\">https:\/\/phd-scientific-days.hu\/<\/a> 2025-ben\u00a0 ez &hellip;<\/p>\n","protected":false},"author":102199,"featured_media":0,"comment_status":"closed","ping_status":"closed","sticky":false,"template":"","format":"standard","meta":{"_acf_changed":false,"footnotes":""},"categories":[1],"tags":[],"class_list":["post-64182","post","type-post","status-publish","format-standard","hentry","category-hirek"],"acf":[],"_links":{"self":[{"href":"https:\/\/semmelweis.hu\/phd\/wp-json\/wp\/v2\/posts\/64182","targetHints":{"allow":["GET"]}}],"collection":[{"href":"https:\/\/semmelweis.hu\/phd\/wp-json\/wp\/v2\/posts"}],"about":[{"href":"https:\/\/semmelweis.hu\/phd\/wp-json\/wp\/v2\/types\/post"}],"author":[{"embeddable":true,"href":"https:\/\/semmelweis.hu\/phd\/wp-json\/wp\/v2\/users\/102199"}],"replies":[{"embeddable":true,"href":"https:\/\/semmelweis.hu\/phd\/wp-json\/wp\/v2\/comments?post=64182"}],"version-history":[{"count":6,"href":"https:\/\/semmelweis.hu\/phd\/wp-json\/wp\/v2\/posts\/64182\/revisions"}],"predecessor-version":[{"id":64460,"href":"https:\/\/semmelweis.hu\/phd\/wp-json\/wp\/v2\/posts\/64182\/revisions\/64460"}],"wp:attachment":[{"href":"https:\/\/semmelweis.hu\/phd\/wp-json\/wp\/v2\/media?parent=64182"}],"wp:term":[{"taxonomy":"category","embeddable":true,"href":"https:\/\/semmelweis.hu\/phd\/wp-json\/wp\/v2\/categories?post=64182"},{"taxonomy":"post_tag","embeddable":true,"href":"https:\/\/semmelweis.hu\/phd\/wp-json\/wp\/v2\/tags?post=64182"}],"curies":[{"name":"wp","href":"https:\/\/api.w.org\/{rel}","templated":true}]}}