{"id":14939,"date":"2022-11-28T15:42:49","date_gmt":"2022-11-28T14:42:49","guid":{"rendered":"https:\/\/semmelweis.hu\/phd\/?p=14939"},"modified":"2023-01-10T13:53:24","modified_gmt":"2023-01-10T12:53:24","slug":"altalanos-mukodesi-szunet-a-doktori-hivatalban-2022-december-22-es-2023-januar-8-kozott","status":"publish","type":"post","link":"https:\/\/semmelweis.hu\/phd\/2022\/11\/28\/altalanos-mukodesi-szunet-a-doktori-hivatalban-2022-december-22-es-2023-januar-8-kozott\/","title":{"rendered":"\u00c1ltal\u00e1nos  m\u0171k\u00f6d\u00e9si sz\u00fcnet a Doktori Hivatalban 2022. december 22. \u00e9s 2023. janu\u00e1r 8. k\u00f6z\u00f6tt"},"content":{"rendered":"<p>Tisztelt PhD Hallgat\u00f3k!<\/p>\n<p>T\u00e1j\u00e9koztatjuk \u00d6n\u00f6ket, hogy\u00a0 az RKE\/11\/2022. (XI.23.) sz. rektori-kancell\u00e1ri-Klinikai K\u00f6zpont eln\u00f6ki utas\u00edt\u00e1s a Semmelweis Egyetem 2022. \u00e9v v\u00e9g\u00e9re \u00e9s 2023. \u00e9v elej\u00e9re vonatkoz\u00f3 egyes m\u0171k\u00f6d\u00e9si renddel \u00e9s a 2022\/23-as tan\u00e9vre ir\u00e1nyad\u00f3 egyes speci\u00e1lis int\u00e9zked\u00e9sekkel \u00f6sszef\u00fcgg\u0151 feladatokr\u00f3l\u00a0\u00c1ltal\u00e1nos M\u0171k\u00f6d\u00e9si Szab\u00e1lyok ( 3) bekezd\u00e9s a)\u00a0 pont hat\u00e1lya al\u00e1 tartozva\u00a0 a Doktori Hivatal\u00a0teljes tev\u00e9kenys\u00e9get sz\u00fcneteltet\u0151 szervezeti egys\u00e9g 2022. december 22. \u00e9s 2023. janu\u00e1r 8. k\u00f6z\u00f6tt. <a href=\"https:\/\/semmelweis.hu\/jogigfoig\/2022\/11\/24\/rke-11-2022-xi-23-sz-rektori-kancellari-klinikai-kozpont-elnoki-utasitas-a-semmelweis-egyetem-2022-ev-vegere-es-2023-ev-elejere-vonatkozo-egyes-mukodesi-renddel-es-a-2022-23-as-tanevre-iranyad\/\">https:\/\/semmelweis.hu\/jogigfoig\/2022\/11\/24\/rke-11-2022-xi-23-sz-rektori-kancellari-klinikai-kozpont-elnoki-utasitas-a-semmelweis-egyetem-2022-ev-vegere-es-2023-ev-elejere-vonatkozo-egyes-mukodesi-renddel-es-a-2022-23-as-tanevre-iranyad\/<\/a><\/p>\n<p>Az \u00e1ltal\u00e1nos m\u0171k\u00f6d\u00e9si sz\u00fcnet ideje alatt a munk\u00e1ltat\u00f3i jogk\u00f6r gyakorl\u00f3ja a 2022. \u00e9vre \u00e9s a 2023. \u00e9vre ir\u00e1nyad\u00f3 szabads\u00e1gok terh\u00e9re a munkav\u00e1llal\u00f3 r\u00e9sz\u00e9re szabads\u00e1got ad ki, \u00edgy a munkav\u00e9gz\u00e9s sz\u00fcnetel.<\/p>\n<p>Fentiekre vonatkoz\u00f3an k\u00e9rj\u00fck sz\u00edves meg\u00e9rt\u00e9s\u00fcket \u00e9s tanulm\u00e1nyi \u00fcgyeiknek ennek megfelel\u0151 tervez\u00e9s\u00e9t.<\/p>\n<p>&nbsp;<\/p>\n<p>&nbsp;<\/p>\n<p>T\u00f6lgyesi &#8211; Lov\u00e1sz Krisztina<\/p>\n<p>Doktori Hivatal<\/p>\n<p>hivatalvezet\u0151<\/p>\n","protected":false},"excerpt":{"rendered":"<p>Tisztelt PhD Hallgat\u00f3k! T\u00e1j\u00e9koztatjuk \u00d6n\u00f6ket, hogy\u00a0 az RKE\/11\/2022. (XI.23.) sz. rektori-kancell\u00e1ri-Klinikai K\u00f6zpont eln\u00f6ki utas\u00edt\u00e1s a Semmelweis Egyetem 2022. \u00e9v v\u00e9g\u00e9re \u00e9s 2023. \u00e9v elej\u00e9re vonatkoz\u00f3 egyes m\u0171k\u00f6d\u00e9si renddel \u00e9s a 2022\/23-as tan\u00e9vre ir\u00e1nyad\u00f3 egyes speci\u00e1lis int\u00e9zked\u00e9sekkel \u00f6sszef\u00fcgg\u0151 feladatokr\u00f3l\u00a0\u00c1ltal\u00e1nos M\u0171k\u00f6d\u00e9si Szab\u00e1lyok ( 3) bekezd\u00e9s a)\u00a0 pont hat\u00e1lya al\u00e1 tartozva\u00a0 a Doktori Hivatal\u00a0teljes tev\u00e9kenys\u00e9get sz\u00fcneteltet\u0151 szervezeti egys\u00e9g &hellip;<\/p>\n","protected":false},"author":101719,"featured_media":0,"comment_status":"closed","ping_status":"closed","sticky":false,"template":"","format":"standard","meta":{"_acf_changed":false,"footnotes":""},"categories":[1],"tags":[],"class_list":["post-14939","post","type-post","status-publish","format-standard","hentry","category-hirek"],"acf":[],"_links":{"self":[{"href":"https:\/\/semmelweis.hu\/phd\/wp-json\/wp\/v2\/posts\/14939","targetHints":{"allow":["GET"]}}],"collection":[{"href":"https:\/\/semmelweis.hu\/phd\/wp-json\/wp\/v2\/posts"}],"about":[{"href":"https:\/\/semmelweis.hu\/phd\/wp-json\/wp\/v2\/types\/post"}],"author":[{"embeddable":true,"href":"https:\/\/semmelweis.hu\/phd\/wp-json\/wp\/v2\/users\/101719"}],"replies":[{"embeddable":true,"href":"https:\/\/semmelweis.hu\/phd\/wp-json\/wp\/v2\/comments?post=14939"}],"version-history":[{"count":1,"href":"https:\/\/semmelweis.hu\/phd\/wp-json\/wp\/v2\/posts\/14939\/revisions"}],"predecessor-version":[{"id":14940,"href":"https:\/\/semmelweis.hu\/phd\/wp-json\/wp\/v2\/posts\/14939\/revisions\/14940"}],"wp:attachment":[{"href":"https:\/\/semmelweis.hu\/phd\/wp-json\/wp\/v2\/media?parent=14939"}],"wp:term":[{"taxonomy":"category","embeddable":true,"href":"https:\/\/semmelweis.hu\/phd\/wp-json\/wp\/v2\/categories?post=14939"},{"taxonomy":"post_tag","embeddable":true,"href":"https:\/\/semmelweis.hu\/phd\/wp-json\/wp\/v2\/tags?post=14939"}],"curies":[{"name":"wp","href":"https:\/\/api.w.org\/{rel}","templated":true}]}}