{"id":14804,"date":"2022-10-03T14:46:12","date_gmt":"2022-10-03T12:46:12","guid":{"rendered":"https:\/\/semmelweis.hu\/phd\/?p=14804"},"modified":"2022-10-03T15:03:55","modified_gmt":"2022-10-03T13:03:55","slug":"interdiszciplinaris-doktorandusz-konferencia","status":"publish","type":"post","link":"https:\/\/semmelweis.hu\/phd\/2022\/10\/03\/interdiszciplinaris-doktorandusz-konferencia\/","title":{"rendered":"Interdiszciplin\u00e1ris Doktorandusz Konferencia"},"content":{"rendered":"<p>Interdiszciplin\u00e1ris Doktorandusz Konferencia<br \/>\nKonferencia felh\u00edv\u00e1s<\/p>\n<p>A P\u00e9csi Tudom\u00e1nyegyetem Doktorandusz \u00d6nkorm\u00e1nyzata id\u00e9n is, imm\u00e1ron 11. alkalommal rendezi meg nemzetk\u00f6zi, sz\u00e1mos tudom\u00e1nyter\u00fcletet \u00f6sszefog\u00f3 szakmai programj\u00e1t, az <strong>Interdiszciplin\u00e1ris Doktorandusz Konferenci\u00e1t (IDK2022)<\/strong>.<br \/>\nRendezv\u00e9ny\u00fcnk az idei \u00e9vben online form\u00e1ban, az MS Teams fel\u00fclet\u00e9n ker\u00fcl megrendez\u00e9sre, <strong>2022.\u00a0 november 25-26.<\/strong> k\u00f6z\u00f6tt.<\/p>\n<p>A rendezv\u00e9ny alapvet\u0151 c\u00e9lja, hogy lehet\u0151s\u00e9get biztos\u00edtson hazai \u00e9s k\u00fclf\u00f6ldi fiatal kutat\u00f3k, els\u0151sorban doktoranduszok sz\u00e1m\u00e1ra tudom\u00e1nyos eredm\u00e9nyeik prezent\u00e1l\u00e1s\u00e1ra, szem\u00e9lyes \u00e9s szakmai kapcsolatok, valamint egy\u00fcttm\u0171k\u00f6d\u00e9sek ki\u00e9p\u00edt\u00e9s\u00e9re.<\/p>\n<p>Valamennyi tudom\u00e1nyter\u00fcletr\u0151l v\u00e1rjuk doktoranduszok, valamint kimagasl\u00f3 tudom\u00e1nyos munk\u00e1ss\u00e1ggal rendelkez\u0151 gradu\u00e1lis hallgat\u00f3k jelentkez\u00e9s\u00e9t.<\/p>\n<p>A kutat\u00e1si eredm\u00e9nyek bemutat\u00e1s\u00e1ra tudom\u00e1nyos el\u0151ad\u00e1s vagy poszter form\u00e1j\u00e1ban ny\u00edlik lehet\u0151s\u00e9g. A konferencia els\u0151dleges nyelve angol, magyar nyelv\u0171 prezent\u00e1ci\u00f3kat csak korl\u00e1tozott sz\u00e1mban fogadunk el.<\/p>\n<p>\nA rendezv\u00e9ny tudom\u00e1nyos tartalm\u00e1nak sz\u00e9lesebb k\u00f6rben val\u00f3 megismertet\u00e9se \u00e9rdek\u00e9ben el\u0151ad\u00f3ink sz\u00e1m\u00e1ra publik\u00e1l\u00e1si lehet\u0151s\u00e9get biztos\u00edtunk a konferencia ISBN sz\u00e1mmal ell\u00e1tott tanulm\u00e1nyk\u00f6tet\u00e9ben.<\/p>\n<p>A tudom\u00e1nyos absztraktok a regisztr\u00e1ci\u00f3t k\u00f6vet\u0151en <strong>2022. okt\u00f3ber 7.<\/strong> napj\u00e1ig t\u00f6lthet\u0151k fel <strong>a konferencia weblapj\u00e1ra<\/strong>.<\/p>\n<p>A konferenciak\u00f6tetbe sz\u00e1nt tanulm\u00e1nyokat <strong>2023. janu\u00e1r 6.<\/strong> napj\u00e1ig lesz lehet\u0151s\u00e9g az <a href=\"mailto:info.idk@pte.hu\">info.idk@pte.hu<\/a> c\u00edmre e-mailben megk\u00fcldeni.<\/p>\n<p>\n<strong>Regisztr\u00e1ci\u00f3s d\u00edj: 5000 Ft<\/strong><\/p>\n<div id=\"GroupWiseSection_1664797866000_tolgyesi_lovasz.krisztina@phd.semmelweis-univ.hu_8940760118CF0000B0E8000000000000_\" class=\"GroupWiseMessageBody active\">\n<div>\n<div><strong>Amennyiben bek\u00fcldik a Doktori Hivatalba a regisztr\u00e1ci\u00f3juk m\u00e1solat\u00e1t, \u00fagy a Doktori Iskola \u00e1tv\u00e1llalja a regisztr\u00e1ci\u00f3s d\u00edj befizet\u00e9s\u00e9t.<\/strong><\/div>\n<\/div>\n<\/div>\n<p>\nB\u0151vebb inform\u00e1ci\u00f3k\u00e9rt k\u00e9rj\u00fck, keresse fel a konferencia <a href=\"https:\/\/dok.pte.hu\/hu\/idk\"><strong>weboldal\u00e1t<\/strong><\/a> illetve figyelje a konferencia <a href=\"https:\/\/www.facebook.com\/ptedok\"><strong>Facebook oldal\u00e1t<\/strong><\/a>.<\/p>\n<p>Amennyiben k\u00e9rd\u00e9se mer\u00fclne fel a rendezv\u00e9nnyel kapcsolatban, forduljon bizalommal a szervez\u0151bizotts\u00e1g tagjai fel\u00e9 az <a href=\"mailto:info.idk@pte.hu\">info.idk@pte.hu<\/a> e-mail c\u00edmen!<\/p>\n<p>R\u00e9szv\u00e9tel\u00e9ben b\u00edzva, \u00fcdv\u00f6zlettel,<br \/>\n<strong>Balogh M\u00e1rton<\/strong><br \/>\neln\u00f6k<br \/>\nP\u00e9csi Tudom\u00e1nyegyetem<br \/>\nDoktorandusz \u00d6nkorm\u00e1nyzat<\/p>\n","protected":false},"excerpt":{"rendered":"<p>Interdiszciplin\u00e1ris Doktorandusz Konferencia Konferencia felh\u00edv\u00e1s A P\u00e9csi Tudom\u00e1nyegyetem Doktorandusz \u00d6nkorm\u00e1nyzata id\u00e9n is, imm\u00e1ron 11. alkalommal rendezi meg nemzetk\u00f6zi, sz\u00e1mos tudom\u00e1nyter\u00fcletet \u00f6sszefog\u00f3 szakmai programj\u00e1t, az Interdiszciplin\u00e1ris Doktorandusz Konferenci\u00e1t (IDK2022). Rendezv\u00e9ny\u00fcnk az idei \u00e9vben online form\u00e1ban, az MS Teams fel\u00fclet\u00e9n ker\u00fcl megrendez\u00e9sre, 2022.\u00a0 november 25-26. k\u00f6z\u00f6tt. A rendezv\u00e9ny alapvet\u0151 c\u00e9lja, hogy lehet\u0151s\u00e9get biztos\u00edtson hazai \u00e9s k\u00fclf\u00f6ldi fiatal &hellip;<\/p>\n","protected":false},"author":101719,"featured_media":0,"comment_status":"closed","ping_status":"closed","sticky":false,"template":"","format":"standard","meta":{"_acf_changed":false,"footnotes":""},"categories":[1],"tags":[],"class_list":["post-14804","post","type-post","status-publish","format-standard","hentry","category-hirek"],"acf":[],"_links":{"self":[{"href":"https:\/\/semmelweis.hu\/phd\/wp-json\/wp\/v2\/posts\/14804","targetHints":{"allow":["GET"]}}],"collection":[{"href":"https:\/\/semmelweis.hu\/phd\/wp-json\/wp\/v2\/posts"}],"about":[{"href":"https:\/\/semmelweis.hu\/phd\/wp-json\/wp\/v2\/types\/post"}],"author":[{"embeddable":true,"href":"https:\/\/semmelweis.hu\/phd\/wp-json\/wp\/v2\/users\/101719"}],"replies":[{"embeddable":true,"href":"https:\/\/semmelweis.hu\/phd\/wp-json\/wp\/v2\/comments?post=14804"}],"version-history":[{"count":3,"href":"https:\/\/semmelweis.hu\/phd\/wp-json\/wp\/v2\/posts\/14804\/revisions"}],"predecessor-version":[{"id":14816,"href":"https:\/\/semmelweis.hu\/phd\/wp-json\/wp\/v2\/posts\/14804\/revisions\/14816"}],"wp:attachment":[{"href":"https:\/\/semmelweis.hu\/phd\/wp-json\/wp\/v2\/media?parent=14804"}],"wp:term":[{"taxonomy":"category","embeddable":true,"href":"https:\/\/semmelweis.hu\/phd\/wp-json\/wp\/v2\/categories?post=14804"},{"taxonomy":"post_tag","embeddable":true,"href":"https:\/\/semmelweis.hu\/phd\/wp-json\/wp\/v2\/tags?post=14804"}],"curies":[{"name":"wp","href":"https:\/\/api.w.org\/{rel}","templated":true}]}}