{"id":14802,"date":"2022-10-03T14:38:55","date_gmt":"2022-10-03T12:38:55","guid":{"rendered":"https:\/\/semmelweis.hu\/phd\/?p=14802"},"modified":"2022-10-03T15:05:12","modified_gmt":"2022-10-03T13:05:12","slug":"trianon-doktorandusz-konferenciasorozat","status":"publish","type":"post","link":"https:\/\/semmelweis.hu\/phd\/2022\/10\/03\/trianon-doktorandusz-konferenciasorozat\/","title":{"rendered":"TRIANON \u2013 DOKTORANDUSZ KONFERENCIASOROZAT"},"content":{"rendered":"<p>A Doktoranduszok Orsz\u00e1gos Sz\u00f6vets\u00e9ge (DOSZ) \u00f6r\u00f6mmel \u00e9rtes\u00edti a doktoranduszokat, doktorjel\u00f6lteket, fiatal kutat\u00f3kat, mesterszakos hallgat\u00f3kat, hogy <strong>2022. november 4-\u00e9n<\/strong> a <strong>P\u00e9csi Tudom\u00e1nyegyetemmel<\/strong> egy\u00fcttm\u0171k\u00f6d\u00e9sben megrendezi a Trianon \u2013 Doktorandusz Konferenciasorozat elnevez\u00e9s\u0171 multidiszciplin\u00e1ris, tudom\u00e1nyos konferenci\u00e1j\u00e1t.<br \/>\nA DOSZ a 2022. \u00e9vi Trianon \u2013 Doktorandusz Konferenciasorozatot a kor\u00e1bbi \u00e9vek doktorandusz rendezv\u00e9nyeinek megfelel\u0151en, <strong>magyar, illetve angol<\/strong> munkanyelv\u0171 rendezv\u00e9nyk\u00e9nt hirdeti meg. A kutat\u00e1si eredm\u00e9nyek bemutat\u00e1s\u00e1ra tudom\u00e1nyos <strong>el\u0151ad\u00e1s<\/strong> form\u00e1j\u00e1ban ny\u00edlik lehet\u0151s\u00e9g.<br \/>\nA Trianon \u2013 Doktorandusz Konferenciasorozat egyes rendezv\u00e9nyeire azon doktoranduszok, fiatal kutat\u00f3k \u00e9s mesterszakos hallgat\u00f3k jelentkez\u00e9s\u00e9t v\u00e1rjuk, akik a trianoni b\u00e9keszerz\u0151d\u00e9s hat\u00e1sait (pl. gazdas\u00e1gi, biztons\u00e1g- \u00e9s katonapolitikai, diplom\u00e1ciai, politikai, kultur\u00e1lis, t\u00e1rsadalmi, eg\u00e9szs\u00e9g\u00fcgyi, demogr\u00e1fiai, geopolitikai) vizsg\u00e1lj\u00e1k a saj\u00e1t tudom\u00e1nyter\u00fclet\u00fck\u00f6n bel\u00fcl avagy p\u00e1rhuzamot tudnak vonni a saj\u00e1t kutat\u00e1si t\u00e9m\u00e1jukban sz\u00fcletett eredm\u00e9nyeik \u00e9s a trianoni b\u00e9keszerz\u0151d\u00e9s m\u00e1r ismert vagy \u00faj aspektusai k\u00f6z\u00f6tt.<\/p>\n<p style=\"text-align: center\">\n<strong>Regisztr\u00e1ci\u00f3<\/strong><\/p>\n<p style=\"text-align: left\">\nA konferenci\u00e1n t\u00f6rt\u00e9n\u0151 r\u00e9szv\u00e9tel el\u0151zetes regisztr\u00e1ci\u00f3hoz k\u00f6t\u00f6tt. A regisztr\u00e1ci\u00f3s fel\u00fclet el\u00e9rhet\u0151 a <strong>DOSZ<\/strong> honlapj\u00e1n (<a href=\"https:\/\/dosz.hu\/url\/trianon_pecs\">https:\/\/dosz.hu\/url\/trianon_pecs<\/a>). A regisztr\u00e1ci\u00f3 sor\u00e1n a k\u00f6nnyebb kommunik\u00e1ci\u00f3 \u00e9rdek\u00e9ben a jelentkez\u0151knek meg kell adniuk az el\u00e9rhet\u0151s\u00e9gi adataikat. A megadott adatok kezel\u00e9se az adatv\u00e9delmi szab\u00e1lyzat szerint t\u00f6rt\u00e9nik. A regisztr\u00e1ci\u00f3 <strong>els\u0151 k\u00f6rben egy<\/strong> minimum 1800, maximum 3600 karakter terjedelm\u0171 <strong>absztrakt<\/strong> beny\u00fajt\u00e1s\u00e1val v\u00e1lik \u00e9rv\u00e9nyess\u00e9. Az absztrakt a jelentkez\u0151 tudom\u00e1nyos munk\u00e1j\u00e1nak kivonata, amelyben a kutat\u00e1s h\u00e1tter\u00e9nek bemutat\u00e1sa, a tudom\u00e1nyos kutat\u00e1s c\u00e9lja, k\u00e9rd\u00e9sfelvet\u00e9se, majd az eddig el\u00e9rt eredm\u00e9nyek \u00e9s a tov\u00e1bbi lehet\u0151s\u00e9gek ker\u00fclnek r\u00f6viden \u00f6sszefoglal\u00e1sra, hivatkoz\u00e1sok n\u00e9lk\u00fcl, a tudom\u00e1nyos \u00edr\u00e1s formai \u00e9s tartalmi k\u00f6vetelm\u00e9nyeinek megfelelve. A t\u00e9m\u00e1t k\u00f6r\u00fcl\u00edr\u00f3 \u00f6t kulcssz\u00f3 megad\u00e1sa is k\u00f6telez\u0151. Az absztrakt felt\u00f6lt\u00e9se csak a regisztr\u00e1ci\u00f3s fel\u00fcleten kereszt\u00fcl lehets\u00e9ges. E-mailben \u00e9s egy\u00e9b kommunik\u00e1ci\u00f3s csatorn\u00e1n a szervez\u0151knek nem \u00e1ll m\u00f3djukban kezelni a jelentkez\u00e9seket.<\/p>\n<p style=\"text-align: left\">\n<strong>A jelentkez\u00e9s \u00e9s absztraktok lead\u00e1si hat\u00e1rideje: 2022. okt\u00f3ber 7. 23:59<\/strong><\/p>\n<p style=\"text-align: left\">\nA szervez\u0151k minden absztraktot lektor\u00e1l\u00e1si folyamatnak vetnek al\u00e1, amely\u00e9rt a DOSZ az adott tudom\u00e1ny\u00e1gban illet\u00e9kes Tudom\u00e1nyos Oszt\u00e1lya felel. Az absztrakt b\u00edr\u00e1lat eredm\u00e9ny\u00e9r\u0151l a jelentkez\u0151k tervezetten <strong>2022. okt\u00f3ber 16-ig elektronikus \u00e9rtes\u00edt\u00e9st<\/strong> kapnak. Amennyiben a<br \/>\ntudom\u00e1nyter\u00fcletileg illet\u00e9kes Tudom\u00e1nyos Oszt\u00e1ly b\u00edr\u00e1l\u00f3i az absztrakt alapvet\u0151 tudom\u00e1nyoss\u00e1gi krit\u00e9rium\u00e1r\u00f3l nem gy\u0151z\u0151dnek meg, az a jelentkez\u00e9s elutas\u00edt\u00e1s\u00e1t vonja maga ut\u00e1n. Az esetleges elutas\u00edt\u00e1sokkal kapcsolatban a relev\u00e1ns Tudom\u00e1nyos Oszt\u00e1lyokn\u00e1l k\u00e9rhet\u0151 r\u00e9szletes t\u00e1j\u00e9koztat\u00e1s. A Tudom\u00e1nyos Oszt\u00e1lyok el\u00e9rhet\u0151s\u00e9gei a honlapon megtal\u00e1lhat\u00f3ak. <strong>A p\u00e1ly\u00e1zati anyagban hi\u00e1nyp\u00f3tl\u00e1snak helye nincs, hat\u00e1rid\u0151n t\u00fali regisztr\u00e1ci\u00f3 nem fogadhat\u00f3 el.<br \/>\n<\/strong><br \/>\nAz absztraktok befogad\u00e1s\u00e1t k\u00f6vet\u0151en a jelentkez\u0151 a v\u00e1lasztott regisztr\u00e1ci\u00f3s csomag szerinti <strong>regisztr\u00e1ci\u00f3s d\u00edj befizet\u00e9s\u00e9re vonatkoz\u00f3 \u00e9rtes\u00edt\u00e9st kap<\/strong>. A szervez\u0151knek a regisztr\u00e1ci\u00f3s d\u00edjat a konferenci\u00e1n val\u00f3 r\u00e9szv\u00e9tel hi\u00e1ny\u00e1ban nem \u00e1ll m\u00f3djukban visszat\u00e9r\u00edteni.<\/p>\n<p>A Konferencia tervezett szekci\u00f3i:<br \/>\n\u2022 eg\u00e9szs\u00e9g\u00fcgyi,<br \/>\n\u2022 demogr\u00e1fiai,<br \/>\n\u2022 geopolitikai,<br \/>\n\u2022 n\u00e9pl\u00e9lektani.<\/p>\n<p>A Szervez\u0151bizotts\u00e1g fenntartja a jogot az el\u0151ad\u00f3k szekci\u00f3k k\u00f6z\u00f6tti \u00e1tsorol\u00e1s\u00e1ra, illetve az egyes tudom\u00e1ny\u00e1gi szekci\u00f3k a jelentkez\u00e9sek sz\u00e1m\u00e1t\u00f3l f\u00fcgg\u0151 \u00f6sszevon\u00e1s\u00e1ra vagy feloszt\u00e1s\u00e1ra.<\/p>\n<p style=\"text-align: center\">\n<strong>El\u0151ad\u00f3i d\u00edjak<\/strong><\/p>\n<p style=\"text-align: center\">\u00c1llom\u00e1sonk\u00e9nt \u00e9s szekci\u00f3nk\u00e9nt a helyezettek d\u00edjaz\u00e1sa <br \/>\n1. hely brutt\u00f3 125 000 Ft, 2. hely brutt\u00f3 75 000 Ft, 3. hely brutt\u00f3 50 000 Ft.<\/p>\n<p style=\"text-align: center\"><strong>Konferenciak\u00f6tet 2022<\/strong><br \/>\nA Konferenci\u00e1n elhangzott el\u0151ad\u00e1sok tudom\u00e1nyos \u00edr\u00e1sos kivonatai lektor\u00e1lt, ISBN-sz\u00e1mmal ell\u00e1tott online Konferenciak\u00f6tet form\u00e1j\u00e1ban ker\u00fclnek publik\u00e1l\u00e1sra, amelynek szakmai \u00e9s formai krit\u00e9riumair\u00f3l a szervez\u0151k a rendezv\u00e9nyt k\u00f6vet\u0151en ny\u00fajtanak t\u00e1j\u00e9koztat\u00e1st.<\/p>\n<p style=\"text-align: center\"><strong>Fontosabb hat\u00e1rid\u0151k<\/strong><br \/>\n<strong>2022. okt\u00f3ber 7.<\/strong> A regisztr\u00e1ci\u00f3 \u00e9s az absztraktok lead\u00e1s\u00e1nak hat\u00e1rideje.<br \/>\n<strong>2022. okt\u00f3ber 16.<\/strong> A jelentkez\u0151k ki\u00e9rtes\u00edt\u00e9se az absztraktok elb\u00edr\u00e1l\u00e1s\u00e1r\u00f3l.<br \/>\n<strong>2022. november 4.<\/strong> A Konferencia (szekci\u00f3 el\u0151ad\u00e1sok p\u00e9nteken)<\/p>\n<p style=\"text-align: center\"><strong>R\u00e9szv\u00e9teli d\u00edj<\/strong><\/p>\n<p style=\"text-align: left\">\nA. <strong>Teljes r\u00e9szv\u00e9teli d\u00edj*: 10.000 Ft\/f\u0151<\/strong> (amely tartalmazza: a r\u00e9szv\u00e9teli lehet\u0151s\u00e9get a Konferencia teljes idej\u00e9re, el\u0151ad\u00e1si lehet\u0151s\u00e9get (egy tudom\u00e1nyos el\u0151ad\u00e1s), publik\u00e1l\u00e1si lehet\u0151s\u00e9get, eb\u00e9d \u00e9s k\u00e1v\u00e9sz\u00fcnet ell\u00e1t\u00e1st a Konferencia ideje alatt).<br \/>\nB. <strong>R\u00e9szv\u00e9teli d\u00edj a DOSZ Tudom\u00e1nyos Oszt\u00e1lyainak 2022. szeptember 15-ig felv\u00e9telt nyert rendes tagjai r\u00e9sz\u00e9re*: 8.000 Ft\/f\u0151<\/strong> (amely tartalmazza: a r\u00e9szv\u00e9teli lehet\u0151s\u00e9get a Konferencia teljes idej\u00e9re, el\u0151ad\u00e1si lehet\u0151s\u00e9get (egy tudom\u00e1nyos el\u0151ad\u00e1s), publik\u00e1l\u00e1si lehet\u0151s\u00e9get, eb\u00e9d \u00e9s k\u00e1v\u00e9sz\u00fcnet ell\u00e1t\u00e1st a Konferencia ideje alatt).<br \/>\nC. <strong>R\u00e9szv\u00e9teli d\u00edj a P\u00e9csi Tudom\u00e1nyegyetem hallgat\u00f3i r\u00e9sz\u00e9re*: 8.000 Ft\/f\u0151<\/strong> (amely tartalmazza: a r\u00e9szv\u00e9teli lehet\u0151s\u00e9get a Konferencia teljes idej\u00e9re, el\u0151ad\u00e1si lehet\u0151s\u00e9get (egy tudom\u00e1nyos el\u0151ad\u00e1s), publik\u00e1l\u00e1si lehet\u0151s\u00e9get, eb\u00e9d \u00e9s k\u00e1v\u00e9sz\u00fcnet ell\u00e1t\u00e1st a Konferencia ideje alatt)<\/p>\n<p style=\"text-align: left\">* A konferenci\u00e1n a regisztr\u00e1ci\u00f3s d\u00edj befizet\u00e9s\u00e9vel ny\u00edlik lehet\u0151s\u00e9g egy tudom\u00e1nyos el\u0151ad\u00e1s megtart\u00e1s\u00e1ra.<\/p>\n<div id=\"GroupWiseSection_1664797866000_tolgyesi_lovasz.krisztina@phd.semmelweis-univ.hu_8940760118CF0000B0E8000000000000_\" class=\"GroupWiseMessageBody active\">\n<div>\n<div><strong>Amennyiben bek\u00fcldik a Doktori Hivatalba a regisztr\u00e1ci\u00f3juk m\u00e1solat\u00e1t, \u00fagy a Doktori Iskola \u00e1tv\u00e1llalja a regisztr\u00e1ci\u00f3s d\u00edj befizet\u00e9s\u00e9t.<\/strong><\/div>\n<\/div>\n<\/div>\n<p style=\"text-align: left\">\n<strong>A befizet\u00e9ssel kapcsolatos t\u00e1j\u00e9koztat\u00f3 az absztrakt befogad\u00e1s\u00e1r\u00f3l sz\u00f3l\u00f3 \u00e9rtes\u00edt\u00e9st k\u00f6vet\u0151en ker\u00fcl kik\u00fcld\u00e9sre a jelentkez\u0151knek.<\/p>\n<p><\/strong>Tov\u00e1bbi inform\u00e1ci\u00f3\u00e9rt k\u00e9rj\u00fck, l\u00e1togasson el a <a href=\"http:\/\/www.dosz.hu\">www.dosz.hu<\/a> weboldalra vagy forduljon bizalommal a Konferencia szervez\u0151ihez:<br \/>\n\u25cf Konferenci\u00e1val kapcsolatban: Polg\u00e1r Petra Ibolya (PTE DOK, <a href=\"mailto:polgar.petra.ibolya@pte.hu\">polgar.petra.ibolya@pte.hu<\/a>)<br \/>\n\u25cf Sz\u00e1ml\u00e1z\u00e1ssal kapcsolatban: Kopcsjak Tam\u00e1s J\u00e1nos (DOSZ, <a href=\"mailto:iroda@dosz.hu\">iroda@dosz.hu<\/a>)<\/p>\n<p style=\"text-align: left\">A programv\u00e1ltoz\u00e1s jog\u00e1t a szervez\u0151k fenntartj\u00e1k.<br \/>\nBudapest, 2022. szeptember 18.<\/p>\n<p>Moln\u00e1r D\u00e1niel s.k.<br \/>\neln\u00f6k<br \/>\nDoktoranduszok Orsz\u00e1gos Sz\u00f6vets\u00e9ge<\/p>\n","protected":false},"excerpt":{"rendered":"<p>A Doktoranduszok Orsz\u00e1gos Sz\u00f6vets\u00e9ge (DOSZ) \u00f6r\u00f6mmel \u00e9rtes\u00edti a doktoranduszokat, doktorjel\u00f6lteket, fiatal kutat\u00f3kat, mesterszakos hallgat\u00f3kat, hogy 2022. november 4-\u00e9n a P\u00e9csi Tudom\u00e1nyegyetemmel egy\u00fcttm\u0171k\u00f6d\u00e9sben megrendezi a Trianon \u2013 Doktorandusz Konferenciasorozat elnevez\u00e9s\u0171 multidiszciplin\u00e1ris, tudom\u00e1nyos konferenci\u00e1j\u00e1t. A DOSZ a 2022. \u00e9vi Trianon \u2013 Doktorandusz Konferenciasorozatot a kor\u00e1bbi \u00e9vek doktorandusz rendezv\u00e9nyeinek megfelel\u0151en, magyar, illetve angol munkanyelv\u0171 rendezv\u00e9nyk\u00e9nt hirdeti meg. A &hellip;<\/p>\n","protected":false},"author":101719,"featured_media":0,"comment_status":"closed","ping_status":"closed","sticky":false,"template":"","format":"standard","meta":{"_acf_changed":false,"footnotes":""},"categories":[1],"tags":[],"class_list":["post-14802","post","type-post","status-publish","format-standard","hentry","category-hirek"],"acf":[],"_links":{"self":[{"href":"https:\/\/semmelweis.hu\/phd\/wp-json\/wp\/v2\/posts\/14802","targetHints":{"allow":["GET"]}}],"collection":[{"href":"https:\/\/semmelweis.hu\/phd\/wp-json\/wp\/v2\/posts"}],"about":[{"href":"https:\/\/semmelweis.hu\/phd\/wp-json\/wp\/v2\/types\/post"}],"author":[{"embeddable":true,"href":"https:\/\/semmelweis.hu\/phd\/wp-json\/wp\/v2\/users\/101719"}],"replies":[{"embeddable":true,"href":"https:\/\/semmelweis.hu\/phd\/wp-json\/wp\/v2\/comments?post=14802"}],"version-history":[{"count":3,"href":"https:\/\/semmelweis.hu\/phd\/wp-json\/wp\/v2\/posts\/14802\/revisions"}],"predecessor-version":[{"id":14818,"href":"https:\/\/semmelweis.hu\/phd\/wp-json\/wp\/v2\/posts\/14802\/revisions\/14818"}],"wp:attachment":[{"href":"https:\/\/semmelweis.hu\/phd\/wp-json\/wp\/v2\/media?parent=14802"}],"wp:term":[{"taxonomy":"category","embeddable":true,"href":"https:\/\/semmelweis.hu\/phd\/wp-json\/wp\/v2\/categories?post=14802"},{"taxonomy":"post_tag","embeddable":true,"href":"https:\/\/semmelweis.hu\/phd\/wp-json\/wp\/v2\/tags?post=14802"}],"curies":[{"name":"wp","href":"https:\/\/api.w.org\/{rel}","templated":true}]}}