{"id":10728,"date":"2019-10-30T11:25:27","date_gmt":"2019-10-30T10:25:27","guid":{"rendered":"http:\/\/semmelweis.hu\/phd\/?p=10728"},"modified":"2020-03-31T19:12:26","modified_gmt":"2020-03-31T17:12:26","slug":"biologiai-gyogyszerek-eloallitasa-jellemzese","status":"publish","type":"post","link":"https:\/\/semmelweis.hu\/phd\/2019\/10\/30\/biologiai-gyogyszerek-eloallitasa-jellemzese\/","title":{"rendered":"Biol\u00f3giai gy\u00f3gyszerek el\u0151\u00e1ll\u00edt\u00e1sa, jellemz\u00e9se"},"content":{"rendered":"<p><strong>MEGH\u00cdV\u00d3\u00a0\u00a0\u00a0\u00a0\u00a0\u00a0\u00a0\u00a0\u00a0\u00a0\u00a0\u00a0\u00a0\u00a0\u00a0\u00a0\u00a0\u00a0\u00a0\u00a0\u00a0\u00a0\u00a0\u00a0\u00a0\u00a0\u00a0\u00a0\u00a0\u00a0\u00a0\u00a0\u00a0\u00a0\u00a0\u00a0 <\/strong><\/p>\n<p>&nbsp;<\/p>\n<p><em>A Semmelweis Egyetem, Gy\u00f3gyszer\u00e9szeti Int\u00e9zet\u00e9nek \u00e9s az ELTE K\u00e9miai Int\u00e9zet\u00e9nek k\u00f6z\u00f6s szervez\u00e9s\u00e9ben megval\u00f3sul\u00f3<\/em><\/p>\n<p><em>\u201eBiol\u00f3giai gy\u00f3gyszerek el\u0151\u00e1ll\u00edt\u00e1sa, jellemz\u00e9se\u201d<\/em><\/p>\n<p>c\u00edm\u0171 \u0151szi iskol\u00e1ra,<\/p>\n<p>amelynek id\u0151pontja: 2019.11. 21-22.<\/p>\n<p>helysz\u00edne: SE Gy\u00f3gyszer\u00e9sztudom\u00e1nyi Kar<\/p>\n<p>&nbsp;<\/p>\n<p>Az \u0151szi iskola c\u00e9lkit\u0171z\u00e9se olyan \u00fajszer\u0171, intenz\u00edv kurzus megval\u00f3s\u00edt\u00e1sa, amely jelent\u0151sen hozz\u00e1j\u00e1rulhat a biol\u00f3giai gy\u00f3gyszerek kutat\u00e1s\u00e1val, vizsg\u00e1lat\u00e1val foglalkoz\u00f3 kutat\u00f3k ismereteinek b\u0151v\u00edt\u00e9s\u00e9hez, \u00faj lehet\u0151s\u00e9gek, gyakorlati alkalmaz\u00e1sok megismer\u00e9s\u00e9hez. A kurzus seg\u00edti a feh\u00e9rjetudom\u00e1nyok ter\u00fclet\u00e9n fontos biotechnol\u00f3giai, analitikai, valamint szerkezetkutat\u00e1si m\u00f3dszerek sz\u00e9lesebb k\u00f6rben val\u00f3 megismer\u00e9s\u00e9t.<\/p>\n<p>Ezen t\u00falmen\u0151en fontos c\u00e9l a r\u00e9sztvev\u0151 kutat\u00f3k k\u00f6z\u00f6tti kapcsolat\u00e9p\u00edt\u00e9s, \u00faj tudom\u00e1nyos egy\u00fcttm\u0171k\u00f6d\u00e9sek kialak\u00edt\u00e1sa is.<\/p>\n<p>A kurzusra els\u0151sorban olyan fiatal kutat\u00f3k, PhD hallgat\u00f3k \u00e9s posztdoktori kutat\u00f3k jelentkez\u00e9s\u00e9t v\u00e1rjuk, akik munk\u00e1juk sor\u00e1n az itt szerzett tapasztalataikat hasznos\u00edtani tudj\u00e1k, \u00e9s\/vagy a j\u00f6v\u0151ben ilyen ir\u00e1ny\u00fa kutat\u00f3munk\u00e1t terveznek.<\/p>\n<p>&nbsp;<\/p>\n<p>A kurzus az FSA \u201eStrukt\u00farav\u00e1lt\u00e1s a makromolekul\u00e1ris \u00e9s biol\u00f3giai gy\u00f3gyszerek oktat\u00e1s\u00e1ban \u00e9s kutat\u00e1s\u00e1ban\u201d, valamint a MedInProt 2.0 -HunProtExc p\u00e1ly\u00e1zat keret\u00e9ben (2018-1.2.1-NKP-2018-00005 sz\u00e1m\u00fa, Nemzeti Kutat\u00e1si Fejleszt\u00e9si \u00e9s Innov\u00e1ci\u00f3s Alapb\u00f3l t\u00e1mogatott projekt) val\u00f3sul meg.<\/p>\n<p>Jelentkez\u00e9s: a mell\u00e9kelt adatlap visszak\u00fcld\u00e9s\u00e9vel a <a href=\"mailto:ludanyi.krisztina@pharma.semmelweis-univ.hu\">ludanyi.krisztina@pharma.semmelweis-univ.hu<\/a> vagy a <a href=\"mailto:sch@chem.elte.hu\">sch@chem.elte.hu<\/a> e-mail c\u00edmre<\/p>\n<table style=\"width: 100%;border-collapse: collapse;border-style: none\">\n<tbody>\n<tr>\n<td style=\"width: 50%;text-align: center\"><a href=\"https:\/\/semmelweis.hu\/phd\/files\/2019\/10\/jelentkez\u00e9si-lap_kurzus_LK.docx\">JELENTKEZ\u00c9SI LAP<\/a><\/td>\n<td style=\"width: 84.6369%;text-align: center\"><a href=\"https:\/\/semmelweis.hu\/phd\/files\/2019\/10\/PROGRAM.docx\">PROGRAM LISTA<\/a><\/td>\n<\/tr>\n<\/tbody>\n<\/table>\n<p>&nbsp;<\/p>\n<p>&nbsp;<\/p>\n","protected":false},"excerpt":{"rendered":"<p>MEGH\u00cdV\u00d3\u00a0\u00a0\u00a0\u00a0\u00a0\u00a0\u00a0\u00a0\u00a0\u00a0\u00a0\u00a0\u00a0\u00a0\u00a0\u00a0\u00a0\u00a0\u00a0\u00a0\u00a0\u00a0\u00a0\u00a0\u00a0\u00a0\u00a0\u00a0\u00a0\u00a0\u00a0\u00a0\u00a0\u00a0\u00a0\u00a0 &nbsp; A Semmelweis Egyetem, Gy\u00f3gyszer\u00e9szeti Int\u00e9zet\u00e9nek \u00e9s az ELTE K\u00e9miai Int\u00e9zet\u00e9nek k\u00f6z\u00f6s szervez\u00e9s\u00e9ben megval\u00f3sul\u00f3 \u201eBiol\u00f3giai gy\u00f3gyszerek el\u0151\u00e1ll\u00edt\u00e1sa, jellemz\u00e9se\u201d c\u00edm\u0171 \u0151szi iskol\u00e1ra, amelynek id\u0151pontja: 2019.11. 21-22. helysz\u00edne: SE Gy\u00f3gyszer\u00e9sztudom\u00e1nyi Kar &nbsp; Az \u0151szi iskola c\u00e9lkit\u0171z\u00e9se olyan \u00fajszer\u0171, intenz\u00edv kurzus megval\u00f3s\u00edt\u00e1sa, amely jelent\u0151sen hozz\u00e1j\u00e1rulhat a biol\u00f3giai gy\u00f3gyszerek kutat\u00e1s\u00e1val, vizsg\u00e1lat\u00e1val foglalkoz\u00f3 kutat\u00f3k ismereteinek b\u0151v\u00edt\u00e9s\u00e9hez, \u00faj lehet\u0151s\u00e9gek, gyakorlati &hellip;<\/p>\n","protected":false},"author":158,"featured_media":0,"comment_status":"closed","ping_status":"closed","sticky":false,"template":"","format":"standard","meta":{"_acf_changed":false,"footnotes":""},"categories":[1],"tags":[],"class_list":["post-10728","post","type-post","status-publish","format-standard","hentry","category-hirek"],"acf":[],"_links":{"self":[{"href":"https:\/\/semmelweis.hu\/phd\/wp-json\/wp\/v2\/posts\/10728","targetHints":{"allow":["GET"]}}],"collection":[{"href":"https:\/\/semmelweis.hu\/phd\/wp-json\/wp\/v2\/posts"}],"about":[{"href":"https:\/\/semmelweis.hu\/phd\/wp-json\/wp\/v2\/types\/post"}],"author":[{"embeddable":true,"href":"https:\/\/semmelweis.hu\/phd\/wp-json\/wp\/v2\/users\/158"}],"replies":[{"embeddable":true,"href":"https:\/\/semmelweis.hu\/phd\/wp-json\/wp\/v2\/comments?post=10728"}],"version-history":[{"count":5,"href":"https:\/\/semmelweis.hu\/phd\/wp-json\/wp\/v2\/posts\/10728\/revisions"}],"predecessor-version":[{"id":10735,"href":"https:\/\/semmelweis.hu\/phd\/wp-json\/wp\/v2\/posts\/10728\/revisions\/10735"}],"wp:attachment":[{"href":"https:\/\/semmelweis.hu\/phd\/wp-json\/wp\/v2\/media?parent=10728"}],"wp:term":[{"taxonomy":"category","embeddable":true,"href":"https:\/\/semmelweis.hu\/phd\/wp-json\/wp\/v2\/categories?post=10728"},{"taxonomy":"post_tag","embeddable":true,"href":"https:\/\/semmelweis.hu\/phd\/wp-json\/wp\/v2\/tags?post=10728"}],"curies":[{"name":"wp","href":"https:\/\/api.w.org\/{rel}","templated":true}]}}