{"id":10231,"date":"2019-05-17T12:36:09","date_gmt":"2019-05-17T10:36:09","guid":{"rendered":"http:\/\/semmelweis.hu\/phd\/?p=10231"},"modified":"2020-03-31T19:12:31","modified_gmt":"2020-03-31T17:12:31","slug":"tajekoztato-a-felveteli-eljarasrol","status":"publish","type":"post","link":"https:\/\/semmelweis.hu\/phd\/2019\/05\/17\/tajekoztato-a-felveteli-eljarasrol\/","title":{"rendered":"A Doktori Iskola t\u00e1j\u00e9koztat\u00f3t tart a felv\u00e9teli elj\u00e1r\u00e1sr\u00f3l"},"content":{"rendered":"<p><strong>A doktori k\u00e9pz\u00e9sre t\u00f6rt\u00e9n\u0151 jelentkez\u00e9s hat\u00e1rideje m\u00f3dosult.<\/strong><br \/>\n<strong>Az \u00faj hat\u00e1rid\u0151: 2019. m\u00e1jus 31.<\/strong><\/p>\n<p>A Doktori Iskola t\u00e1j\u00e9koztat\u00f3t tart a 2019. \u00e9vi felv\u00e9teli elj\u00e1r\u00e1sr\u00f3l \u00e9s a doktori k\u00e9pz\u00e9sr\u0151l.<\/p>\n<p>A t\u00e1j\u00e9koztat\u00f3 id\u0151pontja:<br \/>\n2019. 05. 23-\u00e1n 17:00 \u00f3ra<\/p>\n<p>A t\u00e1j\u00e9koztat\u00f3 helye:<br \/>\nEOK &#8211; Hevesy Gy\u00f6rgy tanterem<\/p>\n<p>Minden \u00e9rdekl\u0151d\u0151t v\u00e1runk.<\/p>\n<p>Dr. T\u00edm\u00e1r J\u00f3zsef<br \/>\na Doktori Tan\u00e1cs eln\u00f6ke<\/p>\n<p>Dr. Beny\u00f3 Zolt\u00e1n<br \/>\naz Oktat\u00e1si \u00e9s Kreditbizotts\u00e1g eln\u00f6ke<\/p>\n","protected":false},"excerpt":{"rendered":"<p>A doktori k\u00e9pz\u00e9sre t\u00f6rt\u00e9n\u0151 jelentkez\u00e9s hat\u00e1rideje m\u00f3dosult. Az \u00faj hat\u00e1rid\u0151: 2019. m\u00e1jus 31. A Doktori Iskola t\u00e1j\u00e9koztat\u00f3t tart a 2019. \u00e9vi felv\u00e9teli elj\u00e1r\u00e1sr\u00f3l \u00e9s a doktori k\u00e9pz\u00e9sr\u0151l. A t\u00e1j\u00e9koztat\u00f3 id\u0151pontja: 2019. 05. 23-\u00e1n 17:00 \u00f3ra A t\u00e1j\u00e9koztat\u00f3 helye: EOK &#8211; Hevesy Gy\u00f6rgy tanterem Minden \u00e9rdekl\u0151d\u0151t v\u00e1runk. Dr. T\u00edm\u00e1r J\u00f3zsef a Doktori Tan\u00e1cs eln\u00f6ke Dr. Beny\u00f3 &hellip;<\/p>\n","protected":false},"author":158,"featured_media":0,"comment_status":"closed","ping_status":"closed","sticky":false,"template":"","format":"standard","meta":{"_acf_changed":false,"footnotes":""},"categories":[1],"tags":[],"class_list":["post-10231","post","type-post","status-publish","format-standard","hentry","category-hirek"],"acf":[],"_links":{"self":[{"href":"https:\/\/semmelweis.hu\/phd\/wp-json\/wp\/v2\/posts\/10231","targetHints":{"allow":["GET"]}}],"collection":[{"href":"https:\/\/semmelweis.hu\/phd\/wp-json\/wp\/v2\/posts"}],"about":[{"href":"https:\/\/semmelweis.hu\/phd\/wp-json\/wp\/v2\/types\/post"}],"author":[{"embeddable":true,"href":"https:\/\/semmelweis.hu\/phd\/wp-json\/wp\/v2\/users\/158"}],"replies":[{"embeddable":true,"href":"https:\/\/semmelweis.hu\/phd\/wp-json\/wp\/v2\/comments?post=10231"}],"version-history":[{"count":3,"href":"https:\/\/semmelweis.hu\/phd\/wp-json\/wp\/v2\/posts\/10231\/revisions"}],"predecessor-version":[{"id":10239,"href":"https:\/\/semmelweis.hu\/phd\/wp-json\/wp\/v2\/posts\/10231\/revisions\/10239"}],"wp:attachment":[{"href":"https:\/\/semmelweis.hu\/phd\/wp-json\/wp\/v2\/media?parent=10231"}],"wp:term":[{"taxonomy":"category","embeddable":true,"href":"https:\/\/semmelweis.hu\/phd\/wp-json\/wp\/v2\/categories?post=10231"},{"taxonomy":"post_tag","embeddable":true,"href":"https:\/\/semmelweis.hu\/phd\/wp-json\/wp\/v2\/tags?post=10231"}],"curies":[{"name":"wp","href":"https:\/\/api.w.org\/{rel}","templated":true}]}}