{"id":10139,"date":"2019-04-17T13:00:14","date_gmt":"2019-04-17T11:00:14","guid":{"rendered":"http:\/\/semmelweis.hu\/phd\/?p=10139"},"modified":"2020-03-31T19:12:32","modified_gmt":"2020-03-31T17:12:32","slug":"a-semmelweis-egyetem-doktori-iskolajanak-jelentkezesi-felhivasa-egyeni-fokozatszerzesre","status":"publish","type":"post","link":"https:\/\/semmelweis.hu\/phd\/2019\/04\/17\/a-semmelweis-egyetem-doktori-iskolajanak-jelentkezesi-felhivasa-egyeni-fokozatszerzesre\/","title":{"rendered":"A Semmelweis Egyetem Doktori Iskol\u00e1j\u00e1nak jelentkez\u00e9si felh\u00edv\u00e1sa egy\u00e9ni fokozatszerz\u00e9sre"},"content":{"rendered":"<div id=\"GroupWiseSection_1555497656000_tolgyesi_lovasz.krisztina@phd.semmelweis-univ.hu_8940760118CF0000B0E8000000000000_\" class=\"GroupWiseMessageBody active\">\n<div>\n<div id=\"GroupWiseSection_1558087919000_tolgyesi_lovasz.krisztina@phd.semmelweis-univ.hu_8940760118CF0000B0E8000000000000_\" class=\"GroupWiseMessageBody active\">\n<div><span style=\"color: #ff0000\"><strong>A felv\u00e9teli jelentkez\u00e9s hat\u00e1rideje m\u00f3dosult:<\/strong><\/span><\/div>\n<div><span style=\"color: #ff0000\"><strong>\u00daj hat\u00e1rid\u0151: 2019. m\u00e1jus 31.<\/strong><\/span><\/div>\n<div><strong>Postai \u00faton a k\u00f6vetkez\u0151 c\u00edmre kell feladni a jelentkez\u00e9st:<\/strong><br \/>\n<strong>Dr. T\u00edm\u00e1r J\u00f3zsef<\/strong><br \/>\n<strong>a Doktori Tan\u00e1cs eln\u00f6ke<\/strong><br \/>\n<strong>Doktori Iskola Hivatala<\/strong><br \/>\n<strong>Budapest 1085<\/strong><br \/>\n<strong>\u00dcll\u0151i \u00fat 26. fsz 8-9.<\/strong><\/div>\n<\/div>\n<p><span style=\"text-align: left;color: #1e2326;text-transform: none;text-indent: 0px;letter-spacing: normal;font-family: 'PT serif', serif;font-size: 20px;font-style: normal;font-weight: 400;float: none;background-color: #ffffff\">A felv\u00e9teli besz\u00e9lget\u00e9sekre v\u00e1rhat\u00f3an 2019. j\u00fanius 20-28. k\u00f6z\u00f6tt ker\u00fcl sor, id\u0151pontj\u00e1r\u00f3l a tudom\u00e1ny\u00e1gi doktori iskol\u00e1k \u00e9rtes\u00edtik a jelentkez\u0151t.<\/span><br style=\"text-align: left;color: #1e2326;text-transform: none;text-indent: 0px;letter-spacing: normal;font-family: 'PT serif', serif;font-size: 20px;font-style: normal;font-weight: 400;background-color: #ffffff\" \/><span style=\"text-align: left;color: #1e2326;text-transform: none;text-indent: 0px;letter-spacing: normal;font-family: 'PT serif', serif;font-size: 20px;font-style: normal;font-weight: 400;float: none;background-color: #ffffff\">A komplex vizsg\u00e1r\u00f3l a Doktori Iskola Hivatal t\u00e1j\u00e9koztat\u00e1st k\u00fcld a felvett egy\u00e9ni fokozatszerz\u0151k r\u00e9sz\u00e9re.<\/span><br style=\"text-align: left;color: #1e2326;text-transform: none;text-indent: 0px;letter-spacing: normal;font-family: 'PT serif', serif;font-size: 20px;font-style: normal;font-weight: 400;background-color: #ffffff\" \/><span style=\"text-align: left;color: #1e2326;text-transform: none;text-indent: 0px;letter-spacing: normal;font-family: 'PT serif', serif;font-size: 20px;font-style: normal;font-weight: 400;float: none;background-color: #ffffff\">A komplex vizsga id\u0151pontj\u00e1t a tudom\u00e1ny\u00e1gi doktori iskol\u00e1k hat\u00e1rozz\u00e1k meg.(v\u00e1rhat\u00f3 id\u0151pontja: 2019. szeptember 1-15)<\/span><br style=\"text-align: left;color: #1e2326;text-transform: none;text-indent: 0px;letter-spacing: normal;font-family: 'PT serif', serif;font-size: 20px;font-style: normal;font-weight: 400;background-color: #ffffff\" \/><span style=\"text-align: left;color: #1e2326;text-transform: none;text-indent: 0px;letter-spacing: normal;font-family: 'PT serif', serif;font-size: 20px;font-style: normal;font-weight: 400;float: none;background-color: #ffffff\">Sikeres felv\u00e9teli elbesz\u00e9lget\u00e9s eset\u00e9n az egy\u00e9ni fokozatszerz\u0151knek komplex vizsg\u00e1t kell tenni\u00fck.<\/span><br style=\"text-align: left;color: #1e2326;text-transform: none;text-indent: 0px;letter-spacing: normal;font-family: 'PT serif', serif;font-size: 20px;font-style: normal;font-weight: 400;background-color: #ffffff\" \/><span style=\"text-align: left;color: #1e2326;text-transform: none;text-indent: 0px;letter-spacing: normal;font-family: 'PT serif', serif;font-size: 20px;font-style: normal;font-weight: 400;float: none;background-color: #ffffff\">A komplex vizsga elm\u00e9leti \u00e9s gyakorlati r\u00e9szb\u0151l \u00e1ll.<\/span><br style=\"text-align: left;color: #1e2326;text-transform: none;text-indent: 0px;letter-spacing: normal;font-family: 'PT serif', serif;font-size: 20px;font-style: normal;font-weight: 400;background-color: #ffffff\" \/><span style=\"text-align: left;color: #1e2326;text-transform: none;text-indent: 0px;letter-spacing: normal;font-family: 'PT serif', serif;font-size: 20px;font-style: normal;font-weight: 400;float: none;background-color: #ffffff\">Az elm\u00e9leti r\u00e9szben a tudom\u00e1ny\u00e1gi doktori iskola \u00e1ltal meghat\u00e1rozott k\u00e9t t\u00e1rgyb\u00f3l kell vizsg\u00e1t tenni.<\/span><br style=\"text-align: left;color: #1e2326;text-transform: none;text-indent: 0px;letter-spacing: normal;font-family: 'PT serif', serif;font-size: 20px;font-style: normal;font-weight: 400;background-color: #ffffff\" \/><span style=\"text-align: left;color: #1e2326;text-transform: none;text-indent: 0px;letter-spacing: normal;font-family: 'PT serif', serif;font-size: 20px;font-style: normal;font-weight: 400;float: none;background-color: #ffffff\">A gyakorlati r\u00e9szben a kutat\u00e1sr\u00f3l 8-10 perces prezent\u00e1ci\u00f3ban kell besz\u00e1molni.<\/span><br style=\"text-align: left;color: #1e2326;text-transform: none;text-indent: 0px;letter-spacing: normal;font-family: 'PT serif', serif;font-size: 20px;font-style: normal;font-weight: 400;background-color: #ffffff\" \/><span style=\"text-align: left;color: #1e2326;text-transform: none;text-indent: 0px;letter-spacing: normal;font-family: 'PT serif', serif;font-size: 20px;font-style: normal;font-weight: 400;float: none;background-color: #ffffff\">Egy\u00e9ni fokozatszerz\u0151 a sikeres komplex vizsg\u00e1t k\u00f6vet\u0151en iratkozhat be a 2018\/19-as tan\u00e9v els\u0151 f\u00e9l\u00e9v\u00e9re. \u00e9s leghamarabb 2019.m\u00e1rciusban ny\u00fajthatja be disszert\u00e1ci\u00f3j\u00e1t.<\/span><br style=\"text-align: left;color: #1e2326;text-transform: none;text-indent: 0px;letter-spacing: normal;font-family: 'PT serif', serif;font-size: 20px;font-style: normal;font-weight: 400;background-color: #ffffff\" \/><strong style=\"text-align: left;color: #1e2326;text-transform: none;text-indent: 0px;letter-spacing: normal;font-family: 'PT serif', serif;font-size: 20px;font-style: normal;font-weight: bolder;background-color: #ffffff\">Dokumentumok let\u00f6lt\u00e9se:<\/strong><br style=\"text-align: left;color: #1e2326;text-transform: none;text-indent: 0px;letter-spacing: normal;font-family: 'PT serif', serif;font-size: 20px;font-style: normal;font-weight: 400;background-color: #ffffff\" \/><a href=\"https:\/\/semmelweis.hu\/phd\/files\/2018\/04\/Felv%C3%A9teli-lap-egy%C3%A9niMell%C3%A9kletek-a-DSZhez-2016.-szept-1-ut%C3%A1nra_25.sz%C3%A1m%C3%BA-mell%C3%A9klet-2.doc\" target=\"_blank\" rel=\"noopener noreferrer\">Felv\u00e9teli lap egy\u00e9ni <\/a><br style=\"text-align: left;color: #1e2326;text-transform: none;text-indent: 0px;letter-spacing: normal;font-family: 'PT serif', serif;font-size: 20px;font-style: normal;font-weight: 400;background-color: #ffffff\" \/><a href=\"https:\/\/semmelweis.hu\/phd\/files\/2018\/04\/Jelentkez%C3%A9si-lap-egy%C3%A9ni-fokszerzt-1-1.doc\" target=\"_blank\" rel=\"noopener noreferrer\">Jelentkez\u00e9si lap egy\u00e9ni fokozatszerz\u00e9shez<\/a><br style=\"text-align: left;color: #1e2326;text-transform: none;text-indent: 0px;letter-spacing: normal;font-family: 'PT serif', serif;font-size: 20px;font-style: normal;font-weight: 400;background-color: #ffffff\" \/><span style=\"text-align: left;color: #1e2326;text-transform: none;text-indent: 0px;letter-spacing: normal;font-family: 'PT serif', serif;font-size: 20px;font-style: normal;font-weight: 400;float: none;background-color: #ffffff\">A jelentkez\u00e9shez a dokumentumokat k\u00e9rj\u00fck bek\u00fcldeni:<\/span><br style=\"text-align: left;color: #1e2326;text-transform: none;text-indent: 0px;letter-spacing: normal;font-family: 'PT serif', serif;font-size: 20px;font-style: normal;font-weight: 400;background-color: #ffffff\" \/><span style=\"text-align: left;color: #1e2326;text-transform: none;text-indent: 0px;letter-spacing: normal;font-family: 'PT serif', serif;font-size: 20px;font-style: normal;font-weight: 400;float: none;background-color: #ffffff\">Dr. T\u00edm\u00e1r J\u00f3zsef r\u00e9sz\u00e9re<\/span><br style=\"text-align: left;color: #1e2326;text-transform: none;text-indent: 0px;letter-spacing: normal;font-family: 'PT serif', serif;font-size: 20px;font-style: normal;font-weight: 400;background-color: #ffffff\" \/><span style=\"text-align: left;color: #1e2326;text-transform: none;text-indent: 0px;letter-spacing: normal;font-family: 'PT serif', serif;font-size: 20px;font-style: normal;font-weight: 400;float: none;background-color: #ffffff\">Doktori Iskola Hivatala<\/span><br style=\"text-align: left;color: #1e2326;text-transform: none;text-indent: 0px;letter-spacing: normal;font-family: 'PT serif', serif;font-size: 20px;font-style: normal;font-weight: 400;background-color: #ffffff\" \/><span style=\"text-align: left;color: #1e2326;text-transform: none;text-indent: 0px;letter-spacing: normal;font-family: 'PT serif', serif;font-size: 20px;font-style: normal;font-weight: 400;float: none;background-color: #ffffff\">Budapest<\/span><br style=\"text-align: left;color: #1e2326;text-transform: none;text-indent: 0px;letter-spacing: normal;font-family: 'PT serif', serif;font-size: 20px;font-style: normal;font-weight: 400;background-color: #ffffff\" \/><span style=\"text-align: left;color: #1e2326;text-transform: none;text-indent: 0px;letter-spacing: normal;font-family: 'PT serif', serif;font-size: 20px;font-style: normal;font-weight: 400;float: none;background-color: #ffffff\">\u00dcll\u0151i \u00fat 26.<\/span><br style=\"text-align: left;color: #1e2326;text-transform: none;text-indent: 0px;letter-spacing: normal;font-family: 'PT serif', serif;font-size: 20px;font-style: normal;font-weight: 400;background-color: #ffffff\" \/><span style=\"text-align: left;color: #1e2326;text-transform: none;text-indent: 0px;letter-spacing: normal;font-family: 'PT serif', serif;font-size: 20px;font-style: normal;font-weight: 400;float: none;background-color: #ffffff\">1085<\/span><br style=\"text-align: left;color: #1e2326;text-transform: none;text-indent: 0px;letter-spacing: normal;font-family: 'PT serif', serif;font-size: 20px;font-style: normal;font-weight: 400;background-color: #ffffff\" \/><span style=\"text-align: left;color: #1e2326;text-transform: none;text-indent: 0px;letter-spacing: normal;font-family: 'PT serif', serif;font-size: 20px;font-style: normal;font-weight: 400;float: none;background-color: #ffffff\">Jelentkez\u00e9si lapot 1 p\u00e9ld\u00e1nyban, elektronikus form\u00e1ban, al\u00e1\u00edr\u00e1sok n\u00e9lk\u00fcl doc vagy docx form\u00e1tumban a <\/span><a href=\"mailto:titkarsag@phd.semmelweis-univ.hu\" target=\"_blank\" rel=\"noopener noreferrer\">titkarsag@phd.semmelweis-univ.hu<\/a><span style=\"text-align: left;color: #1e2326;text-transform: none;text-indent: 0px;letter-spacing: normal;font-family: 'PT serif', serif;font-size: 20px;font-style: normal;font-weight: 400;float: none;background-color: #ffffff\"> c\u00edmre is k\u00e9rj\u00fck megk\u00fcldeni!<\/span><br style=\"text-align: left;color: #1e2326;text-transform: none;text-indent: 0px;letter-spacing: normal;font-family: 'PT serif', serif;font-size: 20px;font-style: normal;font-weight: 400;background-color: #ffffff\" \/><span style=\"text-align: left;color: #1e2326;text-transform: none;text-indent: 0px;letter-spacing: normal;font-family: 'PT serif', serif;font-size: 20px;font-style: normal;font-weight: 400;float: none;background-color: #ffffff\">A felv\u00e9teli elj\u00e1r\u00e1sr\u00f3l tov\u00e1bbi inform\u00e1ci\u00f3 el\u00e9rhet\u0151: <\/span><a href=\"http:\/\/phd.semmelweis.hu\/felveteli-2\/felveteli-egyeni-fokozatszerzokent\" target=\"_blank\" rel=\"noopener noreferrer\">Felv\u00e9teli elj\u00e1r\u00e1s<\/a><br style=\"text-align: left;color: #1e2326;text-transform: none;text-indent: 0px;letter-spacing: normal;font-family: 'PT serif', serif;font-size: 20px;font-style: normal;font-weight: 400;background-color: #ffffff\" \/><span style=\"text-align: left;color: #1e2326;text-transform: none;text-indent: 0px;letter-spacing: normal;font-family: 'PT serif', serif;font-size: 20px;font-style: normal;font-weight: 400;float: none;background-color: #ffffff\">Dr. T\u00edm\u00e1r J\u00f3zsef<\/span><br style=\"text-align: left;color: #1e2326;text-transform: none;text-indent: 0px;letter-spacing: normal;font-family: 'PT serif', serif;font-size: 20px;font-style: normal;font-weight: 400;background-color: #ffffff\" \/><span style=\"text-align: left;color: #1e2326;text-transform: none;text-indent: 0px;letter-spacing: normal;font-family: 'PT serif', serif;font-size: 20px;font-style: normal;font-weight: 400;float: none;background-color: #ffffff\">a Doktori Tan\u00e1cs eln\u00f6ke<\/span><\/p>\n<\/div>\n<\/div>\n","protected":false},"excerpt":{"rendered":"<p>A felv\u00e9teli jelentkez\u00e9s hat\u00e1rideje m\u00f3dosult: \u00daj hat\u00e1rid\u0151: 2019. m\u00e1jus 31. Postai \u00faton a k\u00f6vetkez\u0151 c\u00edmre kell feladni a jelentkez\u00e9st: Dr. T\u00edm\u00e1r J\u00f3zsef a Doktori Tan\u00e1cs eln\u00f6ke Doktori Iskola Hivatala Budapest 1085 \u00dcll\u0151i \u00fat 26. fsz 8-9. A felv\u00e9teli besz\u00e9lget\u00e9sekre v\u00e1rhat\u00f3an 2019. j\u00fanius 20-28. k\u00f6z\u00f6tt ker\u00fcl sor, id\u0151pontj\u00e1r\u00f3l a tudom\u00e1ny\u00e1gi doktori iskol\u00e1k \u00e9rtes\u00edtik a jelentkez\u0151t.A komplex &hellip;<\/p>\n","protected":false},"author":158,"featured_media":0,"comment_status":"closed","ping_status":"closed","sticky":false,"template":"","format":"standard","meta":{"_acf_changed":false,"footnotes":""},"categories":[1],"tags":[],"class_list":["post-10139","post","type-post","status-publish","format-standard","hentry","category-hirek"],"acf":[],"_links":{"self":[{"href":"https:\/\/semmelweis.hu\/phd\/wp-json\/wp\/v2\/posts\/10139","targetHints":{"allow":["GET"]}}],"collection":[{"href":"https:\/\/semmelweis.hu\/phd\/wp-json\/wp\/v2\/posts"}],"about":[{"href":"https:\/\/semmelweis.hu\/phd\/wp-json\/wp\/v2\/types\/post"}],"author":[{"embeddable":true,"href":"https:\/\/semmelweis.hu\/phd\/wp-json\/wp\/v2\/users\/158"}],"replies":[{"embeddable":true,"href":"https:\/\/semmelweis.hu\/phd\/wp-json\/wp\/v2\/comments?post=10139"}],"version-history":[{"count":4,"href":"https:\/\/semmelweis.hu\/phd\/wp-json\/wp\/v2\/posts\/10139\/revisions"}],"predecessor-version":[{"id":10262,"href":"https:\/\/semmelweis.hu\/phd\/wp-json\/wp\/v2\/posts\/10139\/revisions\/10262"}],"wp:attachment":[{"href":"https:\/\/semmelweis.hu\/phd\/wp-json\/wp\/v2\/media?parent=10139"}],"wp:term":[{"taxonomy":"category","embeddable":true,"href":"https:\/\/semmelweis.hu\/phd\/wp-json\/wp\/v2\/categories?post=10139"},{"taxonomy":"post_tag","embeddable":true,"href":"https:\/\/semmelweis.hu\/phd\/wp-json\/wp\/v2\/tags?post=10139"}],"curies":[{"name":"wp","href":"https:\/\/api.w.org\/{rel}","templated":true}]}}