{"id":534,"count":1,"description":"","link":"https:\/\/semmelweis.hu\/pharmacology\/tag\/az-intezet-hallas-kutato-csoportja-phd-hallgatot-keres\/","name":"Az Int\u00e9zet Hall\u00e1s-kutat\u00f3 csoportja PhD hallgat\u00f3t keres.","slug":"az-intezet-hallas-kutato-csoportja-phd-hallgatot-keres","taxonomy":"post_tag","meta":[],"_links":{"self":[{"href":"https:\/\/semmelweis.hu\/pharmacology\/wp-json\/wp\/v2\/tags\/534","targetHints":{"allow":["GET"]}}],"collection":[{"href":"https:\/\/semmelweis.hu\/pharmacology\/wp-json\/wp\/v2\/tags"}],"about":[{"href":"https:\/\/semmelweis.hu\/pharmacology\/wp-json\/wp\/v2\/taxonomies\/post_tag"}],"wp:post_type":[{"href":"https:\/\/semmelweis.hu\/pharmacology\/wp-json\/wp\/v2\/posts?tags=534"},{"href":"https:\/\/semmelweis.hu\/pharmacology\/wp-json\/wp\/v2\/pages?tags=534"}],"curies":[{"name":"wp","href":"https:\/\/api.w.org\/{rel}","templated":true}]}}