{"id":502,"count":1,"description":"","link":"https:\/\/semmelweis.hu\/pharmacology\/tag\/dr-vizi-e-szilveszter-kapta-az-ev-ismeretterjeszto-tudosa-dijat\/","name":"Dr. Vizi E. Szilveszter kapta Az \u00c9v Ismeretterjeszt\u0151 Tud\u00f3sa D\u00edjat","slug":"dr-vizi-e-szilveszter-kapta-az-ev-ismeretterjeszto-tudosa-dijat","taxonomy":"post_tag","meta":[],"_links":{"self":[{"href":"https:\/\/semmelweis.hu\/pharmacology\/wp-json\/wp\/v2\/tags\/502","targetHints":{"allow":["GET"]}}],"collection":[{"href":"https:\/\/semmelweis.hu\/pharmacology\/wp-json\/wp\/v2\/tags"}],"about":[{"href":"https:\/\/semmelweis.hu\/pharmacology\/wp-json\/wp\/v2\/taxonomies\/post_tag"}],"wp:post_type":[{"href":"https:\/\/semmelweis.hu\/pharmacology\/wp-json\/wp\/v2\/posts?tags=502"},{"href":"https:\/\/semmelweis.hu\/pharmacology\/wp-json\/wp\/v2\/pages?tags=502"}],"curies":[{"name":"wp","href":"https:\/\/api.w.org\/{rel}","templated":true}]}}