{"id":437,"count":1,"description":"","link":"https:\/\/semmelweis.hu\/pharmacology\/tag\/megjelent-knoll-professzor-uj-konyve-a-selegiline-rol-podcast\/","name":"Megjelent Knoll Professzor \u00faj k\u00f6nyve a selegiline-r\u0151l - podcast","slug":"megjelent-knoll-professzor-uj-konyve-a-selegiline-rol-podcast","taxonomy":"post_tag","meta":[],"_links":{"self":[{"href":"https:\/\/semmelweis.hu\/pharmacology\/wp-json\/wp\/v2\/tags\/437","targetHints":{"allow":["GET"]}}],"collection":[{"href":"https:\/\/semmelweis.hu\/pharmacology\/wp-json\/wp\/v2\/tags"}],"about":[{"href":"https:\/\/semmelweis.hu\/pharmacology\/wp-json\/wp\/v2\/taxonomies\/post_tag"}],"wp:post_type":[{"href":"https:\/\/semmelweis.hu\/pharmacology\/wp-json\/wp\/v2\/posts?tags=437"},{"href":"https:\/\/semmelweis.hu\/pharmacology\/wp-json\/wp\/v2\/pages?tags=437"}],"curies":[{"name":"wp","href":"https:\/\/api.w.org\/{rel}","templated":true}]}}