{"id":9629,"date":"2019-11-25T10:42:41","date_gmt":"2019-11-25T09:42:41","guid":{"rendered":"http:\/\/semmelweis.hu\/pharmacology\/?p=9629"},"modified":"2019-11-25T10:42:41","modified_gmt":"2019-11-25T09:42:41","slug":"semmelweis-symposium-legjobb-poszter-dijak","status":"publish","type":"post","link":"https:\/\/semmelweis.hu\/pharmacology\/2019\/11\/25\/semmelweis-symposium-legjobb-poszter-dijak\/","title":{"rendered":"Semmelweis Symposium Legjobb Poszter d\u00edjak"},"content":{"rendered":"<div style=\"text-align: justify\">A 2019. \u00e9vi Semmelweis Symposium (Transzl\u00e1ci\u00f3s orvosl\u00e1s a molekul\u00e1kt\u00f3l a kardiovaszkul\u00e1ris rendszerig) november 5. \u00e9s 7. k\u00f6z\u00f6tt ker\u00fclt megrendez\u00e9sre, mely az egyetem 250 \u00e9ves jubileuma alkalm\u00e1b\u00f3l szervezett rendezv\u00e9nysorozat egyik kiemelked\u0151 esem\u00e9nye volt. A szimp\u00f3zium f\u0151 t\u00e9m\u00e1ja a kardiovaszkul\u00e1ris \u00e9s k\u00fcl\u00f6nb\u00f6z\u0151 gyullad\u00e1sos betegs\u00e9gek felismer\u00e9se \u00e9s kezel\u00e9si strat\u00e9gi\u00e1ja k\u00f6r\u00e9 szervez\u0151d\u00f6tt, melyen sz\u00e1mos nemzetk\u00f6zileg elismert vend\u00e9gel\u0151ad\u00f3, kutat\u00f3 \u00e9s gyakorl\u00f3 orvos vett r\u00e9szt. A r\u00e9sztvev\u0151k eredm\u00e9nyeiket posztereken is bemutathatt\u00e1k, melyeket 10 k\u00fcl\u00f6nb\u00f6z\u0151 szekci\u00f3ba soroltak. Ezek legjobbjait d\u00edjjal (Semmelweis University 250 Best Poster Award) jutalmazt\u00e1k, melyet int\u00e9zet\u00fcnk k\u00e9t PhD hallgat\u00f3ja, Guly\u00e1s-On\u00f3di Zs\u00f3fia \u00e9s L\u00e1szl\u00f3 Szilvia Bianka is elnyert.<\/div>\n<div style=\"text-align: justify\"><a href=\"https:\/\/semmelweis.hu\/pharmacology\/files\/2019\/11\/belyeg.jpg\"><img loading=\"lazy\" decoding=\"async\" class=\"alignnone  wp-image-9630\" src=\"https:\/\/semmelweis.hu\/pharmacology\/files\/2019\/11\/belyeg-300x200.jpg\" alt=\"\" width=\"308\" height=\"205\" srcset=\"https:\/\/semmelweis.hu\/pharmacology\/files\/2019\/11\/belyeg-300x200.jpg 300w, https:\/\/semmelweis.hu\/pharmacology\/files\/2019\/11\/belyeg-768x512.jpg 768w, https:\/\/semmelweis.hu\/pharmacology\/files\/2019\/11\/belyeg-396x264.jpg 396w, https:\/\/semmelweis.hu\/pharmacology\/files\/2019\/11\/belyeg.jpg 950w\" sizes=\"auto, (max-width: 308px) 100vw, 308px\" \/><\/a><\/div>\n<div style=\"text-align: justify\">Fot\u00f3: Kov\u00e1cs Attila &#8211; Semmelweis Egyetem<\/div>\n<div style=\"text-align: justify\"><\/div>\n<div style=\"text-align: justify\">A rendezv\u00e9ny sor\u00e1n\u00a0k\u00e9sz\u00fclt tov\u00e1bbi fot\u00f3k az al\u00e1bbi linken tekinthet\u0151k meg:<\/div>\n<div style=\"text-align: justify\"><\/div>\n<div style=\"text-align: justify\"><a href=\"http:\/\/archivum.semmelweis.hu\/?c=2031&amp;k=9d4aa69314\" target=\"_blank\" rel=\"noopener noreferrer\">http:\/\/archivum.semmelweis.hu\/?c=2031&amp;k=9d4aa69314<\/a><\/div>\n","protected":false},"excerpt":{"rendered":"<p>A 2019. \u00e9vi Semmelweis Symposium (Transzl\u00e1ci\u00f3s orvosl\u00e1s a molekul\u00e1kt\u00f3l a kardiovaszkul\u00e1ris rendszerig) november 5. \u00e9s 7. k\u00f6z\u00f6tt ker\u00fclt megrendez\u00e9sre, mely az egyetem 250 \u00e9ves jubileuma alkalm\u00e1b\u00f3l szervezett rendezv\u00e9nysorozat egyik kiemelked\u0151 esem\u00e9nye volt. A szimp\u00f3zium f\u0151 t\u00e9m\u00e1ja a kardiovaszkul\u00e1ris \u00e9s k\u00fcl\u00f6nb\u00f6z\u0151 gyullad\u00e1sos betegs\u00e9gek felismer\u00e9se \u00e9s kezel\u00e9si strat\u00e9gi\u00e1ja k\u00f6r\u00e9 szervez\u0151d\u00f6tt, melyen sz\u00e1mos nemzetk\u00f6zileg elismert vend\u00e9gel\u0151ad\u00f3, kutat\u00f3 \u00e9s &hellip;<\/p>\n","protected":false},"author":101230,"featured_media":9630,"comment_status":"closed","ping_status":"closed","sticky":false,"template":"","format":"standard","meta":{"_acf_changed":false,"footnotes":""},"categories":[407],"tags":[],"class_list":["post-9629","post","type-post","status-publish","format-standard","has-post-thumbnail","hentry","category-hirek"],"acf":[],"_links":{"self":[{"href":"https:\/\/semmelweis.hu\/pharmacology\/wp-json\/wp\/v2\/posts\/9629","targetHints":{"allow":["GET"]}}],"collection":[{"href":"https:\/\/semmelweis.hu\/pharmacology\/wp-json\/wp\/v2\/posts"}],"about":[{"href":"https:\/\/semmelweis.hu\/pharmacology\/wp-json\/wp\/v2\/types\/post"}],"author":[{"embeddable":true,"href":"https:\/\/semmelweis.hu\/pharmacology\/wp-json\/wp\/v2\/users\/101230"}],"replies":[{"embeddable":true,"href":"https:\/\/semmelweis.hu\/pharmacology\/wp-json\/wp\/v2\/comments?post=9629"}],"version-history":[{"count":1,"href":"https:\/\/semmelweis.hu\/pharmacology\/wp-json\/wp\/v2\/posts\/9629\/revisions"}],"predecessor-version":[{"id":9631,"href":"https:\/\/semmelweis.hu\/pharmacology\/wp-json\/wp\/v2\/posts\/9629\/revisions\/9631"}],"wp:featuredmedia":[{"embeddable":true,"href":"https:\/\/semmelweis.hu\/pharmacology\/wp-json\/wp\/v2\/media\/9630"}],"wp:attachment":[{"href":"https:\/\/semmelweis.hu\/pharmacology\/wp-json\/wp\/v2\/media?parent=9629"}],"wp:term":[{"taxonomy":"category","embeddable":true,"href":"https:\/\/semmelweis.hu\/pharmacology\/wp-json\/wp\/v2\/categories?post=9629"},{"taxonomy":"post_tag","embeddable":true,"href":"https:\/\/semmelweis.hu\/pharmacology\/wp-json\/wp\/v2\/tags?post=9629"}],"curies":[{"name":"wp","href":"https:\/\/api.w.org\/{rel}","templated":true}]}}