{"id":9281,"date":"2019-09-30T12:14:59","date_gmt":"2019-09-30T10:14:59","guid":{"rendered":"http:\/\/semmelweis.hu\/pharmacology\/?p=9281"},"modified":"2019-09-30T12:14:59","modified_gmt":"2019-09-30T10:14:59","slug":"in-memoriam-jozsef-knoll-1925-2018-symposium","status":"publish","type":"post","link":"https:\/\/semmelweis.hu\/pharmacology\/en\/2019\/09\/30\/in-memoriam-jozsef-knoll-1925-2018-symposium\/","title":{"rendered":"In Memoriam J\u00f3zsef Knoll (1925-2018) Symposium"},"content":{"rendered":"<p style=\"text-align: justify\"><span style=\"font-family: arial, helvetica, sans-serif;font-size: 10pt\">The Department of Pharmacology and Pharmacotherapy cordially invites you to the Symposium in memory of Prof. J\u00f3zsef Knoll (1925-2018), former director of our institute, member of the Hungarian Academy of Sciences, and developer of the antidepressant deprenyl. The symposium will take place on 15th October in the Semmelweis Salon, Semmelweis University (H-1085 Budapest, \u00dcll\u0151i \u00fat 26. I. floor). For further details and program please check the link below.<\/span><\/p>\n<p style=\"text-align: justify\"><a href=\"https:\/\/semmelweis.hu\/pharmacology\/files\/2019\/09\/Knoll-Symposium-15October2019-1.pdf\"><span style=\"font-family: arial, helvetica, sans-serif;font-size: 10pt\">Link<\/span><\/a><\/p>\n","protected":false},"excerpt":{"rendered":"<p>The Department of Pharmacology and Pharmacotherapy cordially invites you to the Symposium in memory of Prof. J\u00f3zsef Knoll (1925-2018), former director of our institute, member of the Hungarian Academy of Sciences, and developer of the antidepressant deprenyl. The symposium will take place on 15th October in the Semmelweis Salon, Semmelweis University (H-1085 Budapest, \u00dcll\u0151i \u00fat &hellip;<\/p>\n","protected":false},"author":101230,"featured_media":9279,"comment_status":"closed","ping_status":"closed","sticky":false,"template":"","format":"standard","meta":{"_acf_changed":false,"footnotes":""},"categories":[473],"tags":[],"class_list":["post-9281","post","type-post","status-publish","format-standard","has-post-thumbnail","hentry","category-news"],"acf":[],"_links":{"self":[{"href":"https:\/\/semmelweis.hu\/pharmacology\/wp-json\/wp\/v2\/posts\/9281","targetHints":{"allow":["GET"]}}],"collection":[{"href":"https:\/\/semmelweis.hu\/pharmacology\/wp-json\/wp\/v2\/posts"}],"about":[{"href":"https:\/\/semmelweis.hu\/pharmacology\/wp-json\/wp\/v2\/types\/post"}],"author":[{"embeddable":true,"href":"https:\/\/semmelweis.hu\/pharmacology\/wp-json\/wp\/v2\/users\/101230"}],"replies":[{"embeddable":true,"href":"https:\/\/semmelweis.hu\/pharmacology\/wp-json\/wp\/v2\/comments?post=9281"}],"version-history":[{"count":1,"href":"https:\/\/semmelweis.hu\/pharmacology\/wp-json\/wp\/v2\/posts\/9281\/revisions"}],"predecessor-version":[{"id":9282,"href":"https:\/\/semmelweis.hu\/pharmacology\/wp-json\/wp\/v2\/posts\/9281\/revisions\/9282"}],"wp:featuredmedia":[{"embeddable":true,"href":"https:\/\/semmelweis.hu\/pharmacology\/wp-json\/wp\/v2\/media\/9279"}],"wp:attachment":[{"href":"https:\/\/semmelweis.hu\/pharmacology\/wp-json\/wp\/v2\/media?parent=9281"}],"wp:term":[{"taxonomy":"category","embeddable":true,"href":"https:\/\/semmelweis.hu\/pharmacology\/wp-json\/wp\/v2\/categories?post=9281"},{"taxonomy":"post_tag","embeddable":true,"href":"https:\/\/semmelweis.hu\/pharmacology\/wp-json\/wp\/v2\/tags?post=9281"}],"curies":[{"name":"wp","href":"https:\/\/api.w.org\/{rel}","templated":true}]}}