{"id":9278,"date":"2019-09-30T12:14:00","date_gmt":"2019-09-30T10:14:00","guid":{"rendered":"http:\/\/semmelweis.hu\/pharmacology\/?p=9278"},"modified":"2019-09-30T14:13:43","modified_gmt":"2019-09-30T12:13:43","slug":"knoll-jozsef-1925-2018-emlek-szimpozium","status":"publish","type":"post","link":"https:\/\/semmelweis.hu\/pharmacology\/2019\/09\/30\/knoll-jozsef-1925-2018-emlek-szimpozium\/","title":{"rendered":"Knoll J\u00f3zsef (1925-2018) Eml\u00e9k-szimp\u00f3zium"},"content":{"rendered":"<p style=\"text-align: justify\"><span style=\"font-family: arial, helvetica, sans-serif;font-size: 10pt\">A Farmakol\u00f3giai \u00e9s Farmakoter\u00e1pi\u00e1s Int\u00e9zet tisztelettel megh\u00edvja\u00a0az okt\u00f3ber 15-\u00e9n megrendezett Eml\u00e9k-szimp\u00f3ziumra, melyet Prof. Knoll J\u00f3zsefnek (1925-2018),\u00a0int\u00e9zet\u00fcnk kor\u00e1bbi igazgat\u00f3j\u00e1nak, a Magyar Tudom\u00e1nyos Akad\u00e9mia rendes tagj\u00e1nak \u00e9s\u00a0az antidepressz\u00e1ns\u00a0deprenyl fejleszt\u0151j\u00e9nek tisztelet\u00e9re tartunk.\u00a0 A szimp\u00f3zium helye: Semmelweis Szalonban , 1085, Budapest, \u00dcll\u0151i \u00fat 26. I. emelet. A program illetve\u00a0tov\u00e1bbi inform\u00e1ci\u00f3k az al\u00e1bbi linken tekinthet\u0151k meg:.<\/span><\/p>\n<p><a href=\"https:\/\/semmelweis.hu\/pharmacology\/files\/2019\/09\/Knoll-Symposium-15October2019-1.pdf\"><span style=\"font-family: arial, helvetica, sans-serif;font-size: 10pt\">Link<\/span><\/a><\/p>\n","protected":false},"excerpt":{"rendered":"<p>A Farmakol\u00f3giai \u00e9s Farmakoter\u00e1pi\u00e1s Int\u00e9zet tisztelettel megh\u00edvja\u00a0az okt\u00f3ber 15-\u00e9n megrendezett Eml\u00e9k-szimp\u00f3ziumra, melyet Prof. Knoll J\u00f3zsefnek (1925-2018),\u00a0int\u00e9zet\u00fcnk kor\u00e1bbi igazgat\u00f3j\u00e1nak, a Magyar Tudom\u00e1nyos Akad\u00e9mia rendes tagj\u00e1nak \u00e9s\u00a0az antidepressz\u00e1ns\u00a0deprenyl fejleszt\u0151j\u00e9nek tisztelet\u00e9re tartunk.\u00a0 A szimp\u00f3zium helye: Semmelweis Szalonban , 1085, Budapest, \u00dcll\u0151i \u00fat 26. I. emelet. A program illetve\u00a0tov\u00e1bbi inform\u00e1ci\u00f3k az al\u00e1bbi linken tekinthet\u0151k meg:.<br \/>\n<a href=\"https:\/\/semmelweis.hu\/pharmacology\/files\/2019\/09\/Knoll-Symposium-15October2019-1.pdf\">Link<\/a><\/p>\n","protected":false},"author":101230,"featured_media":9279,"comment_status":"closed","ping_status":"closed","sticky":false,"template":"","format":"standard","meta":{"_acf_changed":false,"footnotes":""},"categories":[407],"tags":[],"class_list":["post-9278","post","type-post","status-publish","format-standard","has-post-thumbnail","hentry","category-hirek"],"acf":[],"_links":{"self":[{"href":"https:\/\/semmelweis.hu\/pharmacology\/wp-json\/wp\/v2\/posts\/9278","targetHints":{"allow":["GET"]}}],"collection":[{"href":"https:\/\/semmelweis.hu\/pharmacology\/wp-json\/wp\/v2\/posts"}],"about":[{"href":"https:\/\/semmelweis.hu\/pharmacology\/wp-json\/wp\/v2\/types\/post"}],"author":[{"embeddable":true,"href":"https:\/\/semmelweis.hu\/pharmacology\/wp-json\/wp\/v2\/users\/101230"}],"replies":[{"embeddable":true,"href":"https:\/\/semmelweis.hu\/pharmacology\/wp-json\/wp\/v2\/comments?post=9278"}],"version-history":[{"count":2,"href":"https:\/\/semmelweis.hu\/pharmacology\/wp-json\/wp\/v2\/posts\/9278\/revisions"}],"predecessor-version":[{"id":9287,"href":"https:\/\/semmelweis.hu\/pharmacology\/wp-json\/wp\/v2\/posts\/9278\/revisions\/9287"}],"wp:featuredmedia":[{"embeddable":true,"href":"https:\/\/semmelweis.hu\/pharmacology\/wp-json\/wp\/v2\/media\/9279"}],"wp:attachment":[{"href":"https:\/\/semmelweis.hu\/pharmacology\/wp-json\/wp\/v2\/media?parent=9278"}],"wp:term":[{"taxonomy":"category","embeddable":true,"href":"https:\/\/semmelweis.hu\/pharmacology\/wp-json\/wp\/v2\/categories?post=9278"},{"taxonomy":"post_tag","embeddable":true,"href":"https:\/\/semmelweis.hu\/pharmacology\/wp-json\/wp\/v2\/tags?post=9278"}],"curies":[{"name":"wp","href":"https:\/\/api.w.org\/{rel}","templated":true}]}}