{"id":8235,"date":"2018-12-13T10:12:06","date_gmt":"2018-12-13T09:12:06","guid":{"rendered":"http:\/\/semmelweis.hu\/pharmacology\/?p=8235"},"modified":"2019-08-30T13:52:45","modified_gmt":"2019-08-30T11:52:45","slug":"ifapp-europai-ertekezlet-a-semmelweis-egyetemen","status":"publish","type":"post","link":"https:\/\/semmelweis.hu\/pharmacology\/2018\/12\/13\/ifapp-europai-ertekezlet-a-semmelweis-egyetemen\/","title":{"rendered":"IFAPP eur\u00f3pai \u00e9rtekezlet a Semmelweis Egyetemen"},"content":{"rendered":"<p><span style=\"font-family: arial, helvetica, sans-serif;font-size: 10pt\">Az IFAPP (International Federation of Associations of Pharmaceutical Physicians, Gy\u00f3gyszerfejleszt\u0151 Orvosok Egyes\u00fcleteinek Nemzetk\u00f6zi Sz\u00f6vets\u00e9ge) jelenleg 30 orsz\u00e1g nemzeti t\u00e1rsas\u00e1g\u00e1t egyes\u00edti, \u00e9s k\u00f6zel 7000 gy\u00f3gyszerfejleszt\u0151 szakembert k\u00e9pvisel. Id\u00e9n a Magyar Farmakol\u00f3giai T\u00e1rsas\u00e1g (MFT) Klinikai Gy\u00f3gyszerfejleszt\u00e9s (Pharmaceutical Medicine) szekci\u00f3ja is az IFAPP tagja lett, melynek meg\u00fcnnepl\u00e9s\u00e9re eur\u00f3pai \u00e9rtekezletet szerveztek a Semmelweis Egyetemen.<\/span><\/p>\n<p><span style=\"font-family: arial, helvetica, sans-serif;font-size: 10pt\">A rendezv\u00e9ny egyetemi h\u00e1zigazd\u00e1ja a Farmakol\u00f3giai \u00e9s Farmakoter\u00e1pi\u00e1s Int\u00e9zet szaktan\u00e1csad\u00f3ja, Dr. Kerpel-Fronius S\u00e1ndor volt, aki IFAPP vezet\u0151s\u00e9gi tagk\u00e9nt akt\u00edvan r\u00e9szt vett a magyar Pharmaceutical Medicine Szekci\u00f3 l\u00e9trehoz\u00e1s\u00e1ban \u00e9s a mostani rendezv\u00e9ny szervez\u00e9s\u00e9ben is.<\/span><\/p>\n<p><span style=\"font-family: arial, helvetica, sans-serif;font-size: 10pt\">Dr. Ferdinandy P\u00e9ter tudom\u00e1nyos \u00e9s innov\u00e1ci\u00f3s rektorhelyettes, a Farmakol\u00f3giai \u00e9s Farmakoter\u00e1pi\u00e1s Int\u00e9zet igazgat\u00f3ja, valamint az MFT eln\u00f6ke nyit\u00f3besz\u00e9d\u00e9ben \u00f6r\u00f6m\u00e9t fejezte ki, hogy a Semmelweis Egyetem adhat otthont ezen rangos nemzetk\u00f6zi rendezv\u00e9nynek, mely egyr\u00e9szt n\u00f6veli az egyetem preszt\u00edzs\u00e9t, m\u00e1sr\u00e9szt el\u0151seg\u00edti a r\u00e9gi\u00f3 \u00f6sszefog\u00e1s\u00e1t a klinikai gy\u00f3gyszerfejleszt\u00e9sben.<\/span><\/p>\n<p><span style=\"font-family: arial, helvetica, sans-serif;font-size: 10pt\">https:\/\/semmelweis.hu\/hirek\/2018\/11\/27\/gyogyszerfejlesztok-europai-ertekezlete-a-semmelweis-egyetemen\/<\/span><\/p>\n","protected":false},"excerpt":{"rendered":"<p>Az IFAPP (International Federation of Associations of Pharmaceutical Physicians, Gy\u00f3gyszerfejleszt\u0151 Orvosok Egyes\u00fcleteinek Nemzetk\u00f6zi Sz\u00f6vets\u00e9ge) jelenleg 30 orsz\u00e1g nemzeti t\u00e1rsas\u00e1g\u00e1t egyes\u00edti, \u00e9s k\u00f6zel 7000 gy\u00f3gyszerfejleszt\u0151 szakembert k\u00e9pvisel. Id\u00e9n a Magyar Farmakol\u00f3giai T\u00e1rsas\u00e1g (MFT) Klinikai Gy\u00f3gyszerfejleszt\u00e9s (Pharmaceutical Medicine) szekci\u00f3ja is az IFAPP tagja lett, melynek meg\u00fcnnepl\u00e9s\u00e9re eur\u00f3pai \u00e9rtekezletet szerveztek a Semmelweis Egyetemen. A rendezv\u00e9ny egyetemi h\u00e1zigazd\u00e1ja a &hellip;<\/p>\n","protected":false},"author":101230,"featured_media":8236,"comment_status":"closed","ping_status":"closed","sticky":false,"template":"","format":"standard","meta":{"_acf_changed":false,"footnotes":""},"categories":[407],"tags":[],"class_list":["post-8235","post","type-post","status-publish","format-standard","has-post-thumbnail","hentry","category-hirek"],"acf":[],"_links":{"self":[{"href":"https:\/\/semmelweis.hu\/pharmacology\/wp-json\/wp\/v2\/posts\/8235","targetHints":{"allow":["GET"]}}],"collection":[{"href":"https:\/\/semmelweis.hu\/pharmacology\/wp-json\/wp\/v2\/posts"}],"about":[{"href":"https:\/\/semmelweis.hu\/pharmacology\/wp-json\/wp\/v2\/types\/post"}],"author":[{"embeddable":true,"href":"https:\/\/semmelweis.hu\/pharmacology\/wp-json\/wp\/v2\/users\/101230"}],"replies":[{"embeddable":true,"href":"https:\/\/semmelweis.hu\/pharmacology\/wp-json\/wp\/v2\/comments?post=8235"}],"version-history":[{"count":1,"href":"https:\/\/semmelweis.hu\/pharmacology\/wp-json\/wp\/v2\/posts\/8235\/revisions"}],"predecessor-version":[{"id":8237,"href":"https:\/\/semmelweis.hu\/pharmacology\/wp-json\/wp\/v2\/posts\/8235\/revisions\/8237"}],"wp:featuredmedia":[{"embeddable":true,"href":"https:\/\/semmelweis.hu\/pharmacology\/wp-json\/wp\/v2\/media\/8236"}],"wp:attachment":[{"href":"https:\/\/semmelweis.hu\/pharmacology\/wp-json\/wp\/v2\/media?parent=8235"}],"wp:term":[{"taxonomy":"category","embeddable":true,"href":"https:\/\/semmelweis.hu\/pharmacology\/wp-json\/wp\/v2\/categories?post=8235"},{"taxonomy":"post_tag","embeddable":true,"href":"https:\/\/semmelweis.hu\/pharmacology\/wp-json\/wp\/v2\/tags?post=8235"}],"curies":[{"name":"wp","href":"https:\/\/api.w.org\/{rel}","templated":true}]}}