{"id":7431,"date":"2018-05-30T14:39:17","date_gmt":"2018-05-30T12:39:17","guid":{"rendered":"http:\/\/semmelweis.hu\/pharmacology\/?p=7431"},"modified":"2018-05-30T15:07:00","modified_gmt":"2018-05-30T13:07:00","slug":"prof-vicsek-tamas-vendegeloadasa","status":"publish","type":"post","link":"https:\/\/semmelweis.hu\/pharmacology\/2018\/05\/30\/prof-vicsek-tamas-vendegeloadasa\/","title":{"rendered":"Prof. Vicsek Tam\u00e1s vend\u00e9gel\u0151ad\u00e1sa"},"content":{"rendered":"<p>Prof. Vicsek Tam\u00e1s, az MTA rendes tagja, az ELTE-MTA Statisztikus \u00e9s Biol\u00f3giai Fizika Kutat\u00f3csoportj\u00e1nak vezet\u0151je m\u00e1jus 31-\u00e9n tudom\u00e1nyos el\u0151ad\u00e1st tart int\u00e9zet\u00fcnkben &#8222;H\u00e1l\u00f3zatok a feh\u00e9rj\u00e9k k\u00f6lcs\u00f6nhat\u00e1s\u00e1t\u00f3l az emberek k\u00f6z\u00f6tti kapcsolatokig&#8221;c\u00edmmel, melyre minden \u00e9rdekl\u0151d\u0151t szeretettel v\u00e1runk.<\/p>\n<p>Az el\u0151ad\u00e1s helye \u00e9s ideje:<br \/>\n2018. m\u00e1jus 31. cs\u00fct\u00f6rt\u00f6k, 15.30<br \/>\nFarmakol\u00f3giai \u00e9s Farmakoter\u00e1pi\u00e1s Int\u00e9zet<br \/>\nIssekutz B\u00e9la terem<br \/>\n(Nagyv\u00e1rad t\u00e9r 4., IV. emelet 404. sz. terem)<\/p>\n<p><a href=\"https:\/\/semmelweis.hu\/pharmacology\/files\/2018\/05\/Meghivo_ProfVicsekTamas_tudomanyos_eloadasara_FARMA_2018053-1.pdf\">&#8211; a megh\u00edv\u00f3 pdf linkje &#8211; <\/a><\/p>\n","protected":false},"excerpt":{"rendered":"<p>Prof. Vicsek Tam\u00e1s, az MTA rendes tagja, az ELTE-MTA Statisztikus \u00e9s Biol\u00f3giai Fizika Kutat\u00f3csoportj\u00e1nak vezet\u0151je m\u00e1jus 31-\u00e9n tudom\u00e1nyos el\u0151ad\u00e1st tart int\u00e9zet\u00fcnkben &#8222;H\u00e1l\u00f3zatok a feh\u00e9rj\u00e9k k\u00f6lcs\u00f6nhat\u00e1s\u00e1t\u00f3l az emberek k\u00f6z\u00f6tti kapcsolatokig&#8221;c\u00edmmel, melyre minden \u00e9rdekl\u0151d\u0151t szeretettel v\u00e1runk. Az el\u0151ad\u00e1s helye \u00e9s ideje: 2018. m\u00e1jus 31. cs\u00fct\u00f6rt\u00f6k, 15.30 Farmakol\u00f3giai \u00e9s Farmakoter\u00e1pi\u00e1s Int\u00e9zet Issekutz B\u00e9la terem (Nagyv\u00e1rad t\u00e9r 4., IV. &hellip;<\/p>\n","protected":false},"author":101230,"featured_media":7436,"comment_status":"closed","ping_status":"closed","sticky":false,"template":"","format":"standard","meta":{"_acf_changed":false,"footnotes":""},"categories":[1,407],"tags":[],"class_list":["post-7431","post","type-post","status-publish","format-standard","has-post-thumbnail","hentry","category-egyeb","category-hirek"],"acf":[],"_links":{"self":[{"href":"https:\/\/semmelweis.hu\/pharmacology\/wp-json\/wp\/v2\/posts\/7431","targetHints":{"allow":["GET"]}}],"collection":[{"href":"https:\/\/semmelweis.hu\/pharmacology\/wp-json\/wp\/v2\/posts"}],"about":[{"href":"https:\/\/semmelweis.hu\/pharmacology\/wp-json\/wp\/v2\/types\/post"}],"author":[{"embeddable":true,"href":"https:\/\/semmelweis.hu\/pharmacology\/wp-json\/wp\/v2\/users\/101230"}],"replies":[{"embeddable":true,"href":"https:\/\/semmelweis.hu\/pharmacology\/wp-json\/wp\/v2\/comments?post=7431"}],"version-history":[{"count":2,"href":"https:\/\/semmelweis.hu\/pharmacology\/wp-json\/wp\/v2\/posts\/7431\/revisions"}],"predecessor-version":[{"id":7434,"href":"https:\/\/semmelweis.hu\/pharmacology\/wp-json\/wp\/v2\/posts\/7431\/revisions\/7434"}],"wp:featuredmedia":[{"embeddable":true,"href":"https:\/\/semmelweis.hu\/pharmacology\/wp-json\/wp\/v2\/media\/7436"}],"wp:attachment":[{"href":"https:\/\/semmelweis.hu\/pharmacology\/wp-json\/wp\/v2\/media?parent=7431"}],"wp:term":[{"taxonomy":"category","embeddable":true,"href":"https:\/\/semmelweis.hu\/pharmacology\/wp-json\/wp\/v2\/categories?post=7431"},{"taxonomy":"post_tag","embeddable":true,"href":"https:\/\/semmelweis.hu\/pharmacology\/wp-json\/wp\/v2\/tags?post=7431"}],"curies":[{"name":"wp","href":"https:\/\/api.w.org\/{rel}","templated":true}]}}