{"id":7154,"date":"2018-04-17T16:38:20","date_gmt":"2018-04-17T14:38:20","guid":{"rendered":"http:\/\/semmelweis.hu\/pharmacology\/?p=7154"},"modified":"2018-05-11T15:25:53","modified_gmt":"2018-05-11T13:25:53","slug":"elhunyt-knoll-jozsef","status":"publish","type":"post","link":"https:\/\/semmelweis.hu\/pharmacology\/2018\/04\/17\/elhunyt-knoll-jozsef\/","title":{"rendered":"Elhunyt Knoll J\u00f3zsef"},"content":{"rendered":"<p><span style=\"font-family: arial, helvetica, sans-serif;font-size: 10pt\">M\u00e9ly f\u00e1jdalommal tudatjuk, hogy Knoll J\u00f3zsef az MTA rendes tagja, a Farmakol\u00f3giai \u00e9s Farmakoter\u00e1pi\u00e1s Int\u00e9zet volt vezet\u0151je (1963-1993), professor emeritusa, Sz\u00e9chenyi \u00e9s \u00c1llami d\u00edjas tud\u00f3s, \u00e9let\u00e9nek 93. \u00e9v\u00e9ben, 2018. \u00e1prilis 17-\u00e9n elhunyt.\u00a0\u00a0<\/span><\/p>\n<p><span style=\"font-family: arial, helvetica, sans-serif;font-size: 10pt\">Knoll J\u00f3zsef a magyar gy\u00f3gyszerkutat\u00e1s kiemelked\u0151 alakja volt, jelent\u0151s szerepet j\u00e1tszott az egyetemi alapkutat\u00e1s, a klinikum \u00e9s a gy\u00f3gyszeriparhoz k\u00f6thet\u0151 fejleszt\u00e9s \u00f6sszekapcsol\u00e1s\u00e1ban. Nev\u00e9hez sz\u00e1mos gy\u00f3gyszer, t\u00f6bbek k\u00f6z\u00f6tt a Parkinson-k\u00f3r, \u00fajabban depresszi\u00f3 kezel\u00e9s\u00e9re az eg\u00e9sz vil\u00e1gon alkalmazott selegiline\/deprenil fejleszt\u00e9se f\u0171z\u0151dik.<\/span><\/p>\n<p><span style=\"font-family: arial, helvetica, sans-serif;font-size: 10pt\">Hazai \u00e9s nemzetk\u00f6zi vil\u00e1gh\u00edr\u0171 kutat\u00f3k viszik tov\u00e1bb mindazt a tud\u00e1st \u00e9s szeml\u00e9letet, amelyet neuropszichofarmakol\u00f3giai kutat\u00e1si m\u0171hely\u00e9b\u0151l mer\u00edtettek.<\/span><\/p>\n<p><span style=\"font-family: arial, helvetica, sans-serif;font-size: 10pt\">Monogr\u00e1fi\u00e1i, melyekben az akt\u00edv reflex kutat\u00e1s ter\u00fclet\u00e9vel kapcsolatos ismereteket a r\u00e1 jellemz\u0151 vil\u00e1gl\u00e1t\u00e1ssal \u00e9s t\u00e1rsadalmi felel\u0151ss\u00e9g\u00e9rzettel foglalta \u00f6ssze, nemcsak haz\u00e1nkban, hanem szerte a vil\u00e1gon nagy \u00e9rdekl\u0151d\u00e9st v\u00e1ltottak ki.<\/span><\/p>\n<p><span style=\"font-family: arial, helvetica, sans-serif;font-size: 10pt\">Legend\u00e1s munkab\u00edr\u00e1sa, sz\u00ednes, minden \u00faj ir\u00e1nt nyitott, egy\u00e9nis\u00e9ge, a munkat\u00e1rsaival val\u00f3 akt\u00edv kapcsolata, \u00e9s mindaz a fizikai \u00e9s szellemi hajt\u00f3er\u0151, ami korunk egyik kiemelked\u0151 tud\u00f3s\u00e1v\u00e1 tette, hi\u00e1nyozni fog az \u00e1ltala 30 \u00e9ven \u00e1t vezetett k\u00f6z\u00f6ss\u00e9g \u00e9let\u00e9b\u0151l. A kutat\u00e1s, az Int\u00e9zet, a munkak\u00f6z\u00f6ss\u00e9g hat\u00e1rozta meg \u00e9let\u00e9t, \u00e9lete v\u00e9g\u00e9ig akt\u00edvan dolgozott.<\/span><\/p>\n<p><span style=\"font-family: arial, helvetica, sans-serif;font-size: 10pt\">Hal\u00e1l\u00e1val nem csak Int\u00e9zet\u00fcnket, hanem a magyar tudom\u00e1nyos \u00e9letet is komoly vesztes\u00e9g \u00e9rte.<\/span><\/p>\n<p><span style=\"font-family: arial, helvetica, sans-serif;font-size: 10pt\">Eml\u00e9k\u00e9t meg\u0151rizz\u00fck.<\/span><\/p>\n<p><span style=\"font-family: arial, helvetica, sans-serif;font-size: 10pt\"><strong>B\u00facs\u00faztat\u00e1s\u00e1ra 2018. m\u00e1jus 25-\u00e9n, p\u00e9nteken 14 \u00f3rakor a Fiumei \u00dati S\u00edrkertben ker\u00fcl sor.<\/strong><\/span><\/p>\n<p><span style=\"font-family: arial, helvetica, sans-serif;font-size: 10pt\">(1086, Budapest, Fiumei \u00fat 16-18.)<\/span><\/p>\n<p><span style=\"font-family: arial, helvetica, sans-serif;font-size: 10pt\">Farmakol\u00f3giai \u00e9s Farmakoter\u00e1pi\u00e1s Int\u00e9zet munkat\u00e1rsai<\/span><\/p>\n","protected":false},"excerpt":{"rendered":"<p>M\u00e9ly f\u00e1jdalommal tudatjuk, hogy Knoll J\u00f3zsef az MTA rendes tagja, a Farmakol\u00f3giai \u00e9s Farmakoter\u00e1pi\u00e1s Int\u00e9zet volt vezet\u0151je (1963-1993), professor emeritusa, Sz\u00e9chenyi \u00e9s \u00c1llami d\u00edjas tud\u00f3s, \u00e9let\u00e9nek 93. \u00e9v\u00e9ben, 2018. \u00e1prilis 17-\u00e9n elhunyt.\u00a0\u00a0 Knoll J\u00f3zsef a magyar gy\u00f3gyszerkutat\u00e1s kiemelked\u0151 alakja volt, jelent\u0151s szerepet j\u00e1tszott az egyetemi alapkutat\u00e1s, a klinikum \u00e9s a gy\u00f3gyszeriparhoz k\u00f6thet\u0151 fejleszt\u00e9s \u00f6sszekapcsol\u00e1s\u00e1ban. Nev\u00e9hez &hellip;<\/p>\n","protected":false},"author":101230,"featured_media":7162,"comment_status":"closed","ping_status":"closed","sticky":false,"template":"","format":"standard","meta":{"_acf_changed":false,"footnotes":""},"categories":[1,407],"tags":[],"class_list":["post-7154","post","type-post","status-publish","format-standard","has-post-thumbnail","hentry","category-egyeb","category-hirek"],"acf":[],"_links":{"self":[{"href":"https:\/\/semmelweis.hu\/pharmacology\/wp-json\/wp\/v2\/posts\/7154","targetHints":{"allow":["GET"]}}],"collection":[{"href":"https:\/\/semmelweis.hu\/pharmacology\/wp-json\/wp\/v2\/posts"}],"about":[{"href":"https:\/\/semmelweis.hu\/pharmacology\/wp-json\/wp\/v2\/types\/post"}],"author":[{"embeddable":true,"href":"https:\/\/semmelweis.hu\/pharmacology\/wp-json\/wp\/v2\/users\/101230"}],"replies":[{"embeddable":true,"href":"https:\/\/semmelweis.hu\/pharmacology\/wp-json\/wp\/v2\/comments?post=7154"}],"version-history":[{"count":3,"href":"https:\/\/semmelweis.hu\/pharmacology\/wp-json\/wp\/v2\/posts\/7154\/revisions"}],"predecessor-version":[{"id":7365,"href":"https:\/\/semmelweis.hu\/pharmacology\/wp-json\/wp\/v2\/posts\/7154\/revisions\/7365"}],"wp:featuredmedia":[{"embeddable":true,"href":"https:\/\/semmelweis.hu\/pharmacology\/wp-json\/wp\/v2\/media\/7162"}],"wp:attachment":[{"href":"https:\/\/semmelweis.hu\/pharmacology\/wp-json\/wp\/v2\/media?parent=7154"}],"wp:term":[{"taxonomy":"category","embeddable":true,"href":"https:\/\/semmelweis.hu\/pharmacology\/wp-json\/wp\/v2\/categories?post=7154"},{"taxonomy":"post_tag","embeddable":true,"href":"https:\/\/semmelweis.hu\/pharmacology\/wp-json\/wp\/v2\/tags?post=7154"}],"curies":[{"name":"wp","href":"https:\/\/api.w.org\/{rel}","templated":true}]}}