{"id":6564,"date":"2017-12-01T15:12:42","date_gmt":"2017-12-01T14:12:42","guid":{"rendered":"http:\/\/semmelweis.hu\/pharmacology\/?p=6564"},"modified":"2017-12-01T15:27:45","modified_gmt":"2017-12-01T14:27:45","slug":"varga-zoltan-junior-prima-dijat-kapott","status":"publish","type":"post","link":"https:\/\/semmelweis.hu\/pharmacology\/2017\/12\/01\/varga-zoltan-junior-prima-dijat-kapott\/","title":{"rendered":"Varga Zolt\u00e1n Junior Pr\u00edma d\u00edjat kapott"},"content":{"rendered":"<p><span style=\"font-family: arial, helvetica, sans-serif;font-size: 10pt\">November 24-\u00e9n a Magyar Tudom\u00e1nyos Akad\u00e9mi\u00e1n 10 fiatal kutat\u00f3t t\u00fcntettek ki Junior Pr\u00edma d\u00edjjal a magyar tudom\u00e1ny kateg\u00f3ri\u00e1ban, k\u00f6zt\u00fck Dr. Varga Zolt\u00e1nt, int\u00e9zet\u00fcnk adjunktus\u00e1t. A d\u00edjazottakat, akik fiatal koruk ellen\u00e9re nemzetk\u00f6zi szinten is kimagasl\u00f3nak sz\u00e1m\u00edt\u00f3 tudom\u00e1nyos kutat\u00e1si eredm\u00e9nyekkel rendelkeznek, egy szakmai zs\u0171ri v\u00e1lasztotta ki a felterjesztett 58 jel\u00f6ltb\u0151l.<\/span><\/p>\n","protected":false},"excerpt":{"rendered":"<p>November 24-\u00e9n a Magyar Tudom\u00e1nyos Akad\u00e9mi\u00e1n 10 fiatal kutat\u00f3t t\u00fcntettek ki Junior Pr\u00edma d\u00edjjal a magyar tudom\u00e1ny kateg\u00f3ri\u00e1ban, k\u00f6zt\u00fck Dr. Varga Zolt\u00e1nt, int\u00e9zet\u00fcnk adjunktus\u00e1t. A d\u00edjazottakat, akik fiatal koruk ellen\u00e9re nemzetk\u00f6zi szinten is kimagasl\u00f3nak sz\u00e1m\u00edt\u00f3 tudom\u00e1nyos kutat\u00e1si eredm\u00e9nyekkel rendelkeznek, egy szakmai zs\u0171ri v\u00e1lasztotta ki a felterjesztett 58 jel\u00f6ltb\u0151l.<\/p>\n","protected":false},"author":101230,"featured_media":6565,"comment_status":"closed","ping_status":"closed","sticky":false,"template":"","format":"standard","meta":{"_acf_changed":false,"footnotes":""},"categories":[484,407],"tags":[],"class_list":["post-6564","post","type-post","status-publish","format-standard","has-post-thumbnail","hentry","category-fontosabb-eredmenyeink","category-hirek"],"acf":[],"_links":{"self":[{"href":"https:\/\/semmelweis.hu\/pharmacology\/wp-json\/wp\/v2\/posts\/6564","targetHints":{"allow":["GET"]}}],"collection":[{"href":"https:\/\/semmelweis.hu\/pharmacology\/wp-json\/wp\/v2\/posts"}],"about":[{"href":"https:\/\/semmelweis.hu\/pharmacology\/wp-json\/wp\/v2\/types\/post"}],"author":[{"embeddable":true,"href":"https:\/\/semmelweis.hu\/pharmacology\/wp-json\/wp\/v2\/users\/101230"}],"replies":[{"embeddable":true,"href":"https:\/\/semmelweis.hu\/pharmacology\/wp-json\/wp\/v2\/comments?post=6564"}],"version-history":[{"count":1,"href":"https:\/\/semmelweis.hu\/pharmacology\/wp-json\/wp\/v2\/posts\/6564\/revisions"}],"predecessor-version":[{"id":6566,"href":"https:\/\/semmelweis.hu\/pharmacology\/wp-json\/wp\/v2\/posts\/6564\/revisions\/6566"}],"wp:featuredmedia":[{"embeddable":true,"href":"https:\/\/semmelweis.hu\/pharmacology\/wp-json\/wp\/v2\/media\/6565"}],"wp:attachment":[{"href":"https:\/\/semmelweis.hu\/pharmacology\/wp-json\/wp\/v2\/media?parent=6564"}],"wp:term":[{"taxonomy":"category","embeddable":true,"href":"https:\/\/semmelweis.hu\/pharmacology\/wp-json\/wp\/v2\/categories?post=6564"},{"taxonomy":"post_tag","embeddable":true,"href":"https:\/\/semmelweis.hu\/pharmacology\/wp-json\/wp\/v2\/tags?post=6564"}],"curies":[{"name":"wp","href":"https:\/\/api.w.org\/{rel}","templated":true}]}}