{"id":5722,"date":"2017-06-12T23:15:41","date_gmt":"2017-06-12T21:15:41","guid":{"rendered":"http:\/\/semmelweis.hu\/pharmacology\/?p=5722"},"modified":"2017-08-09T16:35:53","modified_gmt":"2017-08-09T14:35:53","slug":"riba-palt-apaczai-csere-janos-dijjal-tuntettek-ki","status":"publish","type":"post","link":"https:\/\/semmelweis.hu\/pharmacology\/2017\/06\/12\/riba-palt-apaczai-csere-janos-dijjal-tuntettek-ki\/","title":{"rendered":"Riba P\u00e1lt Ap\u00e1czai Csere J\u00e1nos-d\u00edjjal t\u00fcntett\u00e9k ki"},"content":{"rendered":"<p><span style=\"font-family: arial, helvetica, sans-serif;font-size: 10pt\">Int\u00e9zet\u00fcnk docens\u00e9t, Dr. Riba P\u00e1lt kiemelked\u0151 oktat\u00e1si munk\u00e1j\u00e1\u00e9rt, valamint a pedag\u00f3giai gyakorlatot seg\u00edt\u0151 kiemelked\u0151 tudom\u00e1nyos tev\u00e9kenys\u00e9g\u00e9\u00e9rt Ap\u00e1czai Csere J\u00e1nos-d\u00edjjal t\u00fcntett\u00e9k ki. Az elismer\u00e9st Balog Zolt\u00e1nt\u00f3l, az emberi er\u0151forr\u00e1sok miniszter\u00e9t\u0151l vehette \u00e1t a Zeneakad\u00e9mi\u00e1n. Gratul\u00e1lunk!<\/span><\/p>\n","protected":false},"excerpt":{"rendered":"<p>Int\u00e9zet\u00fcnk docens\u00e9t, Dr. Riba P\u00e1lt kiemelked\u0151 oktat\u00e1si munk\u00e1j\u00e1\u00e9rt, valamint a pedag\u00f3giai gyakorlatot seg\u00edt\u0151 kiemelked\u0151 tudom\u00e1nyos tev\u00e9kenys\u00e9g\u00e9\u00e9rt Ap\u00e1czai Csere J\u00e1nos-d\u00edjjal t\u00fcntett\u00e9k ki. Az elismer\u00e9st Balog Zolt\u00e1nt\u00f3l, az emberi er\u0151forr\u00e1sok miniszter\u00e9t\u0151l vehette \u00e1t a Zeneakad\u00e9mi\u00e1n. Gratul\u00e1lunk!<\/p>\n","protected":false},"author":101230,"featured_media":5723,"comment_status":"closed","ping_status":"closed","sticky":false,"template":"","format":"standard","meta":{"_acf_changed":false,"footnotes":""},"categories":[1,407],"tags":[],"class_list":["post-5722","post","type-post","status-publish","format-standard","has-post-thumbnail","hentry","category-egyeb","category-hirek"],"acf":[],"_links":{"self":[{"href":"https:\/\/semmelweis.hu\/pharmacology\/wp-json\/wp\/v2\/posts\/5722","targetHints":{"allow":["GET"]}}],"collection":[{"href":"https:\/\/semmelweis.hu\/pharmacology\/wp-json\/wp\/v2\/posts"}],"about":[{"href":"https:\/\/semmelweis.hu\/pharmacology\/wp-json\/wp\/v2\/types\/post"}],"author":[{"embeddable":true,"href":"https:\/\/semmelweis.hu\/pharmacology\/wp-json\/wp\/v2\/users\/101230"}],"replies":[{"embeddable":true,"href":"https:\/\/semmelweis.hu\/pharmacology\/wp-json\/wp\/v2\/comments?post=5722"}],"version-history":[{"count":1,"href":"https:\/\/semmelweis.hu\/pharmacology\/wp-json\/wp\/v2\/posts\/5722\/revisions"}],"predecessor-version":[{"id":5724,"href":"https:\/\/semmelweis.hu\/pharmacology\/wp-json\/wp\/v2\/posts\/5722\/revisions\/5724"}],"wp:featuredmedia":[{"embeddable":true,"href":"https:\/\/semmelweis.hu\/pharmacology\/wp-json\/wp\/v2\/media\/5723"}],"wp:attachment":[{"href":"https:\/\/semmelweis.hu\/pharmacology\/wp-json\/wp\/v2\/media?parent=5722"}],"wp:term":[{"taxonomy":"category","embeddable":true,"href":"https:\/\/semmelweis.hu\/pharmacology\/wp-json\/wp\/v2\/categories?post=5722"},{"taxonomy":"post_tag","embeddable":true,"href":"https:\/\/semmelweis.hu\/pharmacology\/wp-json\/wp\/v2\/tags?post=5722"}],"curies":[{"name":"wp","href":"https:\/\/api.w.org\/{rel}","templated":true}]}}