{"id":5602,"date":"2017-04-24T17:53:25","date_gmt":"2017-04-24T15:53:25","guid":{"rendered":"http:\/\/semmelweis.hu\/pharmacology\/?p=5602"},"modified":"2017-04-24T17:53:25","modified_gmt":"2017-04-24T15:53:25","slug":"az-intezet-hallas-kutato-csoportja-phd-hallgatot-keres","status":"publish","type":"post","link":"https:\/\/semmelweis.hu\/pharmacology\/2017\/04\/24\/az-intezet-hallas-kutato-csoportja-phd-hallgatot-keres\/","title":{"rendered":"Az Int\u00e9zet Hall\u00e1s-kutat\u00f3 csoportja PhD hallgat\u00f3t keres."},"content":{"rendered":"<div><span style=\"font-family: arial,helvetica,sans-serif;font-size: 10pt\">Az Int\u00e9zet Hall\u00e1s-kutat\u00f3 csoportja PhD hallgat\u00f3t keres.<\/span><\/div>\n<div><span style=\"font-family: arial,helvetica,sans-serif;font-size: 10pt\"> T\u00e9ma: Intracellul\u00e1ris Ca2+-szignaliz\u00e1ci\u00f3s \u00fatvonalak tanulm\u00e1nyoz\u00e1sa a bels\u0151 f\u00fcl Corti-f\u00e9le szerv\u00e9nek sejtjeiben, ex vivo hemicochlea prepar\u00e1tumban.\u00a0<\/span><\/div>\n<div><span style=\"font-family: arial,helvetica,sans-serif;font-size: 10pt\">Kor\u00e1bbi publik\u00e1ci\u00f3k: 2016. Neurochem Res<span style=\"background-color: #ffffff\">\u00a0(<\/span>PMID:<span style=\"background-color: #ffffff\">\u00a0<\/span>26801171<span style=\"background-color: #ffffff\">\u00a0<\/span>DOI:<span style=\"background-color: #ffffff\">\u00a0<\/span><a style=\"border-bottom: 0px\" href=\"10.1007\/s11064-015-1818-4\">10.1007\/s11064-015-1818-4<\/a><span style=\"background-color: #ffffff\">), 2015 Cell (<\/span>PMID:<span style=\"background-color: #ffffff\">\u00a0<\/span>26544938<span style=\"background-color: #ffffff\">\u00a0<\/span>DOI:<span style=\"background-color: #ffffff\">\u00a0<\/span><a style=\"border-bottom: 0px\" href=\"10.1016\/j.cell.2015.10.023\">10.1016\/j.cell.2015.10.023<\/a>), 2016. Purinergic. Sig. (PMID:<span style=\"background-color: #ffffff\">\u00a0<\/span>26542977<span style=\"background-color: #ffffff\">\u00a0<\/span>PMCID:<span style=\"background-color: #ffffff\">\u00a0<\/span><a style=\"border-bottom: 0px\" href=\"https:\/\/www.ncbi.nlm.nih.gov\/pmc\/articles\/PMC4749532\/\">PMC4749532<\/a><span style=\"background-color: #ffffff\">\u00a0<\/span>DOI:<span style=\"background-color: #ffffff\">\u00a0<\/span><a style=\"border-bottom: 0px\" href=\"10.1007\/s11302-015-9480-5\">10.1007\/s11302-015-9480-5<\/a>)\u00a0<\/span><\/div>\n<div><span style=\"font-family: arial,helvetica,sans-serif;font-size: 10pt\">\u00a0<\/span><\/div>\n<div><span style=\"font-size: 10pt\"><strong><span style=\"font-family: arial,helvetica,sans-serif\">Jelentkez\u00e9s: Dr. Zelles Tibor (zelles.tibor@mad.semmelweis-univ.hu)<\/span><\/strong><\/span><\/div>\n<div><span style=\"font-size: 10pt\"><strong><span style=\"font-family: arial,helvetica,sans-serif\">Jelentkez\u00e9si hat\u00e1rid\u0151: 2017. m\u00e1jus 10.\u00a0<\/span><\/strong><\/span><\/div>\n","protected":false},"excerpt":{"rendered":"<p>Az Int\u00e9zet Hall\u00e1s-kutat\u00f3 csoportja PhD hallgat\u00f3t keres.<br \/>\n T\u00e9ma: Intracellul\u00e1ris Ca2+-szignaliz\u00e1ci\u00f3s \u00fatvonalak tanulm\u00e1nyoz\u00e1sa a bels\u0151 f\u00fcl Corti-f\u00e9le szerv\u00e9nek sejtjeiben, ex vivo hemicochlea prepar\u00e1tumban.\u00a0<br \/>\nKor\u00e1bbi publik\u00e1ci\u00f3k: 2016. Neurochem Res\u00a0(PMID:\u00a026801171\u00a0DOI:\u00a0<a style=\"border-bottom: 0px\" href=\"10.1007\/s11064-015-1818-4\">10.1007\/s11064-015-1818-4<\/a>), 2015 Cell (PMID:\u00a026544938\u00a0DOI:\u00a0<a style=\"border-bottom: 0px\" href=\"10.1016\/j.cell.2015.10.023\">10.1016\/j.cell.2015.10.023<\/a>), 2016. Purinergic. Sig. (PMID:\u00a026542977\u00a0PMCID:\u00a0<a style=\"border-bottom: 0px\" href=\"https:\/\/www.ncbi.nlm.nih.gov\/pmc\/articles\/PMC4749532\/\">PMC4749532<\/a>\u00a0DOI:\u00a0<a style=\"border-bottom: 0px\" href=\"10.1007\/s11302-015-9480-5\">10.1007\/s11302-015-9480-5<\/a>)\u00a0<br \/>\n\u00a0<br \/>\nJelentkez\u00e9s: Dr. Zelles Tibor (zelles.tibor@mad.semmelweis-univ.hu)<br \/>\nJelentkez\u00e9si hat\u00e1rid\u0151: 2017. m\u00e1jus 10.\u00a0<\/p>\n","protected":false},"author":101016,"featured_media":5603,"comment_status":"closed","ping_status":"closed","sticky":false,"template":"","format":"standard","meta":{"_acf_changed":false,"footnotes":""},"categories":[407],"tags":[534],"class_list":["post-5602","post","type-post","status-publish","format-standard","has-post-thumbnail","hentry","category-hirek","tag-az-intezet-hallas-kutato-csoportja-phd-hallgatot-keres"],"acf":[],"_links":{"self":[{"href":"https:\/\/semmelweis.hu\/pharmacology\/wp-json\/wp\/v2\/posts\/5602","targetHints":{"allow":["GET"]}}],"collection":[{"href":"https:\/\/semmelweis.hu\/pharmacology\/wp-json\/wp\/v2\/posts"}],"about":[{"href":"https:\/\/semmelweis.hu\/pharmacology\/wp-json\/wp\/v2\/types\/post"}],"author":[{"embeddable":true,"href":"https:\/\/semmelweis.hu\/pharmacology\/wp-json\/wp\/v2\/users\/101016"}],"replies":[{"embeddable":true,"href":"https:\/\/semmelweis.hu\/pharmacology\/wp-json\/wp\/v2\/comments?post=5602"}],"version-history":[{"count":1,"href":"https:\/\/semmelweis.hu\/pharmacology\/wp-json\/wp\/v2\/posts\/5602\/revisions"}],"predecessor-version":[{"id":5604,"href":"https:\/\/semmelweis.hu\/pharmacology\/wp-json\/wp\/v2\/posts\/5602\/revisions\/5604"}],"wp:featuredmedia":[{"embeddable":true,"href":"https:\/\/semmelweis.hu\/pharmacology\/wp-json\/wp\/v2\/media\/5603"}],"wp:attachment":[{"href":"https:\/\/semmelweis.hu\/pharmacology\/wp-json\/wp\/v2\/media?parent=5602"}],"wp:term":[{"taxonomy":"category","embeddable":true,"href":"https:\/\/semmelweis.hu\/pharmacology\/wp-json\/wp\/v2\/categories?post=5602"},{"taxonomy":"post_tag","embeddable":true,"href":"https:\/\/semmelweis.hu\/pharmacology\/wp-json\/wp\/v2\/tags?post=5602"}],"curies":[{"name":"wp","href":"https:\/\/api.w.org\/{rel}","templated":true}]}}