{"id":5369,"date":"2017-03-21T13:29:50","date_gmt":"2017-03-21T12:29:50","guid":{"rendered":"http:\/\/semmelweis.hu\/pharmacology\/?p=5369"},"modified":"2017-04-24T17:44:20","modified_gmt":"2017-04-24T15:44:20","slug":"a-fu-amitol-nem-lehet-betepni","status":"publish","type":"post","link":"https:\/\/semmelweis.hu\/pharmacology\/2017\/03\/21\/a-fu-amitol-nem-lehet-betepni\/","title":{"rendered":"A f\u0171, amit\u0151l nem lehet bet\u00e9pni"},"content":{"rendered":"<div><span style=\"font-family: arial,helvetica,sans-serif;font-size: 10pt\">Dr. Pacher P\u00e1l, int\u00e9zet\u00fcnk k\u00fcls\u0151 tudom\u00e1nyos tan\u00e1csad\u00f3ja, a Semmelweis Egyetem d\u00edszdoktora, a National Institutes of Health egyik legid\u00e9zettebb kutat\u00f3ja az Index-nek mes\u00e9lt arr\u00f3l, hogy milyen akad\u00e1lyok nehez\u00edtik a\u00a0cannabinoidok\u00a0hat\u00e1sainak kutat\u00e1s\u00e1t.<\/span><\/div>\n<div><a href=\"http:\/\/index.hu\/tudomany\/2017\/03\/19\/a_fu_amitol_nem_lehet_betepni\/\"><span style=\"font-family: arial,helvetica,sans-serif;font-size: 10pt\">A cikk ezen linken olvashat\u00f3.<\/span><\/a><\/div>\n","protected":false},"excerpt":{"rendered":"<p>Dr. Pacher P\u00e1l, int\u00e9zet\u00fcnk k\u00fcls\u0151 tudom\u00e1nyos tan\u00e1csad\u00f3ja, a Semmelweis Egyetem d\u00edszdoktora, a National Institutes of Health egyik legid\u00e9zettebb kutat\u00f3ja az Index-nek mes\u00e9lt arr\u00f3l, hogy milyen akad\u00e1lyok nehez\u00edtik a\u00a0cannabinoidok\u00a0hat\u00e1sainak kutat\u00e1s\u00e1t.<br \/>\n<a href=\"http:\/\/index.hu\/tudomany\/2017\/03\/19\/a_fu_amitol_nem_lehet_betepni\/\">A cikk ezen linken olvashat\u00f3.<\/a><\/p>\n","protected":false},"author":101016,"featured_media":5370,"comment_status":"closed","ping_status":"closed","sticky":false,"template":"","format":"standard","meta":{"_acf_changed":false,"footnotes":""},"categories":[407],"tags":[525,527],"class_list":["post-5369","post","type-post","status-publish","format-standard","has-post-thumbnail","hentry","category-hirek","tag-a-fu","tag-amitol-nem-lehet-betepni"],"acf":[],"_links":{"self":[{"href":"https:\/\/semmelweis.hu\/pharmacology\/wp-json\/wp\/v2\/posts\/5369","targetHints":{"allow":["GET"]}}],"collection":[{"href":"https:\/\/semmelweis.hu\/pharmacology\/wp-json\/wp\/v2\/posts"}],"about":[{"href":"https:\/\/semmelweis.hu\/pharmacology\/wp-json\/wp\/v2\/types\/post"}],"author":[{"embeddable":true,"href":"https:\/\/semmelweis.hu\/pharmacology\/wp-json\/wp\/v2\/users\/101016"}],"replies":[{"embeddable":true,"href":"https:\/\/semmelweis.hu\/pharmacology\/wp-json\/wp\/v2\/comments?post=5369"}],"version-history":[{"count":1,"href":"https:\/\/semmelweis.hu\/pharmacology\/wp-json\/wp\/v2\/posts\/5369\/revisions"}],"predecessor-version":[{"id":5371,"href":"https:\/\/semmelweis.hu\/pharmacology\/wp-json\/wp\/v2\/posts\/5369\/revisions\/5371"}],"wp:featuredmedia":[{"embeddable":true,"href":"https:\/\/semmelweis.hu\/pharmacology\/wp-json\/wp\/v2\/media\/5370"}],"wp:attachment":[{"href":"https:\/\/semmelweis.hu\/pharmacology\/wp-json\/wp\/v2\/media?parent=5369"}],"wp:term":[{"taxonomy":"category","embeddable":true,"href":"https:\/\/semmelweis.hu\/pharmacology\/wp-json\/wp\/v2\/categories?post=5369"},{"taxonomy":"post_tag","embeddable":true,"href":"https:\/\/semmelweis.hu\/pharmacology\/wp-json\/wp\/v2\/tags?post=5369"}],"curies":[{"name":"wp","href":"https:\/\/api.w.org\/{rel}","templated":true}]}}