{"id":5060,"date":"2016-12-22T12:52:21","date_gmt":"2016-12-22T11:52:21","guid":{"rendered":"http:\/\/semmelweis.hu\/pharmacology\/?p=5060"},"modified":"2017-04-24T17:48:30","modified_gmt":"2017-04-24T15:48:30","slug":"dr-vizi-e-szilveszter-kapta-az-ev-ismeretterjeszto-tudosa-dijat","status":"publish","type":"post","link":"https:\/\/semmelweis.hu\/pharmacology\/2016\/12\/22\/dr-vizi-e-szilveszter-kapta-az-ev-ismeretterjeszto-tudosa-dijat\/","title":{"rendered":"Dr. Vizi E. Szilveszter kapta Az \u00c9v Ismeretterjeszt\u0151 Tud\u00f3sa D\u00edjat"},"content":{"rendered":"<p><span style=\"font-family: arial,helvetica,sans-serif;font-size: 10pt\">Dr. Vizi E. Szilveszter Sz\u00e9chenyi Nagyd\u00edjas agykutat\u00f3, a Magyar Tudom\u00e1nyos Akad\u00e9mia volt eln\u00f6ke, a Farmakol\u00f3giai \u00e9s Farmakoter\u00e1pi\u00e1s Int\u00e9zet professor emeritusa kapta Az \u00c9v Ismeretterjeszt\u0151 Tud\u00f3sa D\u00edj \u2013 Kisbolyg\u00f3val honoris causa c\u00edm\u0171 elismer\u00e9st. Az \u00e9vente oda\u00edt\u00e9lt kit\u00fcntet\u00e9st a tudom\u00e1nyos \u00fajs\u00e1g\u00edr\u00f3k szavazatai alapj\u00e1n azok a tud\u00f3sok vehetik \u00e1t, akik a legt\u00f6bbet tett\u00e9k a tudom\u00e1ny n\u00e9pszer\u0171s\u00edt\u00e9s\u00e9\u00e9rt, k\u00f6z\u00e9rthet\u0151 megjelen\u00edt\u00e9s\u00e9\u00e9rt.<\/span><\/p>\n<p><span style=\"font-family: arial,helvetica,sans-serif;font-size: 10pt\"><a href=\"https:\/\/semmelweis.hu\/hirek\/files\/2016\/12\/RS29051__ZZS8828-scr.jpg\"><img loading=\"lazy\" decoding=\"async\" class=\"alignright size-medium wp-image-56978\" src=\"https:\/\/semmelweis.hu\/hirek\/files\/2016\/12\/RS29051__ZZS8828-scr-300x200.jpg\" alt=\"\" width=\"300\" height=\"200\" \/><\/a>Dr. Vizi E. Szilveszter f\u0151bb kutat\u00e1si ter\u00fclete a k\u00f6zponti \u00e9s perif\u00e9ri\u00e1s idegrendszer inger\u00fclet-\u00e1tvitel\u00e9nek fiziol\u00f3giai szab\u00e1lyoz\u00e1sa \u00e9s gy\u00f3gyszeres befoly\u00e1solhat\u00f3s\u00e1ga, a neuronok k\u00f6z\u00f6tti k\u00f6lcs\u00f6nhat\u00e1s, \u00e1thall\u00e1s vizsg\u00e1lata, valamint egy\u00e9b inger\u00fclet-\u00e1tviteli k\u00e9rd\u00e9sek. Egy \u00faj agym\u0171k\u00f6d\u00e9si modell, valamint t\u00f6bb idegrendszeri betegs\u00e9g neurobiok\u00e9miai m\u00f3dszer\u00e9nek kidolgoz\u00e1sa is a nev\u00e9hez f\u0171z\u0151dik egyebek mellett.<\/span><\/p>\n<p><span style=\"font-family: arial,helvetica,sans-serif;font-size: 10pt\">Az \u00c9v Ismeretterjeszt\u0151 Tud\u00f3sa D\u00edj \u2013 Kisbolyg\u00f3val honoris causa c\u00edm\u0171 elismer\u00e9st a Tudom\u00e1nyos \u00dajs\u00e1g\u00edr\u00f3k Klubja alap\u00edtotta 1996-ban, a d\u00edjazottakr\u00f3l magyar felfedez\u00e9s\u0171 \u00e9gitesteket neveznek el. A kit\u00fcntetettek k\u00f6z\u00f6tt olyan tud\u00f3sok szerepelnek, mint Simonyi K\u00e1roly fizikusprofessor, Dr. Falus Andr\u00e1s immunol\u00f3gus, a Genetikai, Sejt- \u00e9s Immunbiol\u00f3giai Int\u00e9zet egyetemi tan\u00e1ra \u00e9s Dr. Freund Tam\u00e1s neurol\u00f3gus. Dr. Kiss L. L\u00e1szl\u00f3 akad\u00e9mikus, az MTA CsFK Konkoly Thege Mikl\u00f3s Csillag\u00e1szati Int\u00e9zet igazgat\u00f3ja az Ur\u00e1nia Csillagvizsg\u00e1l\u00f3ban tartott d\u00edj\u00e1tad\u00f3n elmondta, a Vizi-kisbolyg\u00f3 elnevez\u00e9se december 19-\u00e9n v\u00e1lt hivataloss\u00e1. A Dr. Vizi E. Szilveszterr\u0151l elnevezett kisbolyg\u00f3t 2008. december 31-\u00e9n, szilveszter \u00e9jjel\u00e9n \u00e9szlelte S\u00e1rneczky Kriszti\u00e1n, a Konkoly Thege Mikl\u00f3s Csillag\u00e1szati Int\u00e9zet munkat\u00e1rsa.<\/span><\/p>\n","protected":false},"excerpt":{"rendered":"<p>Dr. Vizi E. Szilveszter Sz\u00e9chenyi Nagyd\u00edjas agykutat\u00f3, a Magyar Tudom\u00e1nyos Akad\u00e9mia volt eln\u00f6ke, a Farmakol\u00f3giai \u00e9s Farmakoter\u00e1pi\u00e1s Int\u00e9zet professor emeritusa kapta Az \u00c9v Ismeretterjeszt\u0151 Tud\u00f3sa D\u00edj \u2013 Kisbolyg\u00f3val honoris causa c\u00edm\u0171 elismer\u00e9st. Az \u00e9vente oda\u00edt\u00e9lt kit\u00fcntet\u00e9st a tudom\u00e1nyos \u00fajs\u00e1g\u00edr\u00f3k szavazatai alapj\u00e1n azok a tud\u00f3sok vehetik \u00e1t, akik a legt\u00f6bbet tett\u00e9k a tudom\u00e1ny n\u00e9pszer\u0171s\u00edt\u00e9s\u00e9\u00e9rt, k\u00f6z\u00e9rthet\u0151 megjelen\u00edt\u00e9s\u00e9\u00e9rt. &hellip;<\/p>\n","protected":false},"author":101016,"featured_media":5066,"comment_status":"closed","ping_status":"closed","sticky":false,"template":"","format":"standard","meta":{"_acf_changed":false,"footnotes":""},"categories":[407],"tags":[502],"class_list":["post-5060","post","type-post","status-publish","format-standard","has-post-thumbnail","hentry","category-hirek","tag-dr-vizi-e-szilveszter-kapta-az-ev-ismeretterjeszto-tudosa-dijat"],"acf":[],"_links":{"self":[{"href":"https:\/\/semmelweis.hu\/pharmacology\/wp-json\/wp\/v2\/posts\/5060","targetHints":{"allow":["GET"]}}],"collection":[{"href":"https:\/\/semmelweis.hu\/pharmacology\/wp-json\/wp\/v2\/posts"}],"about":[{"href":"https:\/\/semmelweis.hu\/pharmacology\/wp-json\/wp\/v2\/types\/post"}],"author":[{"embeddable":true,"href":"https:\/\/semmelweis.hu\/pharmacology\/wp-json\/wp\/v2\/users\/101016"}],"replies":[{"embeddable":true,"href":"https:\/\/semmelweis.hu\/pharmacology\/wp-json\/wp\/v2\/comments?post=5060"}],"version-history":[{"count":1,"href":"https:\/\/semmelweis.hu\/pharmacology\/wp-json\/wp\/v2\/posts\/5060\/revisions"}],"predecessor-version":[{"id":5067,"href":"https:\/\/semmelweis.hu\/pharmacology\/wp-json\/wp\/v2\/posts\/5060\/revisions\/5067"}],"wp:featuredmedia":[{"embeddable":true,"href":"https:\/\/semmelweis.hu\/pharmacology\/wp-json\/wp\/v2\/media\/5066"}],"wp:attachment":[{"href":"https:\/\/semmelweis.hu\/pharmacology\/wp-json\/wp\/v2\/media?parent=5060"}],"wp:term":[{"taxonomy":"category","embeddable":true,"href":"https:\/\/semmelweis.hu\/pharmacology\/wp-json\/wp\/v2\/categories?post=5060"},{"taxonomy":"post_tag","embeddable":true,"href":"https:\/\/semmelweis.hu\/pharmacology\/wp-json\/wp\/v2\/tags?post=5060"}],"curies":[{"name":"wp","href":"https:\/\/api.w.org\/{rel}","templated":true}]}}