{"id":4061,"date":"2016-03-17T09:00:02","date_gmt":"2016-03-17T08:00:02","guid":{"rendered":"http:\/\/semmelweis.hu\/pharmacology\/?p=4061"},"modified":"2016-03-22T14:34:37","modified_gmt":"2016-03-22T13:34:37","slug":"prof-dr-gyires-klara-pro-universitate-dijban-reszesult","status":"publish","type":"post","link":"https:\/\/semmelweis.hu\/pharmacology\/2016\/03\/17\/prof-dr-gyires-klara-pro-universitate-dijban-reszesult\/","title":{"rendered":"Prof. Dr. Gyires Kl\u00e1ra Pro Universitate D\u00edjban r\u00e9szes\u00fclt"},"content":{"rendered":"<div class=\"textLayer\">\n<div>A Semmelweis Egyetem Szen\u00e1tusa Pro Universitate D\u00edjban k\u00edv\u00e1nja r\u00e9szes\u00edteni azon szem\u00e9lyeket, akik t\u00f6bb \u00e9ves kimagasl\u00f3 tev\u00e9kenys\u00e9g\u00fckkel hozz\u00e1j\u00e1rultak az Egyetem c\u00e9lkit\u0171z\u00e9seinek magas szint\u0171 megval\u00f3s\u00edt\u00e1s\u00e1hoz. A d\u00edjazott lehet az Egyetem b\u00e1rmely oktat\u00f3ja, kutat\u00f3ja, aki az oktat\u00f3i \u00e9s kutat\u00f3i k\u00f6vetelm\u00e9nyrendszerben meghat\u00e1rozottaknak minden ter\u00fcleten eleget tett, hozz\u00e1j\u00e1rult az Egyetem k\u00fcldet\u00e9s\u00e9nek magas szint\u0171 megval\u00f3s\u00edt\u00e1s\u00e1hoz. Iskolateremt\u0151 oktat\u00f3-kutat\u00f3munk\u00e1j\u00e1val, tudom\u00e1nyos eredm\u00e9nyeivel kiv\u00edvta a hazai \u00e9s nemzetk\u00f6zi szakmai k\u00f6r\u00f6k elismer\u00e9s\u00e9t, megbecs\u00fcl\u00e9s\u00e9t.<\/div>\n<\/div>\n<div>\n<div><\/div>\n<div>A 2016. m\u00e1rcius 15-i \u00fcnneps\u00e9gen Gyires Kl\u00e1ra professzor asszony r\u00e9szes\u00fclt ebben a kit\u00fcntet\u00e9sben.<\/div>\n<\/div>\n<div><\/div>\n<div><a href=\"https:\/\/semmelweis.hu\/pharmacology\/files\/2016\/03\/RS46860_KA-20160311-IMG_8031-scr1.jpg\" rel=\"attachment wp-att-4063\"><img loading=\"lazy\" decoding=\"async\" class=\"alignright size-full wp-image-4063\" src=\"https:\/\/semmelweis.hu\/pharmacology\/files\/2016\/03\/RS46860_KA-20160311-IMG_8031-scr1.jpg\" alt=\"RS46860_KA-20160311-IMG_8031-scr(1)\" width=\"950\" height=\"633\" srcset=\"https:\/\/semmelweis.hu\/pharmacology\/files\/2016\/03\/RS46860_KA-20160311-IMG_8031-scr1.jpg 950w, https:\/\/semmelweis.hu\/pharmacology\/files\/2016\/03\/RS46860_KA-20160311-IMG_8031-scr1-300x200.jpg 300w, https:\/\/semmelweis.hu\/pharmacology\/files\/2016\/03\/RS46860_KA-20160311-IMG_8031-scr1-768x512.jpg 768w, https:\/\/semmelweis.hu\/pharmacology\/files\/2016\/03\/RS46860_KA-20160311-IMG_8031-scr1-396x264.jpg 396w\" sizes=\"auto, (max-width: 950px) 100vw, 950px\" \/><\/a><\/div>\n","protected":false},"excerpt":{"rendered":"<p>A Semmelweis Egyetem Szen\u00e1tusa Pro Universitate D\u00edjban k\u00edv\u00e1nja r\u00e9szes\u00edteni azon szem\u00e9lyeket, akik t\u00f6bb \u00e9ves kimagasl\u00f3 tev\u00e9kenys\u00e9g\u00fckkel hozz\u00e1j\u00e1rultak az Egyetem c\u00e9lkit\u0171z\u00e9seinek magas szint\u0171 megval\u00f3s\u00edt\u00e1s\u00e1hoz. A d\u00edjazott lehet az Egyetem b\u00e1rmely oktat\u00f3ja, kutat\u00f3ja, aki az oktat\u00f3i \u00e9s kutat\u00f3i k\u00f6vetelm\u00e9nyrendszerben meghat\u00e1rozottaknak minden ter\u00fcleten eleget tett, hozz\u00e1j\u00e1rult az Egyetem k\u00fcldet\u00e9s\u00e9nek magas szint\u0171 megval\u00f3s\u00edt\u00e1s\u00e1hoz. Iskolateremt\u0151 oktat\u00f3-kutat\u00f3munk\u00e1j\u00e1val, tudom\u00e1nyos eredm\u00e9nyeivel kiv\u00edvta a &hellip;<\/p>\n","protected":false},"author":101016,"featured_media":4062,"comment_status":"open","ping_status":"open","sticky":false,"template":"","format":"standard","meta":{"_acf_changed":false,"footnotes":""},"categories":[407],"tags":[446],"class_list":["post-4061","post","type-post","status-publish","format-standard","has-post-thumbnail","hentry","category-hirek","tag-prof-dr-gyires-klara-pro-universitate-dijban-reszesult"],"acf":[],"_links":{"self":[{"href":"https:\/\/semmelweis.hu\/pharmacology\/wp-json\/wp\/v2\/posts\/4061","targetHints":{"allow":["GET"]}}],"collection":[{"href":"https:\/\/semmelweis.hu\/pharmacology\/wp-json\/wp\/v2\/posts"}],"about":[{"href":"https:\/\/semmelweis.hu\/pharmacology\/wp-json\/wp\/v2\/types\/post"}],"author":[{"embeddable":true,"href":"https:\/\/semmelweis.hu\/pharmacology\/wp-json\/wp\/v2\/users\/101016"}],"replies":[{"embeddable":true,"href":"https:\/\/semmelweis.hu\/pharmacology\/wp-json\/wp\/v2\/comments?post=4061"}],"version-history":[{"count":2,"href":"https:\/\/semmelweis.hu\/pharmacology\/wp-json\/wp\/v2\/posts\/4061\/revisions"}],"predecessor-version":[{"id":4079,"href":"https:\/\/semmelweis.hu\/pharmacology\/wp-json\/wp\/v2\/posts\/4061\/revisions\/4079"}],"wp:featuredmedia":[{"embeddable":true,"href":"https:\/\/semmelweis.hu\/pharmacology\/wp-json\/wp\/v2\/media\/4062"}],"wp:attachment":[{"href":"https:\/\/semmelweis.hu\/pharmacology\/wp-json\/wp\/v2\/media?parent=4061"}],"wp:term":[{"taxonomy":"category","embeddable":true,"href":"https:\/\/semmelweis.hu\/pharmacology\/wp-json\/wp\/v2\/categories?post=4061"},{"taxonomy":"post_tag","embeddable":true,"href":"https:\/\/semmelweis.hu\/pharmacology\/wp-json\/wp\/v2\/tags?post=4061"}],"curies":[{"name":"wp","href":"https:\/\/api.w.org\/{rel}","templated":true}]}}