{"id":3725,"date":"2015-12-16T08:24:43","date_gmt":"2015-12-16T07:24:43","guid":{"rendered":"http:\/\/semmelweis.hu\/pharmacology\/?p=3725"},"modified":"2015-12-16T09:30:16","modified_gmt":"2015-12-16T08:30:16","slug":"megjelent-knoll-professzor-uj-konyve-a-selegeline-rol-podcast","status":"publish","type":"post","link":"https:\/\/semmelweis.hu\/pharmacology\/2015\/12\/16\/megjelent-knoll-professzor-uj-konyve-a-selegeline-rol-podcast\/","title":{"rendered":"Megjelent Knoll Professzor \u00faj k\u00f6nyve a selegiline-r\u0151l &#8211; podcast"},"content":{"rendered":"<p><span style=\"font-family: arial,helvetica,sans-serif;font-size: 10pt\">Knoll J\u00f3zsef, Emeritus Professzor, &#8222;How Selegiline\/(-)-Deprenyl Slows Brain Aging&#8221; c\u00edm\u0171,<\/span><\/p>\n<p><span style=\"font-family: arial,helvetica,sans-serif;font-size: 10pt\">2012-ben a Bentham Science Publisher -n\u00e9l megjelent, monogr\u00e1fia l\u00e9nyegi mondanival\u00f3j\u00e1nak<\/span><\/p>\n<p><span style=\"font-family: arial,helvetica,sans-serif;font-size: 10pt\">szerz\u0151i \u00f6sszefoglal\u00e1sa egy most megjelent YouTube podcast-on.<\/span><\/p>\n\n<!-- iframe plugin v.4.9 wordpress.org\/plugins\/iframe\/ -->\n<iframe loading=\"lazy\" src=\"https:\/\/www.youtube.com\/embed\/Qj0MAUpwSP0\" width=\"560\" height=\"315\" scrolling=\"yes\" class=\"iframe-class\" frameborder=\"0\"><\/iframe>\n\n<p>&nbsp;<\/p>\n<p>&nbsp;<\/p>\n","protected":false},"excerpt":{"rendered":"<p>Knoll J\u00f3zsef, Emeritus Professzor, &#8222;How Selegiline\/(-)-Deprenyl Slows Brain Aging&#8221; c\u00edm\u0171,<br \/>\n2012-ben a Bentham Science Publisher -n\u00e9l megjelent, monogr\u00e1fia l\u00e9nyegi mondanival\u00f3j\u00e1nak<br \/>\nszerz\u0151i \u00f6sszefoglal\u00e1sa egy most megjelent YouTube podcast-on.<br \/>\n&nbsp;<br \/>\n&nbsp;<\/p>\n","protected":false},"author":101016,"featured_media":3726,"comment_status":"open","ping_status":"open","sticky":false,"template":"","format":"standard","meta":{"_acf_changed":false,"footnotes":""},"categories":[407],"tags":[437],"class_list":["post-3725","post","type-post","status-publish","format-standard","has-post-thumbnail","hentry","category-hirek","tag-megjelent-knoll-professzor-uj-konyve-a-selegiline-rol-podcast"],"acf":[],"_links":{"self":[{"href":"https:\/\/semmelweis.hu\/pharmacology\/wp-json\/wp\/v2\/posts\/3725","targetHints":{"allow":["GET"]}}],"collection":[{"href":"https:\/\/semmelweis.hu\/pharmacology\/wp-json\/wp\/v2\/posts"}],"about":[{"href":"https:\/\/semmelweis.hu\/pharmacology\/wp-json\/wp\/v2\/types\/post"}],"author":[{"embeddable":true,"href":"https:\/\/semmelweis.hu\/pharmacology\/wp-json\/wp\/v2\/users\/101016"}],"replies":[{"embeddable":true,"href":"https:\/\/semmelweis.hu\/pharmacology\/wp-json\/wp\/v2\/comments?post=3725"}],"version-history":[{"count":4,"href":"https:\/\/semmelweis.hu\/pharmacology\/wp-json\/wp\/v2\/posts\/3725\/revisions"}],"predecessor-version":[{"id":3731,"href":"https:\/\/semmelweis.hu\/pharmacology\/wp-json\/wp\/v2\/posts\/3725\/revisions\/3731"}],"wp:featuredmedia":[{"embeddable":true,"href":"https:\/\/semmelweis.hu\/pharmacology\/wp-json\/wp\/v2\/media\/3726"}],"wp:attachment":[{"href":"https:\/\/semmelweis.hu\/pharmacology\/wp-json\/wp\/v2\/media?parent=3725"}],"wp:term":[{"taxonomy":"category","embeddable":true,"href":"https:\/\/semmelweis.hu\/pharmacology\/wp-json\/wp\/v2\/categories?post=3725"},{"taxonomy":"post_tag","embeddable":true,"href":"https:\/\/semmelweis.hu\/pharmacology\/wp-json\/wp\/v2\/tags?post=3725"}],"curies":[{"name":"wp","href":"https:\/\/api.w.org\/{rel}","templated":true}]}}