{"id":3717,"date":"2015-12-11T13:19:53","date_gmt":"2015-12-11T12:19:53","guid":{"rendered":"http:\/\/semmelweis.hu\/pharmacology\/?p=3717"},"modified":"2015-12-11T13:19:53","modified_gmt":"2015-12-11T12:19:53","slug":"fontos-valtozas-a-levelezesben-kancellari-korlevel","status":"publish","type":"post","link":"https:\/\/semmelweis.hu\/pharmacology\/2015\/12\/11\/fontos-valtozas-a-levelezesben-kancellari-korlevel\/","title":{"rendered":"FONTOS! V\u00e1ltoz\u00e1s a levelez\u00e9sben &#8211; Kancell\u00e1ri k\u00f6rlev\u00e9l"},"content":{"rendered":"<p>&nbsp;<\/p>\n<p><span style=\"font-family: arial,helvetica,sans-serif;font-size: 10pt\">A 26\/2015 sz\u00e1m\u00fa kancell\u00e1ri k\u00f6rlev\u00e9l alapj\u00e1n:<\/span><\/p>\n<p><span style=\"font-family: arial,helvetica,sans-serif;font-size: 10pt\"><strong>&#8222;A Semmelweis Egyetem egys\u00e9ges levelez\u00e9si c\u00edme 2016. janu\u00e1r 1-j\u00e9t\u0151l: 1085 Budapest, \u00dcll\u0151i \u00fat 26.; 142 Budapest, Pf.2.. K\u00e9rem, hogy a lev\u00e9lpostai k\u00fcldem\u00e9nyeit ezen id\u0151pontt\u00f3l kezd\u0151d\u0151en kiz\u00e1r\u00f3lag erre a c\u00edmre sz\u00edveskedjen r\u00e9sz\u00fcnkre megk\u00fcldeni, azzal, hogy a bor\u00edt\u00e9kon t\u00fcntesse fel c\u00edmzettk\u00e9nt a szervezeti egys\u00e9get.&#8221;<\/strong><\/span><\/p>\n","protected":false},"excerpt":{"rendered":"<p>&nbsp;<br \/>\nA 26\/2015 sz\u00e1m\u00fa kancell\u00e1ri k\u00f6rlev\u00e9l alapj\u00e1n:<br \/>\n&#8222;A Semmelweis Egyetem egys\u00e9ges levelez\u00e9si c\u00edme 2016. janu\u00e1r 1-j\u00e9t\u0151l: 1085 Budapest, \u00dcll\u0151i \u00fat 26.; 142 Budapest, Pf.2.. K\u00e9rem, hogy a lev\u00e9lpostai k\u00fcldem\u00e9nyeit ezen id\u0151pontt\u00f3l kezd\u0151d\u0151en kiz\u00e1r\u00f3lag erre a c\u00edmre sz\u00edveskedjen r\u00e9sz\u00fcnkre megk\u00fcldeni, azzal, hogy a bor\u00edt\u00e9kon t\u00fcntesse fel c\u00edmzettk\u00e9nt a szervezeti egys\u00e9get.&#8221;<\/p>\n","protected":false},"author":101016,"featured_media":3718,"comment_status":"open","ping_status":"open","sticky":false,"template":"","format":"standard","meta":{"_acf_changed":false,"footnotes":""},"categories":[407],"tags":[431],"class_list":["post-3717","post","type-post","status-publish","format-standard","has-post-thumbnail","hentry","category-hirek","tag-fontos-valtozas-a-levelezesben-kancellari-korlevel"],"acf":[],"_links":{"self":[{"href":"https:\/\/semmelweis.hu\/pharmacology\/wp-json\/wp\/v2\/posts\/3717","targetHints":{"allow":["GET"]}}],"collection":[{"href":"https:\/\/semmelweis.hu\/pharmacology\/wp-json\/wp\/v2\/posts"}],"about":[{"href":"https:\/\/semmelweis.hu\/pharmacology\/wp-json\/wp\/v2\/types\/post"}],"author":[{"embeddable":true,"href":"https:\/\/semmelweis.hu\/pharmacology\/wp-json\/wp\/v2\/users\/101016"}],"replies":[{"embeddable":true,"href":"https:\/\/semmelweis.hu\/pharmacology\/wp-json\/wp\/v2\/comments?post=3717"}],"version-history":[{"count":1,"href":"https:\/\/semmelweis.hu\/pharmacology\/wp-json\/wp\/v2\/posts\/3717\/revisions"}],"predecessor-version":[{"id":3719,"href":"https:\/\/semmelweis.hu\/pharmacology\/wp-json\/wp\/v2\/posts\/3717\/revisions\/3719"}],"wp:featuredmedia":[{"embeddable":true,"href":"https:\/\/semmelweis.hu\/pharmacology\/wp-json\/wp\/v2\/media\/3718"}],"wp:attachment":[{"href":"https:\/\/semmelweis.hu\/pharmacology\/wp-json\/wp\/v2\/media?parent=3717"}],"wp:term":[{"taxonomy":"category","embeddable":true,"href":"https:\/\/semmelweis.hu\/pharmacology\/wp-json\/wp\/v2\/categories?post=3717"},{"taxonomy":"post_tag","embeddable":true,"href":"https:\/\/semmelweis.hu\/pharmacology\/wp-json\/wp\/v2\/tags?post=3717"}],"curies":[{"name":"wp","href":"https:\/\/api.w.org\/{rel}","templated":true}]}}