{"id":15439,"date":"2025-11-24T16:35:32","date_gmt":"2025-11-24T15:35:32","guid":{"rendered":"https:\/\/semmelweis.hu\/pharmacology\/?p=15439"},"modified":"2025-11-24T16:35:32","modified_gmt":"2025-11-24T15:35:32","slug":"dr-aniko-gorbe-receives-her-university-professor-appointment-from-the-president-of-the-republic","status":"publish","type":"post","link":"https:\/\/semmelweis.hu\/pharmacology\/en\/2025\/11\/24\/dr-aniko-gorbe-receives-her-university-professor-appointment-from-the-president-of-the-republic\/","title":{"rendered":"Dr. Anik\u00f3 G\u00f6rbe Receives Her University Professor Appointment from the President of the Republic"},"content":{"rendered":"<p class=\"x_MsoNormal\" style=\"text-align: justify\" data-olk-copy-source=\"MessageBody\">On 10 November 2025, Dr. Anik\u00f3 G\u00f6rbe received her university professor appointment from the President of the Republic in an official ceremony held at the S\u00e1ndor Palace. The appointment \u2013 which took effect on 1 September 2025 \u2013 was granted in recognition of her outstanding academic achievements and contributions to education and research at Semmelweis University.<\/p>\n<figure id=\"attachment_15436\" aria-describedby=\"caption-attachment-15436\" style=\"width: 753px\" class=\"wp-caption aligncenter\"><img loading=\"lazy\" decoding=\"async\" class=\"wp-image-15436 size-large\" src=\"https:\/\/semmelweis.hu\/pharmacology\/files\/2025\/11\/Kienevezes_GA_1-1024x683.jpg\" alt=\"\" width=\"753\" height=\"502\" srcset=\"https:\/\/semmelweis.hu\/pharmacology\/files\/2025\/11\/Kienevezes_GA_1-1024x683.jpg 1024w, https:\/\/semmelweis.hu\/pharmacology\/files\/2025\/11\/Kienevezes_GA_1-400x267.jpg 400w, https:\/\/semmelweis.hu\/pharmacology\/files\/2025\/11\/Kienevezes_GA_1-768x512.jpg 768w, https:\/\/semmelweis.hu\/pharmacology\/files\/2025\/11\/Kienevezes_GA_1-1536x1024.jpg 1536w, https:\/\/semmelweis.hu\/pharmacology\/files\/2025\/11\/Kienevezes_GA_1-753x502.jpg 753w, https:\/\/semmelweis.hu\/pharmacology\/files\/2025\/11\/Kienevezes_GA_1-203x135.jpg 203w\" sizes=\"auto, (max-width: 753px) 100vw, 753px\" \/><figcaption id=\"caption-attachment-15436\" class=\"wp-caption-text\">2025. november 10. | Egyetemi tan\u00e1ri kinevez\u00e9si okiratok \u00fcnnep\u00e9lyes \u00e1tad\u00e1sa &#8211; az esem\u00e9ny k\u00e9pei.<\/figcaption><\/figure>\n<p class=\"x_MsoNormal\" style=\"text-align: justify\">According to the official statement of the S\u00e1ndor Palace, the President praised the newly appointed professors for their scientific accomplishments and commitment to university teaching. In its report, Semmelweis University highlighted that Dr. G\u00f6rbe\u2019s work has significantly contributed to the institution\u2019s international research and educational development.<\/p>\n<figure id=\"attachment_15437\" aria-describedby=\"caption-attachment-15437\" style=\"width: 753px\" class=\"wp-caption aligncenter\"><img loading=\"lazy\" decoding=\"async\" class=\"wp-image-15437 size-large\" src=\"https:\/\/semmelweis.hu\/pharmacology\/files\/2025\/11\/Kienevezes_GA_2-1024x683.jpg\" alt=\"\" width=\"753\" height=\"502\" srcset=\"https:\/\/semmelweis.hu\/pharmacology\/files\/2025\/11\/Kienevezes_GA_2-1024x683.jpg 1024w, https:\/\/semmelweis.hu\/pharmacology\/files\/2025\/11\/Kienevezes_GA_2-400x267.jpg 400w, https:\/\/semmelweis.hu\/pharmacology\/files\/2025\/11\/Kienevezes_GA_2-768x512.jpg 768w, https:\/\/semmelweis.hu\/pharmacology\/files\/2025\/11\/Kienevezes_GA_2-1536x1024.jpg 1536w, https:\/\/semmelweis.hu\/pharmacology\/files\/2025\/11\/Kienevezes_GA_2-2048x1365.jpg 2048w, https:\/\/semmelweis.hu\/pharmacology\/files\/2025\/11\/Kienevezes_GA_2-753x502.jpg 753w, https:\/\/semmelweis.hu\/pharmacology\/files\/2025\/11\/Kienevezes_GA_2-203x135.jpg 203w\" sizes=\"auto, (max-width: 753px) 100vw, 753px\" \/><figcaption id=\"caption-attachment-15437\" class=\"wp-caption-text\">2025. november 10. | Egyetemi tan\u00e1ri kinevez\u00e9si okiratok \u00fcnnep\u00e9lyes \u00e1tad\u00e1sa &#8211; az esem\u00e9ny k\u00e9pei.<\/figcaption><\/figure>\n<p class=\"x_MsoNormal\" style=\"text-align: justify\">This appointment marks another milestone in her professional career and reinforces her leading role in Hungarian higher education and medical science.<\/p>\n","protected":false},"excerpt":{"rendered":"<p>On 10 November 2025, Dr. Anik\u00f3 G\u00f6rbe received her university professor appointment from the President of the Republic in an official ceremony held at the S\u00e1ndor Palace. The appointment \u2013 which took effect on 1 September 2025 \u2013 was granted in recognition of her outstanding academic achievements and contributions to education and research at Semmelweis &hellip;<\/p>\n","protected":false},"author":102322,"featured_media":15436,"comment_status":"closed","ping_status":"closed","sticky":false,"template":"","format":"standard","meta":{"_acf_changed":false,"footnotes":""},"categories":[473],"tags":[],"class_list":["post-15439","post","type-post","status-publish","format-standard","has-post-thumbnail","hentry","category-news"],"acf":[],"_links":{"self":[{"href":"https:\/\/semmelweis.hu\/pharmacology\/wp-json\/wp\/v2\/posts\/15439","targetHints":{"allow":["GET"]}}],"collection":[{"href":"https:\/\/semmelweis.hu\/pharmacology\/wp-json\/wp\/v2\/posts"}],"about":[{"href":"https:\/\/semmelweis.hu\/pharmacology\/wp-json\/wp\/v2\/types\/post"}],"author":[{"embeddable":true,"href":"https:\/\/semmelweis.hu\/pharmacology\/wp-json\/wp\/v2\/users\/102322"}],"replies":[{"embeddable":true,"href":"https:\/\/semmelweis.hu\/pharmacology\/wp-json\/wp\/v2\/comments?post=15439"}],"version-history":[{"count":1,"href":"https:\/\/semmelweis.hu\/pharmacology\/wp-json\/wp\/v2\/posts\/15439\/revisions"}],"predecessor-version":[{"id":15440,"href":"https:\/\/semmelweis.hu\/pharmacology\/wp-json\/wp\/v2\/posts\/15439\/revisions\/15440"}],"wp:featuredmedia":[{"embeddable":true,"href":"https:\/\/semmelweis.hu\/pharmacology\/wp-json\/wp\/v2\/media\/15436"}],"wp:attachment":[{"href":"https:\/\/semmelweis.hu\/pharmacology\/wp-json\/wp\/v2\/media?parent=15439"}],"wp:term":[{"taxonomy":"category","embeddable":true,"href":"https:\/\/semmelweis.hu\/pharmacology\/wp-json\/wp\/v2\/categories?post=15439"},{"taxonomy":"post_tag","embeddable":true,"href":"https:\/\/semmelweis.hu\/pharmacology\/wp-json\/wp\/v2\/tags?post=15439"}],"curies":[{"name":"wp","href":"https:\/\/api.w.org\/{rel}","templated":true}]}}