{"id":15435,"date":"2025-11-24T16:31:49","date_gmt":"2025-11-24T15:31:49","guid":{"rendered":"https:\/\/semmelweis.hu\/pharmacology\/?p=15435"},"modified":"2025-11-24T16:35:58","modified_gmt":"2025-11-24T15:35:58","slug":"dr-gorbe-aniko-unnepelyesen-atvette-egyetemi-tanari-kinevezeset-a-koztarsasagi-elnoktol","status":"publish","type":"post","link":"https:\/\/semmelweis.hu\/pharmacology\/2025\/11\/24\/dr-gorbe-aniko-unnepelyesen-atvette-egyetemi-tanari-kinevezeset-a-koztarsasagi-elnoktol\/","title":{"rendered":"Dr. G\u00f6rbe Anik\u00f3 \u00fcnnep\u00e9lyesen \u00e1tvette egyetemi tan\u00e1ri kinevez\u00e9s\u00e9t a k\u00f6zt\u00e1rsas\u00e1gi eln\u00f6kt\u0151l"},"content":{"rendered":"<p class=\"x_MsoNormal\" style=\"text-align: justify\" data-olk-copy-source=\"MessageBody\">2025. november 10-\u00e9n \u00fcnnep\u00e9lyes keretek k\u00f6z\u00f6tt adta \u00e1t a k\u00f6zt\u00e1rsas\u00e1gi eln\u00f6k Dr. G\u00f6rbe Anik\u00f3 sz\u00e1m\u00e1ra az egyetemi tan\u00e1ri kinevez\u00e9st a S\u00e1ndor-palot\u00e1ban. A kinevez\u00e9s \u2013 amely 2025. szeptember 1-j\u00e9vel l\u00e9pett hat\u00e1lyba \u2013 a Semmelweis Egyetem oktat\u00f3inak \u00e9s kutat\u00f3inak k\u00f6r\u00e9ben el\u00e9rt kiemelked\u0151 szakmai teljes\u00edtm\u00e9ny\u00e9nek elismer\u00e9sek\u00e9nt t\u00f6rt\u00e9nt.<\/p>\n<figure id=\"attachment_15436\" aria-describedby=\"caption-attachment-15436\" style=\"width: 753px\" class=\"wp-caption aligncenter\"><img loading=\"lazy\" decoding=\"async\" class=\"wp-image-15436 size-large\" src=\"https:\/\/semmelweis.hu\/pharmacology\/files\/2025\/11\/Kienevezes_GA_1-1024x683.jpg\" alt=\"\" width=\"753\" height=\"502\" srcset=\"https:\/\/semmelweis.hu\/pharmacology\/files\/2025\/11\/Kienevezes_GA_1-1024x683.jpg 1024w, https:\/\/semmelweis.hu\/pharmacology\/files\/2025\/11\/Kienevezes_GA_1-400x267.jpg 400w, https:\/\/semmelweis.hu\/pharmacology\/files\/2025\/11\/Kienevezes_GA_1-768x512.jpg 768w, https:\/\/semmelweis.hu\/pharmacology\/files\/2025\/11\/Kienevezes_GA_1-1536x1024.jpg 1536w, https:\/\/semmelweis.hu\/pharmacology\/files\/2025\/11\/Kienevezes_GA_1-753x502.jpg 753w, https:\/\/semmelweis.hu\/pharmacology\/files\/2025\/11\/Kienevezes_GA_1-203x135.jpg 203w\" sizes=\"auto, (max-width: 753px) 100vw, 753px\" \/><figcaption id=\"caption-attachment-15436\" class=\"wp-caption-text\">2025. november 10. | Egyetemi tan\u00e1ri kinevez\u00e9si okiratok \u00fcnnep\u00e9lyes \u00e1tad\u00e1sa &#8211; az esem\u00e9ny k\u00e9pei.<\/figcaption><\/figure>\n<p class=\"x_MsoNormal\" style=\"text-align: justify\">A S\u00e1ndor-palota hivatalos k\u00f6zlem\u00e9nye szerint a rendezv\u00e9nyen a k\u00f6zt\u00e1rsas\u00e1gi eln\u00f6k m\u00e9ltatta az \u00fajonnan kinevezett professzorok tudom\u00e1nyos eredm\u00e9nyeit \u00e9s az egyetemi oktat\u00e1s ir\u00e1nti elk\u00f6telezetts\u00e9g\u00fcket. A Semmelweis Egyetem besz\u00e1mol\u00f3ja kiemelte, hogy Dr. G\u00f6rbe Anik\u00f3 munk\u00e1ja jelent\u0151s m\u00e9rt\u00e9kben hozz\u00e1j\u00e1rul az egyetem nemzetk\u00f6zi kutat\u00e1si \u00e9s oktat\u00e1si tev\u00e9kenys\u00e9g\u00e9nek fejl\u0151d\u00e9s\u00e9hez.<\/p>\n<figure id=\"attachment_15437\" aria-describedby=\"caption-attachment-15437\" style=\"width: 753px\" class=\"wp-caption aligncenter\"><img loading=\"lazy\" decoding=\"async\" class=\"wp-image-15437 size-large\" src=\"https:\/\/semmelweis.hu\/pharmacology\/files\/2025\/11\/Kienevezes_GA_2-1024x683.jpg\" alt=\"\" width=\"753\" height=\"502\" srcset=\"https:\/\/semmelweis.hu\/pharmacology\/files\/2025\/11\/Kienevezes_GA_2-1024x683.jpg 1024w, https:\/\/semmelweis.hu\/pharmacology\/files\/2025\/11\/Kienevezes_GA_2-400x267.jpg 400w, https:\/\/semmelweis.hu\/pharmacology\/files\/2025\/11\/Kienevezes_GA_2-768x512.jpg 768w, https:\/\/semmelweis.hu\/pharmacology\/files\/2025\/11\/Kienevezes_GA_2-1536x1024.jpg 1536w, https:\/\/semmelweis.hu\/pharmacology\/files\/2025\/11\/Kienevezes_GA_2-2048x1365.jpg 2048w, https:\/\/semmelweis.hu\/pharmacology\/files\/2025\/11\/Kienevezes_GA_2-753x502.jpg 753w, https:\/\/semmelweis.hu\/pharmacology\/files\/2025\/11\/Kienevezes_GA_2-203x135.jpg 203w\" sizes=\"auto, (max-width: 753px) 100vw, 753px\" \/><figcaption id=\"caption-attachment-15437\" class=\"wp-caption-text\">2025. november 10. | Egyetemi tan\u00e1ri kinevez\u00e9si okiratok \u00fcnnep\u00e9lyes \u00e1tad\u00e1sa &#8211; az esem\u00e9ny k\u00e9pei.<\/figcaption><\/figure>\n<p class=\"x_MsoNormal\" style=\"text-align: justify\">A most \u00e1tadott kinevez\u00e9s p\u00e1lyafut\u00e1s\u00e1ban \u00fajabb m\u00e9rf\u00f6ldk\u0151, amely egyben meger\u0151s\u00edti vezet\u0151 szerep\u00e9t a hazai fels\u0151oktat\u00e1s \u00e9s az orvostudom\u00e1ny ter\u00fclet\u00e9n.<\/p>\n<p>&nbsp;<\/p>\n","protected":false},"excerpt":{"rendered":"<p>2025. november 10-\u00e9n \u00fcnnep\u00e9lyes keretek k\u00f6z\u00f6tt adta \u00e1t a k\u00f6zt\u00e1rsas\u00e1gi eln\u00f6k Dr. G\u00f6rbe Anik\u00f3 sz\u00e1m\u00e1ra az egyetemi tan\u00e1ri kinevez\u00e9st a S\u00e1ndor-palot\u00e1ban. A kinevez\u00e9s \u2013 amely 2025. szeptember 1-j\u00e9vel l\u00e9pett hat\u00e1lyba \u2013 a Semmelweis Egyetem oktat\u00f3inak \u00e9s kutat\u00f3inak k\u00f6r\u00e9ben el\u00e9rt kiemelked\u0151 szakmai teljes\u00edtm\u00e9ny\u00e9nek elismer\u00e9sek\u00e9nt t\u00f6rt\u00e9nt. A S\u00e1ndor-palota hivatalos k\u00f6zlem\u00e9nye szerint a rendezv\u00e9nyen a k\u00f6zt\u00e1rsas\u00e1gi eln\u00f6k m\u00e9ltatta &hellip;<\/p>\n","protected":false},"author":102322,"featured_media":15436,"comment_status":"closed","ping_status":"closed","sticky":false,"template":"","format":"standard","meta":{"_acf_changed":false,"footnotes":""},"categories":[407],"tags":[],"class_list":["post-15435","post","type-post","status-publish","format-standard","has-post-thumbnail","hentry","category-hirek"],"acf":[],"_links":{"self":[{"href":"https:\/\/semmelweis.hu\/pharmacology\/wp-json\/wp\/v2\/posts\/15435","targetHints":{"allow":["GET"]}}],"collection":[{"href":"https:\/\/semmelweis.hu\/pharmacology\/wp-json\/wp\/v2\/posts"}],"about":[{"href":"https:\/\/semmelweis.hu\/pharmacology\/wp-json\/wp\/v2\/types\/post"}],"author":[{"embeddable":true,"href":"https:\/\/semmelweis.hu\/pharmacology\/wp-json\/wp\/v2\/users\/102322"}],"replies":[{"embeddable":true,"href":"https:\/\/semmelweis.hu\/pharmacology\/wp-json\/wp\/v2\/comments?post=15435"}],"version-history":[{"count":2,"href":"https:\/\/semmelweis.hu\/pharmacology\/wp-json\/wp\/v2\/posts\/15435\/revisions"}],"predecessor-version":[{"id":15441,"href":"https:\/\/semmelweis.hu\/pharmacology\/wp-json\/wp\/v2\/posts\/15435\/revisions\/15441"}],"wp:featuredmedia":[{"embeddable":true,"href":"https:\/\/semmelweis.hu\/pharmacology\/wp-json\/wp\/v2\/media\/15436"}],"wp:attachment":[{"href":"https:\/\/semmelweis.hu\/pharmacology\/wp-json\/wp\/v2\/media?parent=15435"}],"wp:term":[{"taxonomy":"category","embeddable":true,"href":"https:\/\/semmelweis.hu\/pharmacology\/wp-json\/wp\/v2\/categories?post=15435"},{"taxonomy":"post_tag","embeddable":true,"href":"https:\/\/semmelweis.hu\/pharmacology\/wp-json\/wp\/v2\/tags?post=15435"}],"curies":[{"name":"wp","href":"https:\/\/api.w.org\/{rel}","templated":true}]}}