{"id":15005,"date":"2025-08-11T09:00:45","date_gmt":"2025-08-11T07:00:45","guid":{"rendered":"https:\/\/semmelweis.hu\/pharmacology\/?p=15005"},"modified":"2025-08-08T14:04:32","modified_gmt":"2025-08-08T12:04:32","slug":"iden-is-ellatogattak-intezetunkbe-az-egyetemi-taborban-resztvevo-gyerekek","status":"publish","type":"post","link":"https:\/\/semmelweis.hu\/pharmacology\/2025\/08\/11\/iden-is-ellatogattak-intezetunkbe-az-egyetemi-taborban-resztvevo-gyerekek\/","title":{"rendered":"Id\u00e9n is ell\u00e1togattak int\u00e9zet\u00fcnkbe az egyetemi t\u00e1borban r\u00e9sztvev\u0151 gyerekek"},"content":{"rendered":"<p style=\"text-align: justify\"><span data-olk-copy-source=\"MessageBody\">Id\u00e9n ny\u00e1ron ism\u00e9t megrendez\u00e9sre ker\u00fclt a munkat\u00e1rsak gyermekeinek sz\u00f3l\u00f3 VitaKids eg\u00e9szs\u00e9gt\u00e1bor, amely tartalmas, akt\u00edv \u00e9s \u00e9lm\u00e9nyekkel teli kikapcsol\u00f3d\u00e1st k\u00edn\u00e1lt az als\u00f3 \u00e9s fels\u0151 tagozatos r\u00e9sztvev\u0151k sz\u00e1m\u00e1ra. A Csal\u00e1dbar\u00e1t Egyetem Program keret\u00e9ben megval\u00f3sul\u00f3 t\u00e1borok c\u00e9lja az, hogy t\u00e1mogassa a dolgoz\u00f3 sz\u00fcl\u0151ket azzal, hogy gyermekeik sz\u00e1m\u00e1ra sz\u00ednvonalas fel\u00fcgyeletet biztos\u00edt a ny\u00e1ri sz\u00fcnet nagy r\u00e9sz\u00e9ben.\u00a0A t\u00e1bor keret\u00e9ben a gyerekek int\u00e9zet\u00fcnkbe is ell\u00e1togattak, ahol a pipett\u00e1z\u00e1ssal ismerkedhettek meg, illetve lehet\u0151s\u00e9g\u00fck volt kipr\u00f3b\u00e1lni mikroszk\u00f3pjainkat is. A t\u00e1borban\u00a050 gyermek\u00a0vett r\u00e9szt, akik forg\u00f3 rendszerben, k\u00e9t csoportban ismerkedhettek meg az eg\u00e9szs\u00e9gtudatos \u00e9letm\u00f3d alapjaival \u2013 j\u00e1t\u00e9kosan, \u00e9lm\u00e9nyszer\u0171en, eg\u00e9szs\u00e9g\u00fcgyi szakemberek \u00e9s konduktorok vezet\u00e9s\u00e9vel.<\/span><\/p>\n\r\n        [slb_exclude]\r\n        <div class=\"row galeria-wrapper mx-0 h-auto\">\r\n            <div class=\"col-9 pl-0 pr-2\">\r\n            <span class=\"gallery-item frame\">\r\n\t\t\t\t<div class=\"galeria-left-img\"><a href=\"https:\/\/semmelweis.hu\/pharmacology\/files\/2025\/08\/2025_Gyerektabor1-scaled.jpg\"><img src=https:\/\/semmelweis.hu\/pharmacology\/files\/2025\/08\/2025_Gyerektabor1-scaled.jpg  \r\n                            alt=\"\" \r\n                            class=\"attachment-sote-gallery-big size-sote-gallery-big\" \r\n                            srcset=\"https:\/\/semmelweis.hu\/pharmacology\/files\/2025\/08\/2025_Gyerektabor1-300x400.jpg 300w, https:\/\/semmelweis.hu\/pharmacology\/files\/2025\/08\/2025_Gyerektabor1-768x1024.jpg 768w, https:\/\/semmelweis.hu\/pharmacology\/files\/2025\/08\/2025_Gyerektabor1-1152x1536.jpg 1152w, https:\/\/semmelweis.hu\/pharmacology\/files\/2025\/08\/2025_Gyerektabor1-1536x2048.jpg 1536w, https:\/\/semmelweis.hu\/pharmacology\/files\/2025\/08\/2025_Gyerektabor1-753x1004.jpg 753w, https:\/\/semmelweis.hu\/pharmacology\/files\/2025\/08\/2025_Gyerektabor1-scaled.jpg 1920w\" ><\/a><\/div>\r\n            <\/span>\r\n\r\n            <\/div>\r\n\r\n\t\t\t<div class=\"col-3 pl-0 pr-0\">\r\n\t\t\t\t<div class=\"galeria-right-img d-flex justify-content-between flex-column h-100 w-100 px-0 mx-0 \">\r\n                <div class=\"galeria-box\">\r\n\t\t\t\t\t<h3 class=\"galeria-title\">Gal\u00e9ria<\/h3>\r\n\t\t\t\t\t<div class=\"galeria-subtitle\">\r\n\r\n\t\t\t\t\t\t<div class=\"galeria-page-counter\"><span>5<\/span>k\u00e9p<\/div>\r\n                    <\/div> <\/div>\r\n                    <span class=\"gallery-item frame d-none d-md-flex\">\r\n\t\t\t\t\t<div class=\"galeria-small-img mt-0\"><a href=\"https:\/\/semmelweis.hu\/pharmacology\/files\/2025\/08\/2025_Gyerektabor2-scaled.jpg\"><img src=https:\/\/semmelweis.hu\/pharmacology\/files\/2025\/08\/2025_Gyerektabor2-scaled.jpg \r\n                                alt=\"\"  \r\n                                class=\"attachment-sote-gallery-small size-sote-gallery-small\" \r\n                                srcset=\"https:\/\/semmelweis.hu\/pharmacology\/files\/2025\/08\/2025_Gyerektabor2-300x400.jpg 300w, https:\/\/semmelweis.hu\/pharmacology\/files\/2025\/08\/2025_Gyerektabor2-768x1024.jpg 768w, https:\/\/semmelweis.hu\/pharmacology\/files\/2025\/08\/2025_Gyerektabor2-1152x1536.jpg 1152w, https:\/\/semmelweis.hu\/pharmacology\/files\/2025\/08\/2025_Gyerektabor2-1536x2048.jpg 1536w, https:\/\/semmelweis.hu\/pharmacology\/files\/2025\/08\/2025_Gyerektabor2-753x1004.jpg 753w, https:\/\/semmelweis.hu\/pharmacology\/files\/2025\/08\/2025_Gyerektabor2-scaled.jpg 1920w\" ><\/a><\/div>\r\n                    <\/span>\r\n                    <span class=\"gallery-item frame d-none d-md-flex\">\r\n\t\t\t\t\t<div class=\"galeria-small-img mt-0\"><a href=\"https:\/\/semmelweis.hu\/pharmacology\/files\/2025\/08\/2025_Gyerektabor3-scaled.jpg\"><img src=https:\/\/semmelweis.hu\/pharmacology\/files\/2025\/08\/2025_Gyerektabor3-scaled.jpg \r\n                                alt=\"\" \r\n                                class=\"attachment-sote-gallery-small size-sote-gallery-small\" \r\n                                srcset=\"https:\/\/semmelweis.hu\/pharmacology\/files\/2025\/08\/2025_Gyerektabor3-300x400.jpg 300w, https:\/\/semmelweis.hu\/pharmacology\/files\/2025\/08\/2025_Gyerektabor3-768x1024.jpg 768w, https:\/\/semmelweis.hu\/pharmacology\/files\/2025\/08\/2025_Gyerektabor3-1152x1536.jpg 1152w, https:\/\/semmelweis.hu\/pharmacology\/files\/2025\/08\/2025_Gyerektabor3-1536x2048.jpg 1536w, https:\/\/semmelweis.hu\/pharmacology\/files\/2025\/08\/2025_Gyerektabor3-753x1004.jpg 753w, https:\/\/semmelweis.hu\/pharmacology\/files\/2025\/08\/2025_Gyerektabor3-scaled.jpg 1920w\" ><\/a><\/div>\r\n                    <\/span>\r\n\r\n                <\/div>\r\n\r\n            <\/div>\r\n\r\n            <span class=\"gallery-item\"><div class=\"hidden\"><a href=\"https:\/\/semmelweis.hu\/pharmacology\/files\/2025\/08\/2025_Gyerektabor4-scaled.jpg\">\r\n        <img src=https:\/\/semmelweis.hu\/pharmacology\/files\/2025\/08\/2025_Gyerektabor4-scaled.jpg alt=\"\" class=\"attachment-sote-gallery-big size-sote-gallery-big\" srcset=\"https:\/\/semmelweis.hu\/pharmacology\/files\/2025\/08\/2025_Gyerektabor4-300x400.jpg 300w, https:\/\/semmelweis.hu\/pharmacology\/files\/2025\/08\/2025_Gyerektabor4-768x1024.jpg 768w, https:\/\/semmelweis.hu\/pharmacology\/files\/2025\/08\/2025_Gyerektabor4-1152x1536.jpg 1152w, https:\/\/semmelweis.hu\/pharmacology\/files\/2025\/08\/2025_Gyerektabor4-1536x2048.jpg 1536w, https:\/\/semmelweis.hu\/pharmacology\/files\/2025\/08\/2025_Gyerektabor4-753x1004.jpg 753w, https:\/\/semmelweis.hu\/pharmacology\/files\/2025\/08\/2025_Gyerektabor4-scaled.jpg 1920w\" >\r\n        <\/a><\/div><\/span><span class=\"gallery-item\"><div class=\"hidden\"><a href=\"https:\/\/semmelweis.hu\/pharmacology\/files\/2025\/08\/2025_Gyerektabor5-scaled.jpg\">\r\n        <img src=https:\/\/semmelweis.hu\/pharmacology\/files\/2025\/08\/2025_Gyerektabor5-scaled.jpg alt=\"\" class=\"attachment-sote-gallery-big size-sote-gallery-big\" srcset=\"https:\/\/semmelweis.hu\/pharmacology\/files\/2025\/08\/2025_Gyerektabor5-300x400.jpg 300w, https:\/\/semmelweis.hu\/pharmacology\/files\/2025\/08\/2025_Gyerektabor5-768x1024.jpg 768w, https:\/\/semmelweis.hu\/pharmacology\/files\/2025\/08\/2025_Gyerektabor5-1152x1536.jpg 1152w, https:\/\/semmelweis.hu\/pharmacology\/files\/2025\/08\/2025_Gyerektabor5-1536x2048.jpg 1536w, https:\/\/semmelweis.hu\/pharmacology\/files\/2025\/08\/2025_Gyerektabor5-753x1004.jpg 753w, https:\/\/semmelweis.hu\/pharmacology\/files\/2025\/08\/2025_Gyerektabor5-scaled.jpg 1920w\" >\r\n        <\/a><\/div><\/span>\r\n            <\/div>\r\n\r\n            [\/slb_exclude]\r\n\t\n","protected":false},"excerpt":{"rendered":"<p>Id\u00e9n ny\u00e1ron ism\u00e9t megrendez\u00e9sre ker\u00fclt a munkat\u00e1rsak gyermekeinek sz\u00f3l\u00f3 VitaKids eg\u00e9szs\u00e9gt\u00e1bor, amely tartalmas, akt\u00edv \u00e9s \u00e9lm\u00e9nyekkel teli kikapcsol\u00f3d\u00e1st k\u00edn\u00e1lt az als\u00f3 \u00e9s fels\u0151 tagozatos r\u00e9sztvev\u0151k sz\u00e1m\u00e1ra. A Csal\u00e1dbar\u00e1t Egyetem Program keret\u00e9ben megval\u00f3sul\u00f3 t\u00e1borok c\u00e9lja az, hogy t\u00e1mogassa a dolgoz\u00f3 sz\u00fcl\u0151ket azzal, hogy gyermekeik sz\u00e1m\u00e1ra sz\u00ednvonalas fel\u00fcgyeletet biztos\u00edt a ny\u00e1ri sz\u00fcnet nagy r\u00e9sz\u00e9ben.\u00a0A t\u00e1bor keret\u00e9ben a &hellip;<\/p>\n","protected":false},"author":102322,"featured_media":15006,"comment_status":"closed","ping_status":"closed","sticky":false,"template":"","format":"standard","meta":{"_acf_changed":false,"footnotes":""},"categories":[407],"tags":[],"class_list":["post-15005","post","type-post","status-publish","format-standard","has-post-thumbnail","hentry","category-hirek"],"acf":[],"_links":{"self":[{"href":"https:\/\/semmelweis.hu\/pharmacology\/wp-json\/wp\/v2\/posts\/15005","targetHints":{"allow":["GET"]}}],"collection":[{"href":"https:\/\/semmelweis.hu\/pharmacology\/wp-json\/wp\/v2\/posts"}],"about":[{"href":"https:\/\/semmelweis.hu\/pharmacology\/wp-json\/wp\/v2\/types\/post"}],"author":[{"embeddable":true,"href":"https:\/\/semmelweis.hu\/pharmacology\/wp-json\/wp\/v2\/users\/102322"}],"replies":[{"embeddable":true,"href":"https:\/\/semmelweis.hu\/pharmacology\/wp-json\/wp\/v2\/comments?post=15005"}],"version-history":[{"count":1,"href":"https:\/\/semmelweis.hu\/pharmacology\/wp-json\/wp\/v2\/posts\/15005\/revisions"}],"predecessor-version":[{"id":15011,"href":"https:\/\/semmelweis.hu\/pharmacology\/wp-json\/wp\/v2\/posts\/15005\/revisions\/15011"}],"wp:featuredmedia":[{"embeddable":true,"href":"https:\/\/semmelweis.hu\/pharmacology\/wp-json\/wp\/v2\/media\/15006"}],"wp:attachment":[{"href":"https:\/\/semmelweis.hu\/pharmacology\/wp-json\/wp\/v2\/media?parent=15005"}],"wp:term":[{"taxonomy":"category","embeddable":true,"href":"https:\/\/semmelweis.hu\/pharmacology\/wp-json\/wp\/v2\/categories?post=15005"},{"taxonomy":"post_tag","embeddable":true,"href":"https:\/\/semmelweis.hu\/pharmacology\/wp-json\/wp\/v2\/tags?post=15005"}],"curies":[{"name":"wp","href":"https:\/\/api.w.org\/{rel}","templated":true}]}}