{"id":14986,"date":"2025-08-06T09:35:16","date_gmt":"2025-08-06T07:35:16","guid":{"rendered":"https:\/\/semmelweis.hu\/pharmacology\/?p=14986"},"modified":"2025-08-06T10:01:05","modified_gmt":"2025-08-06T08:01:05","slug":"reszvetel-az-international-narcotics-research-conference-2025-inrc2025-konferencian","status":"publish","type":"post","link":"https:\/\/semmelweis.hu\/pharmacology\/2025\/08\/06\/reszvetel-az-international-narcotics-research-conference-2025-inrc2025-konferencian\/","title":{"rendered":"R\u00e9szv\u00e9tel az International Narcotics Research Conference 2025 (INRC2025) konferenci\u00e1n"},"content":{"rendered":"<p style=\"text-align: justify\">Id\u00e9n ny\u00e1ron Bologn\u00e1ban rendezt\u00e9k meg az opioid kutat\u00e1sban kiemelt jelent\u0151s\u00e9g\u0171 International Narcotics Research Conference 2025 (INRC2025) konferenci\u00e1t. A konferenci\u00e1n 4 plen\u00e1ris el\u0151ad\u00e1s mellett sz\u00e1mos szekci\u00f3n hallhattunk az opioid kutat\u00e1shoz kapcsol\u00f3d\u00f3 leg\u00fajabb alap- \u00e9s klinikai kutat\u00e1sok eredm\u00e9nyeir\u0151l. T\u00f6bbek k\u00f6z\u00f6tt el\u0151ad\u00e1st tartottak \u00faj viselked\u00e9ses vizsg\u00e1latokr\u00f3l, k\u00fcl\u00f6nb\u00f6z\u0151 agyter\u00fcletek, illetve neuron\u00e1lis szab\u00e1lyoz\u00f3k\u00f6r\u00f6k addikci\u00f3ban bet\u00f6lt\u00f6tt szerep\u00e9r\u0151l, az orphan G-feh\u00e9rje kapcsolt receptorok, a nociceptin, \u00e9s az endog\u00e9n opioid rendszer f\u00e1jdalom\u00e9rz\u00e9kel\u00e9sben bet\u00f6lt\u00f6tt szerep\u00e9r\u0151l, valamint az opioid szerhaszn\u00e1lati zavarr\u00f3l.<\/p>\n<p style=\"text-align: justify\">A konferenci\u00e1n kutat\u00f3csoportunk h\u00e1rom posztert mutatott be. A poszterszekci\u00f3k, valamint az el\u0151ad\u00e1sok k\u00f6z\u00f6tti k\u00e1v\u00e9sz\u00fcnetek sor\u00e1n lehet\u0151s\u00e9g volt k\u00f6zvetlenebb m\u00f3don megismerni m\u00e1s munkacsoportok kutat\u00e1s\u00e1t, valamint kapcsolatot kialak\u00edtani szint\u00e9n f\u00e1jdalomkutat\u00e1ssal foglalkoz\u00f3 kutat\u00f3csoportokkal. Szabadid\u0151nkben pedig lehet\u0151s\u00e9g\u00fcnk ny\u00edlt arra, hogy felfedezz\u00fck Bologna k\u00f6z\u00e9pkori v\u00e1rosk\u00f6zpontj\u00e1t.<\/p>\n\r\n        [slb_exclude]\r\n        <div class=\"row galeria-wrapper mx-0 h-auto\">\r\n            <div class=\"col-9 pl-0 pr-2\">\r\n            <span class=\"gallery-item frame\">\r\n\t\t\t\t<div class=\"galeria-left-img\"><a href=\"https:\/\/semmelweis.hu\/pharmacology\/files\/2025\/08\/INRC2025_1.jpg\"><img src=https:\/\/semmelweis.hu\/pharmacology\/files\/2025\/08\/INRC2025_1.jpg  \r\n                            alt=\"\" \r\n                            class=\"attachment-sote-gallery-big size-sote-gallery-big\" \r\n                            srcset=\"https:\/\/semmelweis.hu\/pharmacology\/files\/2025\/08\/INRC2025_1-400x300.jpg 400w, https:\/\/semmelweis.hu\/pharmacology\/files\/2025\/08\/INRC2025_1-1024x768.jpg 1024w, https:\/\/semmelweis.hu\/pharmacology\/files\/2025\/08\/INRC2025_1-768x576.jpg 768w, https:\/\/semmelweis.hu\/pharmacology\/files\/2025\/08\/INRC2025_1-1536x1152.jpg 1536w, https:\/\/semmelweis.hu\/pharmacology\/files\/2025\/08\/INRC2025_1-753x565.jpg 753w, https:\/\/semmelweis.hu\/pharmacology\/files\/2025\/08\/INRC2025_1.jpg 2048w\" ><\/a><\/div>\r\n            <\/span>\r\n\r\n            <\/div>\r\n\r\n\t\t\t<div class=\"col-3 pl-0 pr-0\">\r\n\t\t\t\t<div class=\"galeria-right-img d-flex justify-content-between flex-column h-100 w-100 px-0 mx-0 \">\r\n                <div class=\"galeria-box\">\r\n\t\t\t\t\t<h3 class=\"galeria-title\">Gal\u00e9ria<\/h3>\r\n\t\t\t\t\t<div class=\"galeria-subtitle\">\r\n\r\n\t\t\t\t\t\t<div class=\"galeria-page-counter\"><span>3<\/span>k\u00e9p<\/div>\r\n                    <\/div> <\/div>\r\n                    <span class=\"gallery-item frame d-none d-md-flex\">\r\n\t\t\t\t\t<div class=\"galeria-small-img mt-0\"><a href=\"https:\/\/semmelweis.hu\/pharmacology\/files\/2025\/08\/INRC2025_3.jpg\"><img src=https:\/\/semmelweis.hu\/pharmacology\/files\/2025\/08\/INRC2025_3.jpg \r\n                                alt=\"\"  \r\n                                class=\"attachment-sote-gallery-small size-sote-gallery-small\" \r\n                                srcset=\"https:\/\/semmelweis.hu\/pharmacology\/files\/2025\/08\/INRC2025_3-400x300.jpg 400w, https:\/\/semmelweis.hu\/pharmacology\/files\/2025\/08\/INRC2025_3-1024x768.jpg 1024w, https:\/\/semmelweis.hu\/pharmacology\/files\/2025\/08\/INRC2025_3-768x576.jpg 768w, https:\/\/semmelweis.hu\/pharmacology\/files\/2025\/08\/INRC2025_3-753x565.jpg 753w, https:\/\/semmelweis.hu\/pharmacology\/files\/2025\/08\/INRC2025_3.jpg 1385w\" ><\/a><\/div>\r\n                    <\/span>\r\n                    <span class=\"gallery-item frame d-none d-md-flex\">\r\n\t\t\t\t\t<div class=\"galeria-small-img mt-0\"><a href=\"https:\/\/semmelweis.hu\/pharmacology\/files\/2025\/08\/INRC2025_2.jpg\"><img src=https:\/\/semmelweis.hu\/pharmacology\/files\/2025\/08\/INRC2025_2.jpg \r\n                                alt=\"\" \r\n                                class=\"attachment-sote-gallery-small size-sote-gallery-small\" \r\n                                srcset=\"https:\/\/semmelweis.hu\/pharmacology\/files\/2025\/08\/INRC2025_2-400x300.jpg 400w, https:\/\/semmelweis.hu\/pharmacology\/files\/2025\/08\/INRC2025_2-768x576.jpg 768w, https:\/\/semmelweis.hu\/pharmacology\/files\/2025\/08\/INRC2025_2-753x565.jpg 753w, https:\/\/semmelweis.hu\/pharmacology\/files\/2025\/08\/INRC2025_2.jpg 827w\" ><\/a><\/div>\r\n                    <\/span>\r\n\r\n                <\/div>\r\n\r\n            <\/div>\r\n\r\n            \r\n            <\/div>\r\n\r\n            [\/slb_exclude]\r\n\t\n","protected":false},"excerpt":{"rendered":"<p>Id\u00e9n ny\u00e1ron Bologn\u00e1ban rendezt\u00e9k meg az opioid kutat\u00e1sban kiemelt jelent\u0151s\u00e9g\u0171 International Narcotics Research Conference 2025 (INRC2025) konferenci\u00e1t. A konferenci\u00e1n 4 plen\u00e1ris el\u0151ad\u00e1s mellett sz\u00e1mos szekci\u00f3n hallhattunk az opioid kutat\u00e1shoz kapcsol\u00f3d\u00f3 leg\u00fajabb alap- \u00e9s klinikai kutat\u00e1sok eredm\u00e9nyeir\u0151l. T\u00f6bbek k\u00f6z\u00f6tt el\u0151ad\u00e1st tartottak \u00faj viselked\u00e9ses vizsg\u00e1latokr\u00f3l, k\u00fcl\u00f6nb\u00f6z\u0151 agyter\u00fcletek, illetve neuron\u00e1lis szab\u00e1lyoz\u00f3k\u00f6r\u00f6k addikci\u00f3ban bet\u00f6lt\u00f6tt szerep\u00e9r\u0151l, az orphan G-feh\u00e9rje kapcsolt &hellip;<\/p>\n","protected":false},"author":102322,"featured_media":14993,"comment_status":"closed","ping_status":"closed","sticky":false,"template":"","format":"standard","meta":{"_acf_changed":false,"footnotes":""},"categories":[407],"tags":[],"class_list":["post-14986","post","type-post","status-publish","format-standard","has-post-thumbnail","hentry","category-hirek"],"acf":[],"_links":{"self":[{"href":"https:\/\/semmelweis.hu\/pharmacology\/wp-json\/wp\/v2\/posts\/14986","targetHints":{"allow":["GET"]}}],"collection":[{"href":"https:\/\/semmelweis.hu\/pharmacology\/wp-json\/wp\/v2\/posts"}],"about":[{"href":"https:\/\/semmelweis.hu\/pharmacology\/wp-json\/wp\/v2\/types\/post"}],"author":[{"embeddable":true,"href":"https:\/\/semmelweis.hu\/pharmacology\/wp-json\/wp\/v2\/users\/102322"}],"replies":[{"embeddable":true,"href":"https:\/\/semmelweis.hu\/pharmacology\/wp-json\/wp\/v2\/comments?post=14986"}],"version-history":[{"count":2,"href":"https:\/\/semmelweis.hu\/pharmacology\/wp-json\/wp\/v2\/posts\/14986\/revisions"}],"predecessor-version":[{"id":14997,"href":"https:\/\/semmelweis.hu\/pharmacology\/wp-json\/wp\/v2\/posts\/14986\/revisions\/14997"}],"wp:featuredmedia":[{"embeddable":true,"href":"https:\/\/semmelweis.hu\/pharmacology\/wp-json\/wp\/v2\/media\/14993"}],"wp:attachment":[{"href":"https:\/\/semmelweis.hu\/pharmacology\/wp-json\/wp\/v2\/media?parent=14986"}],"wp:term":[{"taxonomy":"category","embeddable":true,"href":"https:\/\/semmelweis.hu\/pharmacology\/wp-json\/wp\/v2\/categories?post=14986"},{"taxonomy":"post_tag","embeddable":true,"href":"https:\/\/semmelweis.hu\/pharmacology\/wp-json\/wp\/v2\/tags?post=14986"}],"curies":[{"name":"wp","href":"https:\/\/api.w.org\/{rel}","templated":true}]}}