{"id":14943,"date":"2025-07-09T10:41:38","date_gmt":"2025-07-09T08:41:38","guid":{"rendered":"https:\/\/semmelweis.hu\/pharmacology\/?p=14943"},"modified":"2025-07-09T10:42:42","modified_gmt":"2025-07-09T08:42:42","slug":"elsokent-nyerte-el-egy-vedooltas-az-ev-gyogyszere-dijat","status":"publish","type":"post","link":"https:\/\/semmelweis.hu\/pharmacology\/2025\/07\/09\/elsokent-nyerte-el-egy-vedooltas-az-ev-gyogyszere-dijat\/","title":{"rendered":"Els\u0151k\u00e9nt nyerte el egy v\u00e9d\u0151olt\u00e1s \u201eAz \u00c9v Gy\u00f3gyszere\u201d d\u00edjat"},"content":{"rendered":"<p style=\"text-align: justify\"><span data-contrast=\"auto\">Budapest, 2025. j\u00fanius 4. &#8211; A Pfizer Gy\u00f3gyszerkereskedelmi Kft. nyerte el 2025. j\u00fanius 4-\u00e9n a Magyar K\u00eds\u00e9rletes \u00e9s Klinikai Farmakol\u00f3giai T\u00e1rsas\u00e1g (MFT) rangos szakmai elismer\u00e9s\u00e9t, \u201eAz \u00c9v Gy\u00f3gyszere 2024\u201d d\u00edjat az ABRYSVO v\u00e9d\u0151olt\u00e1ssal. Ez az innov\u00e1ci\u00f3 az els\u0151 \u00e9s egyetlen olyan j\u00f3v\u00e1hagyott RSV (<\/span><span data-contrast=\"auto\">l\u00e9g\u00fati \u00f3ri\u00e1ssejtes v\u00edrus)<\/span> <span data-contrast=\"auto\">elleni v\u00e9d\u0151olt\u00e1s, mely a v\u00e1rand\u00f3sok immuniz\u00e1l\u00e1s\u00e1ra a megsz\u00fcletend\u0151 csecsem\u0151ik v\u00e9delme \u00e9rdek\u00e9ben ugyan\u00fagy biztons\u00e1gosan alkalmazhat\u00f3, mint a 18\u202f\u00e9ves \u00e9s ann\u00e1l id\u0151sebb szem\u00e9lyekn\u00e9l. Egy eur\u00f3pai vizsg\u00e1lat szerint <\/span><span data-contrast=\"none\">csecsem\u0151kn\u00e9l a l\u00e9g\u00fati megbeteged\u00e9sek miatti k\u00f3rh\u00e1zi kezel\u00e9sek k\u00f6r\u00fclbel\u00fcl 40 sz\u00e1zal\u00e9ka RSV fert\u0151z\u00e9s miatt t\u00f6rt\u00e9nik, \u00e9s ezeknek az eseteknek t\u00f6bb, mint fele 3 h\u00f3naposn\u00e1l fiatalabb csecsem\u0151ket \u00e9rint.<\/span><span data-contrast=\"none\">2<\/span><span data-ccp-props=\"{&quot;201341983&quot;:0,&quot;335551550&quot;:6,&quot;335551620&quot;:6,&quot;335559739&quot;:0,&quot;335559740&quot;:240}\">\u00a0<\/span><\/p>\n<p style=\"text-align: justify\"><span data-ccp-props=\"{&quot;201341983&quot;:0,&quot;335551550&quot;:6,&quot;335551620&quot;:6,&quot;335559739&quot;:0,&quot;335559740&quot;:240}\">\u00a0<\/span><\/p>\n<p style=\"text-align: justify\"><span data-contrast=\"auto\">Mi\u00e9rt jelent \u00e1tt\u00f6r\u00e9st az Abrysvo RSV elleni v\u00e9d\u0151olt\u00e1s?<\/span><span data-ccp-props=\"{&quot;201341983&quot;:0,&quot;335551550&quot;:6,&quot;335551620&quot;:6,&quot;335559739&quot;:0,&quot;335559740&quot;:240}\">\u00a0<\/span><\/p>\n<p style=\"text-align: justify\"><span data-ccp-props=\"{&quot;201341983&quot;:0,&quot;335551550&quot;:6,&quot;335551620&quot;:6,&quot;335559739&quot;:0,&quot;335559740&quot;:240}\">\u00a0<\/span><\/p>\n<p style=\"text-align: justify\"><span data-contrast=\"auto\">Az Abrysvo innov\u00e1ci\u00f3ja legink\u00e1bb az anyai immuniz\u00e1ci\u00f3s forma kidolgoz\u00e1s\u00e1ban hangs\u00falyozand\u00f3. Ebben az indik\u00e1ci\u00f3ban az Abrysvo a csecsem\u0151k passz\u00edv immuniz\u00e1l\u00e1s\u00e1ra javasolt, a sz\u00fclet\u00e9st\u0151l 6 h\u00f3napos korig, a vakcina v\u00e1rand\u00f3ss\u00e1g alatt az \u00e9desany\u00e1nak t\u00f6rt\u00e9n\u0151 bead\u00e1s\u00e1t k\u00f6vet\u0151en.<\/span><span data-contrast=\"auto\">3<\/span><span data-contrast=\"auto\"> Ez azt jelenti, hogy a csecsem\u0151kre n\u00e9zve potenci\u00e1lis s\u00falyos betegs\u00e9ggel szemben az els\u0151 l\u00e9legzetv\u00e9telt\u0151l seg\u00edt megel\u0151zni az RSV okozta als\u00f3 l\u00e9g\u00fati megbeteged\u00e9st 6 h\u00f3napos korukig, mely jelent\u0151s el\u0151rel\u00e9p\u00e9st jelent a prevenci\u00f3 ter\u00fclet\u00e9n egy olyan fert\u0151z\u00e9sn\u00e9l, melyre antivir\u00e1lis k\u00e9sz\u00edtm\u00e9ny, azaz oki ter\u00e1pia nem \u00e1ll rendelkez\u00e9sre.<\/span><span data-contrast=\"auto\">2,4,5<\/span><span data-ccp-props=\"{&quot;201341983&quot;:0,&quot;335551550&quot;:6,&quot;335551620&quot;:6,&quot;335559739&quot;:0,&quot;335559740&quot;:240}\">\u00a0<\/span><\/p>\n<p style=\"text-align: justify\"><span data-ccp-props=\"{&quot;201341983&quot;:0,&quot;335551550&quot;:6,&quot;335551620&quot;:6,&quot;335559739&quot;:0,&quot;335559740&quot;:240}\">\u00a0<\/span><\/p>\n<p style=\"text-align: justify\"><span data-contrast=\"auto\">A kisgyermekek szinte mindegyike elkaphatja az RSV-fert\u0151z\u00e9st 2-3 \u00e9ves kor\u00e1ig, azonban el\u0151re nem lehet megmondani, hogy melyik csecsem\u0151n\u00e9l alakulhat ki s\u00falyos megbeteged\u00e9s.<\/span><span data-contrast=\"auto\">4,5<\/span><span data-contrast=\"auto\"> B\u00e1r az RSV fert\u0151z\u00e9s gyakori, a k\u00f3rh\u00e1zi kezel\u00e9st ig\u00e9nyl\u0151 esetek kisz\u00e1m\u00edthatatlanok \u2013 ez\u00e9rt fontos a megel\u0151z\u00e9s m\u00e1r \u00fajsz\u00fcl\u00f6ttkort\u00f3l.<\/span><span data-ccp-props=\"{&quot;201341983&quot;:0,&quot;335551550&quot;:6,&quot;335551620&quot;:6,&quot;335559739&quot;:0,&quot;335559740&quot;:240}\">\u00a0<\/span><\/p>\n<p style=\"text-align: justify\"><span data-ccp-props=\"{&quot;201341983&quot;:0,&quot;335551550&quot;:6,&quot;335551620&quot;:6,&quot;335559739&quot;:0,&quot;335559740&quot;:240}\">\u00a0<\/span><\/p>\n<p style=\"text-align: justify\"><span data-contrast=\"auto\">Mi is az az RSV-fert\u0151z\u00e9s?<\/span><span data-ccp-props=\"{&quot;201341983&quot;:0,&quot;335551550&quot;:6,&quot;335551620&quot;:6,&quot;335559739&quot;:0,&quot;335559740&quot;:240}\">\u00a0<\/span><\/p>\n<p style=\"text-align: justify\"><span data-ccp-props=\"{&quot;201341983&quot;:0,&quot;335551550&quot;:6,&quot;335551620&quot;:6,&quot;335559739&quot;:0,&quot;335559740&quot;:240}\">\u00a0<\/span><\/p>\n<p style=\"text-align: justify\"><span data-contrast=\"auto\">A cseppfert\u0151z\u00e9ssel terjed\u0151, l\u00e9gutakat, t\u00fcd\u0151t \u00e9rint\u0151 RSV fert\u0151z\u00e9st az \u00fagynevezett <\/span><span data-contrast=\"auto\">l\u00e9g\u00fati \u00f3ri\u00e1ssejtes v\u00edrus okozza, mely az \u00fajsz\u00fcl\u00f6ttekre, a csecsem\u0151kre \u00e9s az id\u0151sekre k\u00fcl\u00f6n\u00f6sen vesz\u00e9lyes. Szerencs\u00e9re ha a v\u00e1rand\u00f3s kismama id\u0151ben beadatja mag\u00e1nak a megel\u0151z\u00e9s\u00e9re szolg\u00e1l\u00f3 v\u00e9d\u0151olt\u00e1st, meg\u00f3vhatja ett\u0151l sz\u00fcletend\u0151 gyermek\u00e9t m\u00e1r a sz\u00fclet\u00e9s pillanat\u00e1t\u00f3l kezd\u0151d\u0151en.<\/span><span data-contrast=\"auto\">4-7 <\/span><span data-contrast=\"auto\">Az RSV-fert\u0151z\u00e9s a l\u00e9gutak h\u00e1mj\u00e1t k\u00e1ros\u00edtja, elnevez\u00e9se is erre utal (szincicium &#8211; sejthat\u00e1rokat elveszt\u0151 sz\u00f6veti r\u00e9sz, \u00f3ri\u00e1ssejt), mivel a fert\u0151z\u00f6tt sejtek &#8222;\u00f6sszeolvad\u00e1s\u00e1t&#8221; eredm\u00e9nyezi. Ez gyullad\u00e1st okoz a l\u00e9gutakban, amely kezdetben enyhe, megf\u00e1z\u00e1shoz hasonl\u00f3 t\u00fcneteket okoz, mint az orrdugul\u00e1s, orrfoly\u00e1s, k\u00f6h\u00f6g\u00e9s, t\u00fcssz\u00f6g\u00e9s, torokf\u00e1j\u00e1s, l\u00e1z, majd k\u00e9s\u0151bb a fert\u0151z\u00e9s az als\u00f3 l\u00e9gutak gyullad\u00e1s\u00e1t id\u00e9zheti el\u0151, mely s\u00falyos t\u00fcd\u0151gyullad\u00e1st, h\u00f6rg\u0151gyullad\u00e1st \u00e9s neh\u00e9zl\u00e9gz\u00e9st eredm\u00e9nyezhet.<\/span><span data-contrast=\"auto\">4-7<\/span><span data-ccp-props=\"{&quot;201341983&quot;:0,&quot;335551550&quot;:6,&quot;335551620&quot;:6,&quot;335559739&quot;:0,&quot;335559740&quot;:240}\">\u00a0<\/span><\/p>\n<p style=\"text-align: justify\"><span data-ccp-props=\"{&quot;201341983&quot;:0,&quot;335551550&quot;:6,&quot;335551620&quot;:6,&quot;335559739&quot;:0,&quot;335559740&quot;:240}\">\u00a0<\/span><\/p>\n<p style=\"text-align: justify\"><span data-contrast=\"auto\">Az epidemiol\u00f3giai vizsg\u00e1latok azt mutatj\u00e1k, hogy csecsem\u0151kn\u00e9l a 6 h\u00f3naposn\u00e1l fiatalabb \u00e9letkor \u00f6nmag\u00e1ban kock\u00e1zatot jelent a s\u00falyos RSV infekci\u00f3 kialakul\u00e1s\u00e1ra, mivel az alveol\u00e1ris ny\u00e1lkah\u00e1rtya gyullad\u00e1sa jelent\u0151s l\u00e9gz\u00e9si neh\u00e9zs\u00e9get eredm\u00e9nyezhet \u00e9s \u00e9letvesz\u00e9lyes \u00e1llapotot id\u00e9zhet el\u0151. Ennek az\u00e9rt is van k\u00fcl\u00f6n\u00f6s jelent\u0151s\u00e9ge, mert 0-2 h\u00f3nap k\u00f6z\u00f6tti csecsem\u0151kn\u00e9l az immunrendszer \u00e9retlens\u00e9ge miatt nem alkalmazhat\u00f3ak akt\u00edv v\u00e9d\u0151olt\u00e1sok. Emiatt az anyai immuniz\u00e1ci\u00f3s strat\u00e9gi\u00e1t, mint \u00fajszer\u0171 megk\u00f6zel\u00edt\u00e9st v\u00e1lasztotta a Pfizer a csecsem\u0151kori RSV prevenci\u00f3ban, hiszen \u00edgy a sz\u00fclet\u00e9s pillanat\u00e1t\u00f3l biztos\u00edthat\u00f3 a v\u00e9delem az \u00fajsz\u00fcl\u00f6ttekn\u00e9l \u00e9s csecsem\u0151kn\u00e9l.<\/span><span data-contrast=\"auto\">3,5<\/span><span data-ccp-props=\"{&quot;201341983&quot;:0,&quot;335551550&quot;:6,&quot;335551620&quot;:6,&quot;335559739&quot;:0,&quot;335559740&quot;:240}\">\u00a0<\/span><\/p>\n<p style=\"text-align: justify\"><span data-ccp-props=\"{&quot;201341983&quot;:0,&quot;335551550&quot;:6,&quot;335551620&quot;:6,&quot;335559739&quot;:0,&quot;335559740&quot;:240}\">\u00a0<\/span><\/p>\n<p style=\"text-align: justify\"><span data-contrast=\"auto\">Eur\u00f3p\u00e1ban egy vizsg\u00e1lat szerint \u00e9vente 56 id\u0151re sz\u00fcletett eg\u00e9szs\u00e9ges csecsem\u0151b\u0151l 1 k\u00f3rh\u00e1zba ker\u00fcl RSV fert\u0151z\u00e9s miatt. A k\u00f3rh\u00e1zban kezelt csecsem\u0151k nagy r\u00e9sze eg\u00e9szs\u00e9ges, id\u0151re sz\u00fcletett, \u00e9rett csecsem\u0151k k\u00f6z\u00fcl ker\u00fcl ki, azaz a sz\u00fclet\u00e9s pillanat\u00e1t\u00f3l b\u00e1rmelyik gyermek ki van t\u00e9ve az RSV \u00e1ltal okozott s\u00falyos, \u00e9letet vesz\u00e9lyeztet\u0151 \u00e1llapotok kialakul\u00e1s\u00e1nak.<\/span><span data-contrast=\"auto\">2<\/span><span data-ccp-props=\"{&quot;335551550&quot;:6,&quot;335551620&quot;:6}\">\u00a0<\/span><\/p>\n<p style=\"text-align: justify\"><span data-contrast=\"auto\">A 18 \u00e9v felettiek, k\u00fcl\u00f6n\u00f6sen a kr\u00f3nikus betegs\u00e9ggel rendelkez\u0151k, immuns\u00e9r\u00fclt p\u00e1ciensek \u00e9s id\u0151sebb szem\u00e9lyek sz\u00e1m\u00e1ra is javasolt lehet a v\u00e9d\u0151olt\u00e1s, hiszen sz\u00e1mukra a l\u00e9g\u00fati infekci\u00f3k megel\u0151z\u00e9se kiemelt fontoss\u00e1g\u00fa, mivel a k\u00f3rh\u00e1zba ker\u00fcl\u00e9s \u00e9s az alapbetegs\u00e9g tov\u00e1bbi roml\u00e1sa el\u0151zhet\u0151 meg sok esetben a v\u00e9d\u0151olt\u00e1sok alkalmaz\u00e1s\u00e1val.<\/span><span data-contrast=\"auto\">8<\/span><span data-ccp-props=\"{&quot;201341983&quot;:0,&quot;335551550&quot;:6,&quot;335551620&quot;:6,&quot;335559739&quot;:0,&quot;335559740&quot;:240}\">\u00a0<\/span><\/p>\n<p style=\"text-align: justify\"><span data-ccp-props=\"{&quot;335551550&quot;:6,&quot;335551620&quot;:6,&quot;335559739&quot;:0}\">\u00a0<\/span><\/p>\n<p style=\"text-align: justify\"><span data-contrast=\"auto\">Zsigmond Krisztina, a Pfizer Gy\u00f3gyszerkereskedelmi Kft. \u00fcgyvezet\u0151 igazgat\u00f3ja a d\u00edj\u00e1tad\u00f3val kapcsolatban elmondta <\/span><i><span data-contrast=\"auto\">&#8211; \u201eHisz\u00fcnk abban, hogy a tudom\u00e1ny akkor \u00e9r valamit, ha eljut azokhoz, akiknek a legnagyobb sz\u00fcks\u00e9g\u00fck van r\u00e1 \u2013 legyen sz\u00f3 egy \u00fajsz\u00fcl\u00f6ttr\u0151l vagy egy id\u0151s betegr\u0151l. Az Abrysvo v\u00e9d\u0151olt\u00e1ssal a Pfizer \u00faj korszakot nyitott a megel\u0151z\u00e9sben: m\u00e1r a sz\u00fclet\u00e9s pillanat\u00e1t\u00f3l kezdve v\u00e9delmet ny\u00fajthatunk az egyik legvesz\u00e9lyesebb l\u00e9g\u00fati v\u00edrus ellen. Ez a d\u00edj meger\u0151s\u00edt benn\u00fcnket abban, hogy a j\u00f6v\u0151 eg\u00e9szs\u00e9g\u00fcgye nemcsak kezel, hanem megel\u0151z. Elk\u00f6telezettek vagyunk amellett, hogy \u00fatt\u00f6r\u0151 megold\u00e1sainkkal hozz\u00e1j\u00e1ruljunk a k\u00f6z\u00f6ss\u00e9gek eg\u00e9szs\u00e9g\u00e9hez \u2013 ma, holnap \u00e9s a k\u00f6vetkez\u0151 gener\u00e1ci\u00f3k sz\u00e1m\u00e1ra is. Minden el\u0151re lep\u00e9s\u00fcnk m\u00f6g\u00f6tt ott \u00e1ll a hit: a tudom\u00e1ny erej\u00e9vel v\u00e1ltoz\u00e1st hozhatunk az emberek \u00e9let\u00e9be.\u201d<\/span><\/i><span data-ccp-props=\"{&quot;335551550&quot;:6,&quot;335551620&quot;:6,&quot;335559739&quot;:0}\">\u00a0<\/span><\/p>\n\r\n        [slb_exclude]\r\n        <div class=\"row galeria-wrapper mx-0 h-auto\">\r\n            <div class=\"col-9 pl-0 pr-2\">\r\n            <span class=\"gallery-item frame\">\r\n\t\t\t\t<div class=\"galeria-left-img\"><a href=\"https:\/\/semmelweis.hu\/pharmacology\/files\/2025\/07\/XS_HUPH25-0147.jpg\"><img src=https:\/\/semmelweis.hu\/pharmacology\/files\/2025\/07\/XS_HUPH25-0147.jpg  \r\n                            alt=\"\" \r\n                            class=\"attachment-sote-gallery-big size-sote-gallery-big\" \r\n                            srcset=\"https:\/\/semmelweis.hu\/pharmacology\/files\/2025\/07\/XS_HUPH25-0147-400x267.jpg 400w, https:\/\/semmelweis.hu\/pharmacology\/files\/2025\/07\/XS_HUPH25-0147-1024x683.jpg 1024w, https:\/\/semmelweis.hu\/pharmacology\/files\/2025\/07\/XS_HUPH25-0147-768x513.jpg 768w, https:\/\/semmelweis.hu\/pharmacology\/files\/2025\/07\/XS_HUPH25-0147-753x503.jpg 753w, https:\/\/semmelweis.hu\/pharmacology\/files\/2025\/07\/XS_HUPH25-0147-203x135.jpg 203w, https:\/\/semmelweis.hu\/pharmacology\/files\/2025\/07\/XS_HUPH25-0147.jpg 1500w\" ><\/a><\/div>\r\n            <\/span>\r\n\r\n            <\/div>\r\n\r\n\t\t\t<div class=\"col-3 pl-0 pr-0\">\r\n\t\t\t\t<div class=\"galeria-right-img d-flex justify-content-between flex-column h-100 w-100 px-0 mx-0 \">\r\n                <div class=\"galeria-box\">\r\n\t\t\t\t\t<h3 class=\"galeria-title\">Gal\u00e9ria<\/h3>\r\n\t\t\t\t\t<div class=\"galeria-subtitle\">\r\n\r\n\t\t\t\t\t\t<div class=\"galeria-page-counter\"><span>3<\/span>k\u00e9p<\/div>\r\n                    <\/div> <\/div>\r\n                    <span class=\"gallery-item frame d-none d-md-flex\">\r\n\t\t\t\t\t<div class=\"galeria-small-img mt-0\"><a href=\"https:\/\/semmelweis.hu\/pharmacology\/files\/2025\/07\/XS_HUPH25-0137.jpg\"><img src=https:\/\/semmelweis.hu\/pharmacology\/files\/2025\/07\/XS_HUPH25-0137.jpg \r\n                                alt=\"\"  \r\n                                class=\"attachment-sote-gallery-small size-sote-gallery-small\" \r\n                                srcset=\"https:\/\/semmelweis.hu\/pharmacology\/files\/2025\/07\/XS_HUPH25-0137-400x267.jpg 400w, https:\/\/semmelweis.hu\/pharmacology\/files\/2025\/07\/XS_HUPH25-0137-1024x683.jpg 1024w, https:\/\/semmelweis.hu\/pharmacology\/files\/2025\/07\/XS_HUPH25-0137-768x513.jpg 768w, https:\/\/semmelweis.hu\/pharmacology\/files\/2025\/07\/XS_HUPH25-0137-753x503.jpg 753w, https:\/\/semmelweis.hu\/pharmacology\/files\/2025\/07\/XS_HUPH25-0137-203x135.jpg 203w, https:\/\/semmelweis.hu\/pharmacology\/files\/2025\/07\/XS_HUPH25-0137.jpg 1500w\" ><\/a><\/div>\r\n                    <\/span>\r\n                    <span class=\"gallery-item frame d-none d-md-flex\">\r\n\t\t\t\t\t<div class=\"galeria-small-img mt-0\"><a href=\"https:\/\/semmelweis.hu\/pharmacology\/files\/2025\/07\/XS_HUPH25-0136.jpg\"><img src=https:\/\/semmelweis.hu\/pharmacology\/files\/2025\/07\/XS_HUPH25-0136.jpg \r\n                                alt=\"\" \r\n                                class=\"attachment-sote-gallery-small size-sote-gallery-small\" \r\n                                srcset=\"https:\/\/semmelweis.hu\/pharmacology\/files\/2025\/07\/XS_HUPH25-0136-400x267.jpg 400w, https:\/\/semmelweis.hu\/pharmacology\/files\/2025\/07\/XS_HUPH25-0136-1024x683.jpg 1024w, https:\/\/semmelweis.hu\/pharmacology\/files\/2025\/07\/XS_HUPH25-0136-768x513.jpg 768w, https:\/\/semmelweis.hu\/pharmacology\/files\/2025\/07\/XS_HUPH25-0136-753x503.jpg 753w, https:\/\/semmelweis.hu\/pharmacology\/files\/2025\/07\/XS_HUPH25-0136-203x135.jpg 203w, https:\/\/semmelweis.hu\/pharmacology\/files\/2025\/07\/XS_HUPH25-0136.jpg 1500w\" ><\/a><\/div>\r\n                    <\/span>\r\n\r\n                <\/div>\r\n\r\n            <\/div>\r\n\r\n            \r\n            <\/div>\r\n\r\n            [\/slb_exclude]\r\n\t\n","protected":false},"excerpt":{"rendered":"<p>Budapest, 2025. j\u00fanius 4. &#8211; A Pfizer Gy\u00f3gyszerkereskedelmi Kft. nyerte el 2025. j\u00fanius 4-\u00e9n a Magyar K\u00eds\u00e9rletes \u00e9s Klinikai Farmakol\u00f3giai T\u00e1rsas\u00e1g (MFT) rangos szakmai elismer\u00e9s\u00e9t, \u201eAz \u00c9v Gy\u00f3gyszere 2024\u201d d\u00edjat az ABRYSVO v\u00e9d\u0151olt\u00e1ssal. Ez az innov\u00e1ci\u00f3 az els\u0151 \u00e9s egyetlen olyan j\u00f3v\u00e1hagyott RSV (l\u00e9g\u00fati \u00f3ri\u00e1ssejtes v\u00edrus) elleni v\u00e9d\u0151olt\u00e1s, mely a v\u00e1rand\u00f3sok immuniz\u00e1l\u00e1s\u00e1ra a megsz\u00fcletend\u0151 csecsem\u0151ik &hellip;<\/p>\n","protected":false},"author":102322,"featured_media":14946,"comment_status":"closed","ping_status":"closed","sticky":false,"template":"","format":"standard","meta":{"_acf_changed":false,"footnotes":""},"categories":[407],"tags":[],"class_list":["post-14943","post","type-post","status-publish","format-standard","has-post-thumbnail","hentry","category-hirek"],"acf":[],"_links":{"self":[{"href":"https:\/\/semmelweis.hu\/pharmacology\/wp-json\/wp\/v2\/posts\/14943","targetHints":{"allow":["GET"]}}],"collection":[{"href":"https:\/\/semmelweis.hu\/pharmacology\/wp-json\/wp\/v2\/posts"}],"about":[{"href":"https:\/\/semmelweis.hu\/pharmacology\/wp-json\/wp\/v2\/types\/post"}],"author":[{"embeddable":true,"href":"https:\/\/semmelweis.hu\/pharmacology\/wp-json\/wp\/v2\/users\/102322"}],"replies":[{"embeddable":true,"href":"https:\/\/semmelweis.hu\/pharmacology\/wp-json\/wp\/v2\/comments?post=14943"}],"version-history":[{"count":1,"href":"https:\/\/semmelweis.hu\/pharmacology\/wp-json\/wp\/v2\/posts\/14943\/revisions"}],"predecessor-version":[{"id":14947,"href":"https:\/\/semmelweis.hu\/pharmacology\/wp-json\/wp\/v2\/posts\/14943\/revisions\/14947"}],"wp:featuredmedia":[{"embeddable":true,"href":"https:\/\/semmelweis.hu\/pharmacology\/wp-json\/wp\/v2\/media\/14946"}],"wp:attachment":[{"href":"https:\/\/semmelweis.hu\/pharmacology\/wp-json\/wp\/v2\/media?parent=14943"}],"wp:term":[{"taxonomy":"category","embeddable":true,"href":"https:\/\/semmelweis.hu\/pharmacology\/wp-json\/wp\/v2\/categories?post=14943"},{"taxonomy":"post_tag","embeddable":true,"href":"https:\/\/semmelweis.hu\/pharmacology\/wp-json\/wp\/v2\/tags?post=14943"}],"curies":[{"name":"wp","href":"https:\/\/api.w.org\/{rel}","templated":true}]}}