{"id":14930,"date":"2025-07-08T12:35:03","date_gmt":"2025-07-08T10:35:03","guid":{"rendered":"https:\/\/semmelweis.hu\/pharmacology\/?p=14930"},"modified":"2025-07-08T12:35:03","modified_gmt":"2025-07-08T10:35:03","slug":"intezetunk-phd-hallgatoi-is-dijat-kaptak-a-romics-alapitvany-palyazatan","status":"publish","type":"post","link":"https:\/\/semmelweis.hu\/pharmacology\/2025\/07\/08\/intezetunk-phd-hallgatoi-is-dijat-kaptak-a-romics-alapitvany-palyazatan\/","title":{"rendered":"Int\u00e9zet\u00fcnk PhD hallgat\u00f3i is d\u00edjat kaptak a Romics Alap\u00edtv\u00e1ny p\u00e1ly\u00e1zat\u00e1n"},"content":{"rendered":"<p class=\"x_MsoNormal\" style=\"text-align: justify\" data-olk-copy-source=\"MessageBody\">Kocsis M\u00e1rton, int\u00e9zet\u00fcnk PhD hallgat\u00f3ja is d\u00edjaz\u00e1sban r\u00e9szes\u00fclt a Prof. Dr. Romics L\u00e1szl\u00f3 Akad\u00e9mikus Eml\u00e9k\u00e9re Alap\u00edtv\u00e1ny 2025. \u00e9vre meghirdetett p\u00e1ly\u00e1zat\u00e1n. Az \u00fcnnep\u00e9lyes d\u00edj\u00e1tad\u00f3 \u00fcnneps\u00e9g az egyetem Semmelweis-napi megeml\u00e9kez\u00e9sek z\u00e1r\u00f3 \u00fcnneps\u00e9g\u00e9n zajlott. A p\u00e1ly\u00e1zatra 40 \u00e9ven aluli orvosok \u00e9s orvos- biol\u00f3giai kutat\u00e1ssal foglalkoz\u00f3 szem\u00e9lyek sz\u00e1m\u00e1ra. A p\u00e1ly\u00e1zat c\u00e9lja: a klinikai gy\u00f3gy\u00edt\u00e1s, vagy orvosi tudom\u00e1nyos kutat\u00e1s ter\u00fclet\u00e9n dolgoz\u00f3k kiemelked\u0151 tudom\u00e1nyos tev\u00e9kenys\u00e9g\u00e9nek elismer\u00e9se volt.<\/p>\n<p class=\"x_MsoNormal\" style=\"text-align: justify\">Az alap\u00edtv\u00e1ny \u00e9s az Literatura Medica Kiad\u00f3 k\u00fcl\u00f6nd\u00edj\u00e1t Heged\u0171s Zsombor, m\u00edg az alap\u00edtv\u00e1ny \u00e9s az Akad\u00e9mia Kiad\u00f3 k\u00fcl\u00f6nd\u00edj\u00e1t Jezsoviczky S\u00e1ra vehette \u00e1t az \u00fcnneps\u00e9gen.<\/p>\n<p class=\"x_MsoNormal\" style=\"text-align: justify\">S\u00e1rinak, Marcinak \u00e9s Zsombornak ez\u00faton is gratul\u00e1lunk a d\u00edjhoz, tov\u00e1bbi p\u00e1lyafut\u00e1sukhoz j\u00f3 eg\u00e9szs\u00e9get \u00e9s sok sikert k\u00edv\u00e1nunk.<\/p>\n\r\n        [slb_exclude]\r\n        <div class=\"row galeria-wrapper mx-0 h-auto\">\r\n            <div class=\"col-9 pl-0 pr-2\">\r\n            <span class=\"gallery-item frame\">\r\n\t\t\t\t<div class=\"galeria-left-img\"><a href=\"https:\/\/semmelweis.hu\/pharmacology\/files\/2025\/07\/Semmelweis_nap_Hegedus_Zsombsz.jpg\"><img src=https:\/\/semmelweis.hu\/pharmacology\/files\/2025\/07\/Semmelweis_nap_Hegedus_Zsombsz.jpg  \r\n                            alt=\"\" \r\n                            class=\"attachment-sote-gallery-big size-sote-gallery-big\" \r\n                            srcset=\"https:\/\/semmelweis.hu\/pharmacology\/files\/2025\/07\/Semmelweis_nap_Hegedus_Zsombsz-400x267.jpg 400w, https:\/\/semmelweis.hu\/pharmacology\/files\/2025\/07\/Semmelweis_nap_Hegedus_Zsombsz-1024x683.jpg 1024w, https:\/\/semmelweis.hu\/pharmacology\/files\/2025\/07\/Semmelweis_nap_Hegedus_Zsombsz-768x512.jpg 768w, https:\/\/semmelweis.hu\/pharmacology\/files\/2025\/07\/Semmelweis_nap_Hegedus_Zsombsz-753x502.jpg 753w, https:\/\/semmelweis.hu\/pharmacology\/files\/2025\/07\/Semmelweis_nap_Hegedus_Zsombsz-203x135.jpg 203w, https:\/\/semmelweis.hu\/pharmacology\/files\/2025\/07\/Semmelweis_nap_Hegedus_Zsombsz.jpg 1200w\" ><\/a><\/div>\r\n            <\/span>\r\n\r\n            <\/div>\r\n\r\n\t\t\t<div class=\"col-3 pl-0 pr-0\">\r\n\t\t\t\t<div class=\"galeria-right-img d-flex justify-content-between flex-column h-100 w-100 px-0 mx-0 \">\r\n                <div class=\"galeria-box\">\r\n\t\t\t\t\t<h3 class=\"galeria-title\">Gal\u00e9ria<\/h3>\r\n\t\t\t\t\t<div class=\"galeria-subtitle\">\r\n\r\n\t\t\t\t\t\t<div class=\"galeria-page-counter\"><span>3<\/span>k\u00e9p<\/div>\r\n                    <\/div> <\/div>\r\n                    <span class=\"gallery-item frame d-none d-md-flex\">\r\n\t\t\t\t\t<div class=\"galeria-small-img mt-0\"><a href=\"https:\/\/semmelweis.hu\/pharmacology\/files\/2025\/07\/Semmelweis_nap_Jezsoviczky_Sari.jpg\"><img src=https:\/\/semmelweis.hu\/pharmacology\/files\/2025\/07\/Semmelweis_nap_Jezsoviczky_Sari.jpg \r\n                                alt=\"\"  \r\n                                class=\"attachment-sote-gallery-small size-sote-gallery-small\" \r\n                                srcset=\"https:\/\/semmelweis.hu\/pharmacology\/files\/2025\/07\/Semmelweis_nap_Jezsoviczky_Sari-400x267.jpg 400w, https:\/\/semmelweis.hu\/pharmacology\/files\/2025\/07\/Semmelweis_nap_Jezsoviczky_Sari-1024x683.jpg 1024w, https:\/\/semmelweis.hu\/pharmacology\/files\/2025\/07\/Semmelweis_nap_Jezsoviczky_Sari-768x512.jpg 768w, https:\/\/semmelweis.hu\/pharmacology\/files\/2025\/07\/Semmelweis_nap_Jezsoviczky_Sari-753x502.jpg 753w, https:\/\/semmelweis.hu\/pharmacology\/files\/2025\/07\/Semmelweis_nap_Jezsoviczky_Sari-203x135.jpg 203w, https:\/\/semmelweis.hu\/pharmacology\/files\/2025\/07\/Semmelweis_nap_Jezsoviczky_Sari.jpg 1200w\" ><\/a><\/div>\r\n                    <\/span>\r\n                    <span class=\"gallery-item frame d-none d-md-flex\">\r\n\t\t\t\t\t<div class=\"galeria-small-img mt-0\"><a href=\"https:\/\/semmelweis.hu\/pharmacology\/files\/2025\/07\/Semmelweis_nap_Kocsis_Marci.jpg\"><img src=https:\/\/semmelweis.hu\/pharmacology\/files\/2025\/07\/Semmelweis_nap_Kocsis_Marci.jpg \r\n                                alt=\"\" \r\n                                class=\"attachment-sote-gallery-small size-sote-gallery-small\" \r\n                                srcset=\"https:\/\/semmelweis.hu\/pharmacology\/files\/2025\/07\/Semmelweis_nap_Kocsis_Marci-400x267.jpg 400w, https:\/\/semmelweis.hu\/pharmacology\/files\/2025\/07\/Semmelweis_nap_Kocsis_Marci-1024x683.jpg 1024w, https:\/\/semmelweis.hu\/pharmacology\/files\/2025\/07\/Semmelweis_nap_Kocsis_Marci-768x512.jpg 768w, https:\/\/semmelweis.hu\/pharmacology\/files\/2025\/07\/Semmelweis_nap_Kocsis_Marci-753x502.jpg 753w, https:\/\/semmelweis.hu\/pharmacology\/files\/2025\/07\/Semmelweis_nap_Kocsis_Marci-203x135.jpg 203w, https:\/\/semmelweis.hu\/pharmacology\/files\/2025\/07\/Semmelweis_nap_Kocsis_Marci.jpg 1200w\" ><\/a><\/div>\r\n                    <\/span>\r\n\r\n                <\/div>\r\n\r\n            <\/div>\r\n\r\n            \r\n            <\/div>\r\n\r\n            [\/slb_exclude]\r\n\t\n","protected":false},"excerpt":{"rendered":"<p>Kocsis M\u00e1rton, int\u00e9zet\u00fcnk PhD hallgat\u00f3ja is d\u00edjaz\u00e1sban r\u00e9szes\u00fclt a Prof. Dr. Romics L\u00e1szl\u00f3 Akad\u00e9mikus Eml\u00e9k\u00e9re Alap\u00edtv\u00e1ny 2025. \u00e9vre meghirdetett p\u00e1ly\u00e1zat\u00e1n. Az \u00fcnnep\u00e9lyes d\u00edj\u00e1tad\u00f3 \u00fcnneps\u00e9g az egyetem Semmelweis-napi megeml\u00e9kez\u00e9sek z\u00e1r\u00f3 \u00fcnneps\u00e9g\u00e9n zajlott. A p\u00e1ly\u00e1zatra 40 \u00e9ven aluli orvosok \u00e9s orvos- biol\u00f3giai kutat\u00e1ssal foglalkoz\u00f3 szem\u00e9lyek sz\u00e1m\u00e1ra. A p\u00e1ly\u00e1zat c\u00e9lja: a klinikai gy\u00f3gy\u00edt\u00e1s, vagy orvosi tudom\u00e1nyos kutat\u00e1s ter\u00fclet\u00e9n &hellip;<\/p>\n","protected":false},"author":102322,"featured_media":14933,"comment_status":"closed","ping_status":"closed","sticky":false,"template":"","format":"standard","meta":{"_acf_changed":false,"footnotes":""},"categories":[407],"tags":[],"class_list":["post-14930","post","type-post","status-publish","format-standard","has-post-thumbnail","hentry","category-hirek"],"acf":[],"_links":{"self":[{"href":"https:\/\/semmelweis.hu\/pharmacology\/wp-json\/wp\/v2\/posts\/14930","targetHints":{"allow":["GET"]}}],"collection":[{"href":"https:\/\/semmelweis.hu\/pharmacology\/wp-json\/wp\/v2\/posts"}],"about":[{"href":"https:\/\/semmelweis.hu\/pharmacology\/wp-json\/wp\/v2\/types\/post"}],"author":[{"embeddable":true,"href":"https:\/\/semmelweis.hu\/pharmacology\/wp-json\/wp\/v2\/users\/102322"}],"replies":[{"embeddable":true,"href":"https:\/\/semmelweis.hu\/pharmacology\/wp-json\/wp\/v2\/comments?post=14930"}],"version-history":[{"count":1,"href":"https:\/\/semmelweis.hu\/pharmacology\/wp-json\/wp\/v2\/posts\/14930\/revisions"}],"predecessor-version":[{"id":14934,"href":"https:\/\/semmelweis.hu\/pharmacology\/wp-json\/wp\/v2\/posts\/14930\/revisions\/14934"}],"wp:featuredmedia":[{"embeddable":true,"href":"https:\/\/semmelweis.hu\/pharmacology\/wp-json\/wp\/v2\/media\/14933"}],"wp:attachment":[{"href":"https:\/\/semmelweis.hu\/pharmacology\/wp-json\/wp\/v2\/media?parent=14930"}],"wp:term":[{"taxonomy":"category","embeddable":true,"href":"https:\/\/semmelweis.hu\/pharmacology\/wp-json\/wp\/v2\/categories?post=14930"},{"taxonomy":"post_tag","embeddable":true,"href":"https:\/\/semmelweis.hu\/pharmacology\/wp-json\/wp\/v2\/tags?post=14930"}],"curies":[{"name":"wp","href":"https:\/\/api.w.org\/{rel}","templated":true}]}}