{"id":14924,"date":"2025-07-08T12:32:10","date_gmt":"2025-07-08T10:32:10","guid":{"rendered":"https:\/\/semmelweis.hu\/pharmacology\/?p=14924"},"modified":"2025-07-08T12:32:10","modified_gmt":"2025-07-08T10:32:10","slug":"nagy-regina-nyerte-az-ephar%e2%80%90eacpt-young-investigator-dijat","status":"publish","type":"post","link":"https:\/\/semmelweis.hu\/pharmacology\/2025\/07\/08\/nagy-regina-nyerte-az-ephar%e2%80%90eacpt-young-investigator-dijat\/","title":{"rendered":"Nagy Regina nyerte az EPHAR\u2010EACPT Young Investigator D\u00edj\u00e1t"},"content":{"rendered":"<p class=\"x_MsoNormal\" style=\"text-align: justify\" data-olk-copy-source=\"MessageBody\">Nagy Regina Norma nyerte a k\u00e9t rangos nemzetk\u00f6zi farmakol\u00f3giai szervezet, a The Federation of European Pharmacology Societies (EPHAR) \u00e9s a European Association for Clinical<\/p>\n<p class=\"x_MsoNormal\" style=\"text-align: justify\">Pharmacology and Therapeutics (EACPT) \u00e1ltal k\u00f6z\u00f6sen ki\u00edrt fiatal farmakol\u00f3gusoknak sz\u00f3l\u00f3 p\u00e1ly\u00e1zatot. A d\u00edjat olyan fiatal tud\u00f3sok kaphatt\u00e1k meg, akik az elm\u00falt k\u00e9t \u00e9vben kiemelked\u0151 kutat\u00e1si cikket publik\u00e1ltak. A d\u00edjat Helsinkiben adt\u00e1k \u00e1t az EACPT 2025. \u00e9vi kongresszus\u00e1n, ahol Regina kiv\u00e1l\u00f3an siker\u00fclt el\u0151ad\u00e1ssal prezent\u00e1lta a d\u00edjazott publik\u00e1ci\u00f3t.<\/p>\n<p class=\"x_MsoNormal\" style=\"text-align: justify\">Reginek ez\u00faton is sz\u00edvb\u0151l gratul\u00e1lunk \u00e9s tov\u00e1bbi karrierj\u00e9hez sok sikert \u00e9s j\u00f3 eg \u00e9szs\u00e9get k\u00edv\u00e1nunk!<\/p>\n\r\n        [slb_exclude]\r\n        <div class=\"row galeria-wrapper mx-0 h-auto\">\r\n            <div class=\"col-9 pl-0 pr-2\">\r\n            <span class=\"gallery-item frame\">\r\n\t\t\t\t<div class=\"galeria-left-img\"><a href=\"https:\/\/semmelweis.hu\/pharmacology\/files\/2025\/07\/Nagy_Regina_Norma_dij_2025_2.jpg\"><img src=https:\/\/semmelweis.hu\/pharmacology\/files\/2025\/07\/Nagy_Regina_Norma_dij_2025_2.jpg  \r\n                            alt=\"\" \r\n                            class=\"attachment-sote-gallery-big size-sote-gallery-big\" \r\n                            srcset=\"https:\/\/semmelweis.hu\/pharmacology\/files\/2025\/07\/Nagy_Regina_Norma_dij_2025_2-300x400.jpg 300w, https:\/\/semmelweis.hu\/pharmacology\/files\/2025\/07\/Nagy_Regina_Norma_dij_2025_2-768x1024.jpg 768w, https:\/\/semmelweis.hu\/pharmacology\/files\/2025\/07\/Nagy_Regina_Norma_dij_2025_2-1152x1536.jpg 1152w, https:\/\/semmelweis.hu\/pharmacology\/files\/2025\/07\/Nagy_Regina_Norma_dij_2025_2-753x1004.jpg 753w, https:\/\/semmelweis.hu\/pharmacology\/files\/2025\/07\/Nagy_Regina_Norma_dij_2025_2.jpg 1280w\" ><\/a><\/div>\r\n            <\/span>\r\n\r\n            <\/div>\r\n\r\n\t\t\t<div class=\"col-3 pl-0 pr-0\">\r\n\t\t\t\t<div class=\"galeria-right-img d-flex justify-content-between flex-column h-100 w-100 px-0 mx-0 \">\r\n                <div class=\"galeria-box\">\r\n\t\t\t\t\t<h3 class=\"galeria-title\">Gal\u00e9ria<\/h3>\r\n\t\t\t\t\t<div class=\"galeria-subtitle\">\r\n\r\n\t\t\t\t\t\t<div class=\"galeria-page-counter\"><span>2<\/span>k\u00e9p<\/div>\r\n                    <\/div> <\/div>\r\n                    <span class=\"gallery-item frame d-none d-md-flex\">\r\n\t\t\t\t\t<div class=\"galeria-small-img mt-0\"><a href=\"https:\/\/semmelweis.hu\/pharmacology\/files\/2025\/07\/1751199076472.jpg\"><img src=https:\/\/semmelweis.hu\/pharmacology\/files\/2025\/07\/1751199076472.jpg \r\n                                alt=\"\"  \r\n                                class=\"attachment-sote-gallery-small size-sote-gallery-small\" \r\n                                srcset=\"https:\/\/semmelweis.hu\/pharmacology\/files\/2025\/07\/1751199076472-400x300.jpg 400w, https:\/\/semmelweis.hu\/pharmacology\/files\/2025\/07\/1751199076472-1024x768.jpg 1024w, https:\/\/semmelweis.hu\/pharmacology\/files\/2025\/07\/1751199076472-768x576.jpg 768w, https:\/\/semmelweis.hu\/pharmacology\/files\/2025\/07\/1751199076472-1536x1152.jpg 1536w, https:\/\/semmelweis.hu\/pharmacology\/files\/2025\/07\/1751199076472-753x565.jpg 753w, https:\/\/semmelweis.hu\/pharmacology\/files\/2025\/07\/1751199076472.jpg 2048w\" ><\/a><\/div>\r\n                    <\/span>\r\n                    <span class=\"gallery-item frame d-none d-md-flex\">\r\n\t\t\t\t\t<div class=\"galeria-small-img mt-0\"><img src=https:\/\/semmelweis.hu\/pharmacology\/wp-content\/themes\/se18\/dist\/images\/100x100.svg \r\n                                alt=\"\" \r\n                                class=\"attachment-sote-gallery-small size-sote-gallery-small\" \r\n                                srcset=\"\" ><\/div>\r\n                    <\/span>\r\n\r\n                <\/div>\r\n\r\n            <\/div>\r\n\r\n            \r\n            <\/div>\r\n\r\n            [\/slb_exclude]\r\n\t\n","protected":false},"excerpt":{"rendered":"<p>Nagy Regina Norma nyerte a k\u00e9t rangos nemzetk\u00f6zi farmakol\u00f3giai szervezet, a The Federation of European Pharmacology Societies (EPHAR) \u00e9s a European Association for Clinical Pharmacology and Therapeutics (EACPT) \u00e1ltal k\u00f6z\u00f6sen ki\u00edrt fiatal farmakol\u00f3gusoknak sz\u00f3l\u00f3 p\u00e1ly\u00e1zatot. A d\u00edjat olyan fiatal tud\u00f3sok kaphatt\u00e1k meg, akik az elm\u00falt k\u00e9t \u00e9vben kiemelked\u0151 kutat\u00e1si cikket publik\u00e1ltak. A d\u00edjat Helsinkiben adt\u00e1k &hellip;<\/p>\n","protected":false},"author":102322,"featured_media":14925,"comment_status":"closed","ping_status":"closed","sticky":false,"template":"","format":"standard","meta":{"_acf_changed":false,"footnotes":""},"categories":[407],"tags":[],"class_list":["post-14924","post","type-post","status-publish","format-standard","has-post-thumbnail","hentry","category-hirek"],"acf":[],"_links":{"self":[{"href":"https:\/\/semmelweis.hu\/pharmacology\/wp-json\/wp\/v2\/posts\/14924","targetHints":{"allow":["GET"]}}],"collection":[{"href":"https:\/\/semmelweis.hu\/pharmacology\/wp-json\/wp\/v2\/posts"}],"about":[{"href":"https:\/\/semmelweis.hu\/pharmacology\/wp-json\/wp\/v2\/types\/post"}],"author":[{"embeddable":true,"href":"https:\/\/semmelweis.hu\/pharmacology\/wp-json\/wp\/v2\/users\/102322"}],"replies":[{"embeddable":true,"href":"https:\/\/semmelweis.hu\/pharmacology\/wp-json\/wp\/v2\/comments?post=14924"}],"version-history":[{"count":1,"href":"https:\/\/semmelweis.hu\/pharmacology\/wp-json\/wp\/v2\/posts\/14924\/revisions"}],"predecessor-version":[{"id":14927,"href":"https:\/\/semmelweis.hu\/pharmacology\/wp-json\/wp\/v2\/posts\/14924\/revisions\/14927"}],"wp:featuredmedia":[{"embeddable":true,"href":"https:\/\/semmelweis.hu\/pharmacology\/wp-json\/wp\/v2\/media\/14925"}],"wp:attachment":[{"href":"https:\/\/semmelweis.hu\/pharmacology\/wp-json\/wp\/v2\/media?parent=14924"}],"wp:term":[{"taxonomy":"category","embeddable":true,"href":"https:\/\/semmelweis.hu\/pharmacology\/wp-json\/wp\/v2\/categories?post=14924"},{"taxonomy":"post_tag","embeddable":true,"href":"https:\/\/semmelweis.hu\/pharmacology\/wp-json\/wp\/v2\/tags?post=14924"}],"curies":[{"name":"wp","href":"https:\/\/api.w.org\/{rel}","templated":true}]}}