{"id":14920,"date":"2025-07-08T12:29:12","date_gmt":"2025-07-08T10:29:12","guid":{"rendered":"https:\/\/semmelweis.hu\/pharmacology\/?p=14920"},"modified":"2025-07-08T12:29:55","modified_gmt":"2025-07-08T10:29:55","slug":"merit-dijat-kapott-kollegank","status":"publish","type":"post","link":"https:\/\/semmelweis.hu\/pharmacology\/2025\/07\/08\/merit-dijat-kapott-kollegank\/","title":{"rendered":"Merit D\u00edjat kapott koll\u00e9g\u00e1nk"},"content":{"rendered":"<p class=\"x_MsoNormal\" style=\"text-align: justify\" data-olk-copy-source=\"MessageBody\">Kari Kiv\u00e1l\u00f3s\u00e1gi Merit d\u00edj elismer\u00e9st vehetett \u00e1t koll\u00e9g\u00e1nk, Dr. Makkos Andr\u00e1s egyetemi adjunktus. A\u00a0p\u00e1ly\u00e1zat c\u00e9lja\u00a0az \u00c1ltal\u00e1nos Orostudom\u00e1nyi Kar oktat\u00e1si-kutat\u00e1si szervezeti egys\u00e9geiben v\u00e9gzett magas sz\u00ednvonal\u00fa szakmai munka elismer\u00e9se.<\/p>\n<p class=\"x_MsoNormal\" style=\"text-align: justify\">Dr. Makkos Andr\u00e1snak ez\u00faton is sz\u00edvb\u0151l gratul\u00e1lunk, tov\u00e1bbi p\u00e1lyafut\u00e1s\u00e1hoz sok sikert \u00e9s j\u00f3 eg\u00e9szs\u00e9get k\u00edv\u00e1nunk!<\/p>\n","protected":false},"excerpt":{"rendered":"<p>Kari Kiv\u00e1l\u00f3s\u00e1gi Merit d\u00edj elismer\u00e9st vehetett \u00e1t koll\u00e9g\u00e1nk, Dr. Makkos Andr\u00e1s egyetemi adjunktus. A\u00a0p\u00e1ly\u00e1zat c\u00e9lja\u00a0az \u00c1ltal\u00e1nos Orostudom\u00e1nyi Kar oktat\u00e1si-kutat\u00e1si szervezeti egys\u00e9geiben v\u00e9gzett magas sz\u00ednvonal\u00fa szakmai munka elismer\u00e9se.<br \/>\nDr. Makkos Andr\u00e1snak ez\u00faton is sz\u00edvb\u0151l gratul\u00e1lunk, tov\u00e1bbi p\u00e1lyafut\u00e1s\u00e1hoz sok sikert \u00e9s j\u00f3 eg\u00e9szs\u00e9get k\u00edv\u00e1nunk!<\/p>\n","protected":false},"author":102322,"featured_media":12855,"comment_status":"closed","ping_status":"closed","sticky":false,"template":"","format":"standard","meta":{"_acf_changed":false,"footnotes":""},"categories":[407],"tags":[],"class_list":["post-14920","post","type-post","status-publish","format-standard","has-post-thumbnail","hentry","category-hirek"],"acf":[],"_links":{"self":[{"href":"https:\/\/semmelweis.hu\/pharmacology\/wp-json\/wp\/v2\/posts\/14920","targetHints":{"allow":["GET"]}}],"collection":[{"href":"https:\/\/semmelweis.hu\/pharmacology\/wp-json\/wp\/v2\/posts"}],"about":[{"href":"https:\/\/semmelweis.hu\/pharmacology\/wp-json\/wp\/v2\/types\/post"}],"author":[{"embeddable":true,"href":"https:\/\/semmelweis.hu\/pharmacology\/wp-json\/wp\/v2\/users\/102322"}],"replies":[{"embeddable":true,"href":"https:\/\/semmelweis.hu\/pharmacology\/wp-json\/wp\/v2\/comments?post=14920"}],"version-history":[{"count":1,"href":"https:\/\/semmelweis.hu\/pharmacology\/wp-json\/wp\/v2\/posts\/14920\/revisions"}],"predecessor-version":[{"id":14921,"href":"https:\/\/semmelweis.hu\/pharmacology\/wp-json\/wp\/v2\/posts\/14920\/revisions\/14921"}],"wp:featuredmedia":[{"embeddable":true,"href":"https:\/\/semmelweis.hu\/pharmacology\/wp-json\/wp\/v2\/media\/12855"}],"wp:attachment":[{"href":"https:\/\/semmelweis.hu\/pharmacology\/wp-json\/wp\/v2\/media?parent=14920"}],"wp:term":[{"taxonomy":"category","embeddable":true,"href":"https:\/\/semmelweis.hu\/pharmacology\/wp-json\/wp\/v2\/categories?post=14920"},{"taxonomy":"post_tag","embeddable":true,"href":"https:\/\/semmelweis.hu\/pharmacology\/wp-json\/wp\/v2\/tags?post=14920"}],"curies":[{"name":"wp","href":"https:\/\/api.w.org\/{rel}","templated":true}]}}