{"id":14872,"date":"2025-06-16T11:13:31","date_gmt":"2025-06-16T09:13:31","guid":{"rendered":"https:\/\/semmelweis.hu\/pharmacology\/?p=14872"},"modified":"2025-06-16T11:13:31","modified_gmt":"2025-06-16T09:13:31","slug":"munkacsoportunk-megjelentette-az-annexin-a1-szerepe-a-kissejtes-tudorakban-cimu-kozlemenyet-a-d1-es-besorolasu-cancers-folyoiratban-if-45","status":"publish","type":"post","link":"https:\/\/semmelweis.hu\/pharmacology\/2025\/06\/16\/munkacsoportunk-megjelentette-az-annexin-a1-szerepe-a-kissejtes-tudorakban-cimu-kozlemenyet-a-d1-es-besorolasu-cancers-folyoiratban-if-45\/","title":{"rendered":"Munkacsoportunk megjelentette \u201eAz Annexin A1 szerepe a kissejtes t\u00fcd\u0151r\u00e1kban\u201d c\u00edm\u0171 k\u00f6zlem\u00e9ny\u00e9t a D1-es besorol\u00e1s\u00fa Cancers foly\u00f3iratban (IF: 4,5)"},"content":{"rendered":"<p style=\"text-align: justify\">A t\u00fcd\u0151r\u00e1k a legnagyobb hal\u00e1loz\u00e1s\u00fa daganat, melynek nagyobbik csoportj\u00e1ban, a nem-kissejtes t\u00fcd\u0151r\u00e1kban a c\u00e9lzott ter\u00e1pi\u00e1k \u00e9s immunter\u00e1pi\u00e1k jelent\u0151s klinikai el\u0151rel\u00e9p\u00e9st eredm\u00e9nyeztek, m\u00edg a kissejtes t\u00fcd\u0151r\u00e1k tov\u00e1bbra is az egyik legrosszabb progn\u00f3zis\u00fa malignit\u00e1s, \u00e9s az \u00faj kezel\u00e9si lehet\u0151s\u00e9gek nem hoztak eddig \u00e1tt\u00f6r\u00e9st. A kissejtes t\u00fcd\u0151r\u00e1k molekul\u00e1ris oszt\u00e1lyoz\u00e1sa, a ter\u00e1piarezisztencia mechanizmusainak felt\u00e1r\u00e1sa, valamint \u00faj biomarkerek azonos\u00edt\u00e1sa kulcsfontoss\u00e1g\u00fa a szem\u00e9lyre szabott ter\u00e1pi\u00e1k fejleszt\u00e9s\u00e9hez. Kutat\u00e1sunk az annexin A1 feh\u00e9rje szerep\u00e9t vizsg\u00e1lta, mely egy kalciumdependens foszfolipid-k\u00f6t\u0151 feh\u00e9rje, \u00e9s magas expresszi\u00f3j\u00e1t kissejtes t\u00fcd\u0151r\u00e1kban immunszuppressz\u00edv tumoros mikrok\u00f6rnyezettel \u00e9s fokozott metaszt\u00e1zishajlammal t\u00e1rs\u00edtott\u00e1k. Els\u0151k\u00e9nt karakteriz\u00e1ltuk \u00e1tfog\u00f3an az annexin A1 funkci\u00f3it short hairpin RNS-sel csendes\u00edtett kissejtes t\u00fcd\u0151r\u00e1k sejtvonalakkal, tumoros mint\u00e1k immunhisztok\u00e9miai vizsg\u00e1lat\u00e1val \u00e9s bioinformatikai predikt\u00edv algoritmusokkal, kimutatva, hogy az annexin A1 befoly\u00e1solja a sejtn\u00f6veked\u00e9st, a kemoter\u00e1pi\u00e1s \u00e9rz\u00e9kenys\u00e9get, a malignus fenot\u00edpus markereinek expresszi\u00f3j\u00e1t, valamint a tumor mikrok\u00f6rnyezet immunsejt-\u00f6sszet\u00e9tel\u00e9t. Eredm\u00e9nyeink hozz\u00e1j\u00e1rulnak a kissejtes t\u00fcd\u0151r\u00e1k komplex biol\u00f3giai folyamatainak m\u00e9lyebb meg\u00e9rt\u00e9s\u00e9hez.<\/p>\n<p><img loading=\"lazy\" decoding=\"async\" class=\"aligncenter size-full wp-image-14873\" src=\"https:\/\/semmelweis.hu\/pharmacology\/files\/2025\/06\/anxa_abra.png\" alt=\"\" width=\"1387\" height=\"971\" srcset=\"https:\/\/semmelweis.hu\/pharmacology\/files\/2025\/06\/anxa_abra.png 1387w, https:\/\/semmelweis.hu\/pharmacology\/files\/2025\/06\/anxa_abra-400x280.png 400w, https:\/\/semmelweis.hu\/pharmacology\/files\/2025\/06\/anxa_abra-1024x717.png 1024w, https:\/\/semmelweis.hu\/pharmacology\/files\/2025\/06\/anxa_abra-768x538.png 768w, https:\/\/semmelweis.hu\/pharmacology\/files\/2025\/06\/anxa_abra-753x527.png 753w\" sizes=\"auto, (max-width: 1387px) 100vw, 1387px\" \/><\/p>\n","protected":false},"excerpt":{"rendered":"<p>A t\u00fcd\u0151r\u00e1k a legnagyobb hal\u00e1loz\u00e1s\u00fa daganat, melynek nagyobbik csoportj\u00e1ban, a nem-kissejtes t\u00fcd\u0151r\u00e1kban a c\u00e9lzott ter\u00e1pi\u00e1k \u00e9s immunter\u00e1pi\u00e1k jelent\u0151s klinikai el\u0151rel\u00e9p\u00e9st eredm\u00e9nyeztek, m\u00edg a kissejtes t\u00fcd\u0151r\u00e1k tov\u00e1bbra is az egyik legrosszabb progn\u00f3zis\u00fa malignit\u00e1s, \u00e9s az \u00faj kezel\u00e9si lehet\u0151s\u00e9gek nem hoztak eddig \u00e1tt\u00f6r\u00e9st. A kissejtes t\u00fcd\u0151r\u00e1k molekul\u00e1ris oszt\u00e1lyoz\u00e1sa, a ter\u00e1piarezisztencia mechanizmusainak felt\u00e1r\u00e1sa, valamint \u00faj biomarkerek azonos\u00edt\u00e1sa kulcsfontoss\u00e1g\u00fa &hellip;<\/p>\n","protected":false},"author":102322,"featured_media":14873,"comment_status":"closed","ping_status":"closed","sticky":false,"template":"","format":"standard","meta":{"_acf_changed":false,"footnotes":""},"categories":[407],"tags":[],"class_list":["post-14872","post","type-post","status-publish","format-standard","has-post-thumbnail","hentry","category-hirek"],"acf":[],"_links":{"self":[{"href":"https:\/\/semmelweis.hu\/pharmacology\/wp-json\/wp\/v2\/posts\/14872","targetHints":{"allow":["GET"]}}],"collection":[{"href":"https:\/\/semmelweis.hu\/pharmacology\/wp-json\/wp\/v2\/posts"}],"about":[{"href":"https:\/\/semmelweis.hu\/pharmacology\/wp-json\/wp\/v2\/types\/post"}],"author":[{"embeddable":true,"href":"https:\/\/semmelweis.hu\/pharmacology\/wp-json\/wp\/v2\/users\/102322"}],"replies":[{"embeddable":true,"href":"https:\/\/semmelweis.hu\/pharmacology\/wp-json\/wp\/v2\/comments?post=14872"}],"version-history":[{"count":1,"href":"https:\/\/semmelweis.hu\/pharmacology\/wp-json\/wp\/v2\/posts\/14872\/revisions"}],"predecessor-version":[{"id":14874,"href":"https:\/\/semmelweis.hu\/pharmacology\/wp-json\/wp\/v2\/posts\/14872\/revisions\/14874"}],"wp:featuredmedia":[{"embeddable":true,"href":"https:\/\/semmelweis.hu\/pharmacology\/wp-json\/wp\/v2\/media\/14873"}],"wp:attachment":[{"href":"https:\/\/semmelweis.hu\/pharmacology\/wp-json\/wp\/v2\/media?parent=14872"}],"wp:term":[{"taxonomy":"category","embeddable":true,"href":"https:\/\/semmelweis.hu\/pharmacology\/wp-json\/wp\/v2\/categories?post=14872"},{"taxonomy":"post_tag","embeddable":true,"href":"https:\/\/semmelweis.hu\/pharmacology\/wp-json\/wp\/v2\/tags?post=14872"}],"curies":[{"name":"wp","href":"https:\/\/api.w.org\/{rel}","templated":true}]}}