{"id":14852,"date":"2025-05-30T11:04:24","date_gmt":"2025-05-30T09:04:24","guid":{"rendered":"https:\/\/semmelweis.hu\/pharmacology\/?p=14852"},"modified":"2025-05-30T11:04:24","modified_gmt":"2025-05-30T09:04:24","slug":"dr-gulyas-onodi-zsofia-az-mft-oktatasi-szekciojanak-uj-szekciotitkara","status":"publish","type":"post","link":"https:\/\/semmelweis.hu\/pharmacology\/2025\/05\/30\/dr-gulyas-onodi-zsofia-az-mft-oktatasi-szekciojanak-uj-szekciotitkara\/","title":{"rendered":"Dr. Guly\u00e1s-On\u00f3di Zs\u00f3fia az MFT oktat\u00e1si szekci\u00f3j\u00e1nak \u00faj szekci\u00f3titk\u00e1ra"},"content":{"rendered":"<p style=\"text-align: justify\"><span data-olk-copy-source=\"MessageBody\">A Magyar K\u00eds\u00e9rletes \u00e9s Klinikai Farmakol\u00f3giai T\u00e1rsas\u00e1g m\u00e1jus 14-\u00e9n tartott k\u00f6zgy\u0171l\u00e9s\u00e9n Int\u00e9zet\u00fcnk adjunktus\u00e1t Dr. Guly\u00e1s-On\u00f3di Zs\u00f3fi\u00e1t v\u00e1lasztotta a T\u00e1rsas\u00e1g oktat\u00e1si szekci\u00f3j\u00e1nak szekci\u00f3titk\u00e1r\u00e1v\u00e1. Az MFT Oktat\u00e1si szekci\u00f3 c\u00e9lul t\u0171zte ki a nemzetk\u00f6zi trendeknek \u00e9s ir\u00e1nyelveknek megfelel\u0151en a hazai orvosi egyetemek gradu\u00e1lis farmakol\u00f3gia oktat\u00e1si kurrikulumainak harmoniz\u00e1l\u00e1s\u00e1t, k\u00fcl\u00f6n\u00f6s tekintettel a klinikai farmakol\u00f3gia er\u0151s\u00edt\u00e9s\u00e9re. <\/span><\/p>\n","protected":false},"excerpt":{"rendered":"<p>A Magyar K\u00eds\u00e9rletes \u00e9s Klinikai Farmakol\u00f3giai T\u00e1rsas\u00e1g m\u00e1jus 14-\u00e9n tartott k\u00f6zgy\u0171l\u00e9s\u00e9n Int\u00e9zet\u00fcnk adjunktus\u00e1t Dr. Guly\u00e1s-On\u00f3di Zs\u00f3fi\u00e1t v\u00e1lasztotta a T\u00e1rsas\u00e1g oktat\u00e1si szekci\u00f3j\u00e1nak szekci\u00f3titk\u00e1r\u00e1v\u00e1. Az MFT Oktat\u00e1si szekci\u00f3 c\u00e9lul t\u0171zte ki a nemzetk\u00f6zi trendeknek \u00e9s ir\u00e1nyelveknek megfelel\u0151en a hazai orvosi egyetemek gradu\u00e1lis farmakol\u00f3gia oktat\u00e1si kurrikulumainak harmoniz\u00e1l\u00e1s\u00e1t, k\u00fcl\u00f6n\u00f6s tekintettel a klinikai farmakol\u00f3gia er\u0151s\u00edt\u00e9s\u00e9re. <\/p>\n","protected":false},"author":102322,"featured_media":14853,"comment_status":"closed","ping_status":"closed","sticky":false,"template":"","format":"standard","meta":{"_acf_changed":false,"footnotes":""},"categories":[407],"tags":[],"class_list":["post-14852","post","type-post","status-publish","format-standard","has-post-thumbnail","hentry","category-hirek"],"acf":[],"_links":{"self":[{"href":"https:\/\/semmelweis.hu\/pharmacology\/wp-json\/wp\/v2\/posts\/14852","targetHints":{"allow":["GET"]}}],"collection":[{"href":"https:\/\/semmelweis.hu\/pharmacology\/wp-json\/wp\/v2\/posts"}],"about":[{"href":"https:\/\/semmelweis.hu\/pharmacology\/wp-json\/wp\/v2\/types\/post"}],"author":[{"embeddable":true,"href":"https:\/\/semmelweis.hu\/pharmacology\/wp-json\/wp\/v2\/users\/102322"}],"replies":[{"embeddable":true,"href":"https:\/\/semmelweis.hu\/pharmacology\/wp-json\/wp\/v2\/comments?post=14852"}],"version-history":[{"count":1,"href":"https:\/\/semmelweis.hu\/pharmacology\/wp-json\/wp\/v2\/posts\/14852\/revisions"}],"predecessor-version":[{"id":14854,"href":"https:\/\/semmelweis.hu\/pharmacology\/wp-json\/wp\/v2\/posts\/14852\/revisions\/14854"}],"wp:featuredmedia":[{"embeddable":true,"href":"https:\/\/semmelweis.hu\/pharmacology\/wp-json\/wp\/v2\/media\/14853"}],"wp:attachment":[{"href":"https:\/\/semmelweis.hu\/pharmacology\/wp-json\/wp\/v2\/media?parent=14852"}],"wp:term":[{"taxonomy":"category","embeddable":true,"href":"https:\/\/semmelweis.hu\/pharmacology\/wp-json\/wp\/v2\/categories?post=14852"},{"taxonomy":"post_tag","embeddable":true,"href":"https:\/\/semmelweis.hu\/pharmacology\/wp-json\/wp\/v2\/tags?post=14852"}],"curies":[{"name":"wp","href":"https:\/\/api.w.org\/{rel}","templated":true}]}}