{"id":14846,"date":"2025-05-30T11:01:19","date_gmt":"2025-05-30T09:01:19","guid":{"rendered":"https:\/\/semmelweis.hu\/pharmacology\/?p=14846"},"modified":"2025-05-30T11:01:19","modified_gmt":"2025-05-30T09:01:19","slug":"dr-morotz-gabort-valasztottak-az-mft-fotitkaranak","status":"publish","type":"post","link":"https:\/\/semmelweis.hu\/pharmacology\/2025\/05\/30\/dr-morotz-gabort-valasztottak-az-mft-fotitkaranak\/","title":{"rendered":"Dr. M\u00f3rotz G\u00e1bort v\u00e1lasztott\u00e1k az MFT f\u0151titk\u00e1r\u00e1nak"},"content":{"rendered":"<p style=\"text-align: justify\"><span data-olk-copy-source=\"MessageBody\">Dr M\u00f3rotz G\u00e1bort int\u00e9zet\u00fcnk tudom\u00e1nyos munkat\u00e1rs\u00e1t a Magyar K\u00eds\u00e9rletes \u00e9s Klinikai Farmakol\u00f3giai T\u00e1rsas\u00e1g f\u0151titk\u00e1r\u00e1v\u00e1 v\u00e1lasztott\u00e1k. A m\u00e1jus 14-\u00e9n tartott tiszt\u00faj\u00edt\u00f3 k\u00f6zgy\u0171l\u00e9sen a tags\u00e1g n\u00e9gy \u00e9vre szavazott bizalmat neki. Munk\u00e1j\u00e1hoz ez\u00faton k\u00edv\u00e1nunk sok sikert.<\/span><\/p>\n","protected":false},"excerpt":{"rendered":"<p>Dr M\u00f3rotz G\u00e1bort int\u00e9zet\u00fcnk tudom\u00e1nyos munkat\u00e1rs\u00e1t a Magyar K\u00eds\u00e9rletes \u00e9s Klinikai Farmakol\u00f3giai T\u00e1rsas\u00e1g f\u0151titk\u00e1r\u00e1v\u00e1 v\u00e1lasztott\u00e1k. A m\u00e1jus 14-\u00e9n tartott tiszt\u00faj\u00edt\u00f3 k\u00f6zgy\u0171l\u00e9sen a tags\u00e1g n\u00e9gy \u00e9vre szavazott bizalmat neki. Munk\u00e1j\u00e1hoz ez\u00faton k\u00edv\u00e1nunk sok sikert.<\/p>\n","protected":false},"author":102322,"featured_media":14847,"comment_status":"closed","ping_status":"closed","sticky":false,"template":"","format":"standard","meta":{"_acf_changed":false,"footnotes":""},"categories":[407],"tags":[],"class_list":["post-14846","post","type-post","status-publish","format-standard","has-post-thumbnail","hentry","category-hirek"],"acf":[],"_links":{"self":[{"href":"https:\/\/semmelweis.hu\/pharmacology\/wp-json\/wp\/v2\/posts\/14846","targetHints":{"allow":["GET"]}}],"collection":[{"href":"https:\/\/semmelweis.hu\/pharmacology\/wp-json\/wp\/v2\/posts"}],"about":[{"href":"https:\/\/semmelweis.hu\/pharmacology\/wp-json\/wp\/v2\/types\/post"}],"author":[{"embeddable":true,"href":"https:\/\/semmelweis.hu\/pharmacology\/wp-json\/wp\/v2\/users\/102322"}],"replies":[{"embeddable":true,"href":"https:\/\/semmelweis.hu\/pharmacology\/wp-json\/wp\/v2\/comments?post=14846"}],"version-history":[{"count":1,"href":"https:\/\/semmelweis.hu\/pharmacology\/wp-json\/wp\/v2\/posts\/14846\/revisions"}],"predecessor-version":[{"id":14848,"href":"https:\/\/semmelweis.hu\/pharmacology\/wp-json\/wp\/v2\/posts\/14846\/revisions\/14848"}],"wp:featuredmedia":[{"embeddable":true,"href":"https:\/\/semmelweis.hu\/pharmacology\/wp-json\/wp\/v2\/media\/14847"}],"wp:attachment":[{"href":"https:\/\/semmelweis.hu\/pharmacology\/wp-json\/wp\/v2\/media?parent=14846"}],"wp:term":[{"taxonomy":"category","embeddable":true,"href":"https:\/\/semmelweis.hu\/pharmacology\/wp-json\/wp\/v2\/categories?post=14846"},{"taxonomy":"post_tag","embeddable":true,"href":"https:\/\/semmelweis.hu\/pharmacology\/wp-json\/wp\/v2\/tags?post=14846"}],"curies":[{"name":"wp","href":"https:\/\/api.w.org\/{rel}","templated":true}]}}