{"id":14745,"date":"2025-05-09T09:08:51","date_gmt":"2025-05-09T07:08:51","guid":{"rendered":"https:\/\/semmelweis.hu\/pharmacology\/?p=14745"},"modified":"2025-05-12T14:28:36","modified_gmt":"2025-05-12T12:28:36","slug":"friss-tanulmany-az-intezet-kutatojatol-az-acta-neuropathologica-communications","status":"publish","type":"post","link":"https:\/\/semmelweis.hu\/pharmacology\/2025\/05\/09\/friss-tanulmany-az-intezet-kutatojatol-az-acta-neuropathologica-communications\/","title":{"rendered":"Friss tanulm\u00e1ny az Int\u00e9zet kutat\u00f3j\u00e1t\u00f3l az Acta Neuropathologica Communications"},"content":{"rendered":"<p style=\"text-align: justify\">Dr. M\u00f3rotz G\u00e1bor tudom\u00e1nyos munkat\u00e1rs (<span lang=\"HU\">neurokardiol\u00f3giai munkacsoport) a neves King\u2019s College London kutat\u00f3ival k\u00f6z\u00f6sen jelentetett meg egy \u00faj \u00f6sszefoglal\u00f3 k\u00f6zlem\u00e9nyt a nagy preszt\u00edzs\u0171 Acta Neuropahtologica Communications c\u00edm\u0171 szaklapban. Munk\u00e1jukban k\u00e9t sejtszervecske, az endoplazmatikus retikulum \u00e9s a mitokondrium k\u00f6z\u00f6tti fizikai kapcsolat, \u00e9s az ez \u00e1ltal szab\u00e1lyozott jel\u00e1tviteli folyamatok fontoss\u00e1g\u00e1t t\u00e1rgyalj\u00e1k a legjelent\u0151sebb neurodegenerat\u00edv megbeteged\u00e9sekkel kapcsolatban. A k\u00f6zlem\u00e9ny <a href=\"https:\/\/actaneurocomms.biomedcentral.com\/articles\/10.1186\/s40478-025-01964-7\" target=\"_blank\" rel=\"noopener noreferrer\">itt<\/a> \u00e9rhet\u0151 el.<\/span><\/p>\n<p>&nbsp;<\/p>\n","protected":false},"excerpt":{"rendered":"<p>Dr. M\u00f3rotz G\u00e1bor tudom\u00e1nyos munkat\u00e1rs (neurokardiol\u00f3giai munkacsoport) a neves King\u2019s College London kutat\u00f3ival k\u00f6z\u00f6sen jelentetett meg egy \u00faj \u00f6sszefoglal\u00f3 k\u00f6zlem\u00e9nyt a nagy preszt\u00edzs\u0171 Acta Neuropahtologica Communications c\u00edm\u0171 szaklapban. Munk\u00e1jukban k\u00e9t sejtszervecske, az endoplazmatikus retikulum \u00e9s a mitokondrium k\u00f6z\u00f6tti fizikai kapcsolat, \u00e9s az ez \u00e1ltal szab\u00e1lyozott jel\u00e1tviteli folyamatok fontoss\u00e1g\u00e1t t\u00e1rgyalj\u00e1k a legjelent\u0151sebb neurodegenerat\u00edv megbeteged\u00e9sekkel kapcsolatban. A &hellip;<\/p>\n","protected":false},"author":102322,"featured_media":13158,"comment_status":"closed","ping_status":"closed","sticky":false,"template":"","format":"standard","meta":{"_acf_changed":false,"footnotes":""},"categories":[407],"tags":[],"class_list":["post-14745","post","type-post","status-publish","format-standard","has-post-thumbnail","hentry","category-hirek"],"acf":[],"_links":{"self":[{"href":"https:\/\/semmelweis.hu\/pharmacology\/wp-json\/wp\/v2\/posts\/14745","targetHints":{"allow":["GET"]}}],"collection":[{"href":"https:\/\/semmelweis.hu\/pharmacology\/wp-json\/wp\/v2\/posts"}],"about":[{"href":"https:\/\/semmelweis.hu\/pharmacology\/wp-json\/wp\/v2\/types\/post"}],"author":[{"embeddable":true,"href":"https:\/\/semmelweis.hu\/pharmacology\/wp-json\/wp\/v2\/users\/102322"}],"replies":[{"embeddable":true,"href":"https:\/\/semmelweis.hu\/pharmacology\/wp-json\/wp\/v2\/comments?post=14745"}],"version-history":[{"count":2,"href":"https:\/\/semmelweis.hu\/pharmacology\/wp-json\/wp\/v2\/posts\/14745\/revisions"}],"predecessor-version":[{"id":14773,"href":"https:\/\/semmelweis.hu\/pharmacology\/wp-json\/wp\/v2\/posts\/14745\/revisions\/14773"}],"wp:featuredmedia":[{"embeddable":true,"href":"https:\/\/semmelweis.hu\/pharmacology\/wp-json\/wp\/v2\/media\/13158"}],"wp:attachment":[{"href":"https:\/\/semmelweis.hu\/pharmacology\/wp-json\/wp\/v2\/media?parent=14745"}],"wp:term":[{"taxonomy":"category","embeddable":true,"href":"https:\/\/semmelweis.hu\/pharmacology\/wp-json\/wp\/v2\/categories?post=14745"},{"taxonomy":"post_tag","embeddable":true,"href":"https:\/\/semmelweis.hu\/pharmacology\/wp-json\/wp\/v2\/tags?post=14745"}],"curies":[{"name":"wp","href":"https:\/\/api.w.org\/{rel}","templated":true}]}}