{"id":14654,"date":"2025-03-14T09:32:09","date_gmt":"2025-03-14T08:32:09","guid":{"rendered":"https:\/\/semmelweis.hu\/pharmacology\/?p=14654"},"modified":"2025-03-14T09:45:43","modified_gmt":"2025-03-14T08:45:43","slug":"megemlekezes-es-elismeresek-marcius-15-e-alkalmabol-a-semmelweis-egyetemen","status":"publish","type":"post","link":"https:\/\/semmelweis.hu\/pharmacology\/2025\/03\/14\/megemlekezes-es-elismeresek-marcius-15-e-alkalmabol-a-semmelweis-egyetemen\/","title":{"rendered":"Megeml\u00e9kez\u00e9s \u00e9s elismer\u00e9sek m\u00e1rcius 15-e alkalm\u00e1b\u00f3l a Semmelweis Egyetemen"},"content":{"rendered":"<p class=\"x_MsoNormal\" style=\"text-align: justify\" data-olk-copy-source=\"MessageBody\">Az 1848-49-es forradalom \u00e9s szabads\u00e1gharc 177. \u00e9vfordul\u00f3ja alkalm\u00e1b\u00f3l tartottak megeml\u00e9kez\u00e9st a Semmelweis Egyetem Nagyv\u00e1rad t\u00e9ri Elm\u00e9leti T\u00f6mbj\u00e9nek (NET) d\u00edszterm\u00e9ben. Az esem\u00e9nyen vezet\u0151i \u00e9s oktat\u00f3i kinevez\u00e9seket, valamint elismer\u00e9seket vehettek \u00e1t azok, akik a kutat\u00e1sban, az oktat\u00e1sban, a gy\u00f3gy\u00edt\u00e1sban \u00e9s a t\u00e1mogat\u00f3 ter\u00fcleteken kiemelked\u0151 munk\u00e1jukkal \u00e9s emberi hozz\u00e1\u00e1ll\u00e1sukkal sokat tettek az elm\u00falt id\u0151szakban az egyetem c\u00e9ljainak megval\u00f3s\u00edt\u00e1s\u00e1\u00e9rt.<\/p>\n<p class=\"x_MsoNormal\" style=\"text-align: justify\">Int\u00e9zet\u00fcnk munkat\u00e1rsai k\u00f6z\u00fcl Kutat\u00f3professzori kinevez\u00e9st kapott Dr. Giricz Zolt\u00e1n tudom\u00e1nyos f\u0151munkat\u00e1rs, infrastrukt\u00far\u00e1\u00e9rt felel\u0151s igazgat\u00f3helyettes. Rektori dics\u00e9rtet kit\u00fcntet\u00e9st vehetett \u00e1t Dr. Varga Zolt\u00e1n egyetemi docens, tudom\u00e1nyos infrastrukt\u00far\u00e1\u00e9rt felel\u0151s igazgat\u00f3helyettes. D\u00e9k\u00e1ni dics\u00e9retet kapott Dr. Makkos Andr\u00e1s egyetemi adjunktus. A Semmelweis Egyetem Kiv\u00e1l\u00f3 Dolgoz\u00f3ja elismer\u00e9st Int\u00e9zet\u00fcnk munkat\u00e1rsai k\u00f6z\u00fcl Kov\u00e1cs Andrea kapta.<\/p>\n<p class=\"x_MsoNormal\" style=\"text-align: justify\">Munkat\u00e1rsainknak ez\u00faton is sz\u00edvb\u0151l gratul\u00e1lunk, tov\u00e1bbi p\u00e1lyafut\u00e1sukhoz j\u00f3 eg\u00e9szs\u00e9get \u00e9s sok sikert k\u00edv\u00e1nunk!<\/p>\n\r\n        [slb_exclude]\r\n        <div class=\"row galeria-wrapper mx-0 h-auto\">\r\n            <div class=\"col-9 pl-0 pr-2\">\r\n            <span class=\"gallery-item frame\">\r\n\t\t\t\t<div class=\"galeria-left-img\"><a href=\"https:\/\/semmelweis.hu\/pharmacology\/files\/2025\/03\/SE_marc_15_elismaresek_Boritokep_marcius15.jpg\"><img src=https:\/\/semmelweis.hu\/pharmacology\/files\/2025\/03\/SE_marc_15_elismaresek_Boritokep_marcius15.jpg  \r\n                            alt=\"\" \r\n                            class=\"attachment-sote-gallery-big size-sote-gallery-big\" \r\n                            srcset=\"https:\/\/semmelweis.hu\/pharmacology\/files\/2025\/03\/SE_marc_15_elismaresek_Boritokep_marcius15-400x267.jpg 400w, https:\/\/semmelweis.hu\/pharmacology\/files\/2025\/03\/SE_marc_15_elismaresek_Boritokep_marcius15-1024x683.jpg 1024w, https:\/\/semmelweis.hu\/pharmacology\/files\/2025\/03\/SE_marc_15_elismaresek_Boritokep_marcius15-768x512.jpg 768w, https:\/\/semmelweis.hu\/pharmacology\/files\/2025\/03\/SE_marc_15_elismaresek_Boritokep_marcius15-753x502.jpg 753w, https:\/\/semmelweis.hu\/pharmacology\/files\/2025\/03\/SE_marc_15_elismaresek_Boritokep_marcius15-203x135.jpg 203w, https:\/\/semmelweis.hu\/pharmacology\/files\/2025\/03\/SE_marc_15_elismaresek_Boritokep_marcius15.jpg 1200w\" ><\/a><\/div>\r\n            <\/span>\r\n\r\n            <\/div>\r\n\r\n\t\t\t<div class=\"col-3 pl-0 pr-0\">\r\n\t\t\t\t<div class=\"galeria-right-img d-flex justify-content-between flex-column h-100 w-100 px-0 mx-0 \">\r\n                <div class=\"galeria-box\">\r\n\t\t\t\t\t<h3 class=\"galeria-title\">Gal\u00e9ria<\/h3>\r\n\t\t\t\t\t<div class=\"galeria-subtitle\">\r\n\r\n\t\t\t\t\t\t<div class=\"galeria-page-counter\"><span>4<\/span>k\u00e9p<\/div>\r\n                    <\/div> <\/div>\r\n                    <span class=\"gallery-item frame d-none d-md-flex\">\r\n\t\t\t\t\t<div class=\"galeria-small-img mt-0\"><a href=\"https:\/\/semmelweis.hu\/pharmacology\/files\/2025\/03\/SE_marc_15_elismaresek_Kovacs_Andi_kivalo_dolgozo.jpg\"><img src=https:\/\/semmelweis.hu\/pharmacology\/files\/2025\/03\/SE_marc_15_elismaresek_Kovacs_Andi_kivalo_dolgozo.jpg \r\n                                alt=\"\"  \r\n                                class=\"attachment-sote-gallery-small size-sote-gallery-small\" \r\n                                srcset=\"https:\/\/semmelweis.hu\/pharmacology\/files\/2025\/03\/SE_marc_15_elismaresek_Kovacs_Andi_kivalo_dolgozo-400x267.jpg 400w, https:\/\/semmelweis.hu\/pharmacology\/files\/2025\/03\/SE_marc_15_elismaresek_Kovacs_Andi_kivalo_dolgozo-1024x683.jpg 1024w, https:\/\/semmelweis.hu\/pharmacology\/files\/2025\/03\/SE_marc_15_elismaresek_Kovacs_Andi_kivalo_dolgozo-768x512.jpg 768w, https:\/\/semmelweis.hu\/pharmacology\/files\/2025\/03\/SE_marc_15_elismaresek_Kovacs_Andi_kivalo_dolgozo-753x502.jpg 753w, https:\/\/semmelweis.hu\/pharmacology\/files\/2025\/03\/SE_marc_15_elismaresek_Kovacs_Andi_kivalo_dolgozo-203x135.jpg 203w, https:\/\/semmelweis.hu\/pharmacology\/files\/2025\/03\/SE_marc_15_elismaresek_Kovacs_Andi_kivalo_dolgozo.jpg 1200w\" ><\/a><\/div>\r\n                    <\/span>\r\n                    <span class=\"gallery-item frame d-none d-md-flex\">\r\n\t\t\t\t\t<div class=\"galeria-small-img mt-0\"><a href=\"https:\/\/semmelweis.hu\/pharmacology\/files\/2025\/03\/SE_marc_15_elismaresek_Makkos_Andris_dekani_dicseret.jpg\"><img src=https:\/\/semmelweis.hu\/pharmacology\/files\/2025\/03\/SE_marc_15_elismaresek_Makkos_Andris_dekani_dicseret.jpg \r\n                                alt=\"\" \r\n                                class=\"attachment-sote-gallery-small size-sote-gallery-small\" \r\n                                srcset=\"https:\/\/semmelweis.hu\/pharmacology\/files\/2025\/03\/SE_marc_15_elismaresek_Makkos_Andris_dekani_dicseret-400x267.jpg 400w, https:\/\/semmelweis.hu\/pharmacology\/files\/2025\/03\/SE_marc_15_elismaresek_Makkos_Andris_dekani_dicseret-1024x683.jpg 1024w, https:\/\/semmelweis.hu\/pharmacology\/files\/2025\/03\/SE_marc_15_elismaresek_Makkos_Andris_dekani_dicseret-768x512.jpg 768w, https:\/\/semmelweis.hu\/pharmacology\/files\/2025\/03\/SE_marc_15_elismaresek_Makkos_Andris_dekani_dicseret-753x502.jpg 753w, https:\/\/semmelweis.hu\/pharmacology\/files\/2025\/03\/SE_marc_15_elismaresek_Makkos_Andris_dekani_dicseret-203x135.jpg 203w, https:\/\/semmelweis.hu\/pharmacology\/files\/2025\/03\/SE_marc_15_elismaresek_Makkos_Andris_dekani_dicseret.jpg 1200w\" ><\/a><\/div>\r\n                    <\/span>\r\n\r\n                <\/div>\r\n\r\n            <\/div>\r\n\r\n            <span class=\"gallery-item\"><div class=\"hidden\"><a href=\"https:\/\/semmelweis.hu\/pharmacology\/files\/2025\/03\/SE_marc_15_elismaresek_Varga_Zoli_rektori_dicseret.jpg\">\r\n        <img src=https:\/\/semmelweis.hu\/pharmacology\/files\/2025\/03\/SE_marc_15_elismaresek_Varga_Zoli_rektori_dicseret.jpg alt=\"\" class=\"attachment-sote-gallery-big size-sote-gallery-big\" srcset=\"https:\/\/semmelweis.hu\/pharmacology\/files\/2025\/03\/SE_marc_15_elismaresek_Varga_Zoli_rektori_dicseret-400x267.jpg 400w, https:\/\/semmelweis.hu\/pharmacology\/files\/2025\/03\/SE_marc_15_elismaresek_Varga_Zoli_rektori_dicseret-1024x683.jpg 1024w, https:\/\/semmelweis.hu\/pharmacology\/files\/2025\/03\/SE_marc_15_elismaresek_Varga_Zoli_rektori_dicseret-768x512.jpg 768w, https:\/\/semmelweis.hu\/pharmacology\/files\/2025\/03\/SE_marc_15_elismaresek_Varga_Zoli_rektori_dicseret-753x502.jpg 753w, https:\/\/semmelweis.hu\/pharmacology\/files\/2025\/03\/SE_marc_15_elismaresek_Varga_Zoli_rektori_dicseret-203x135.jpg 203w, https:\/\/semmelweis.hu\/pharmacology\/files\/2025\/03\/SE_marc_15_elismaresek_Varga_Zoli_rektori_dicseret.jpg 1200w\" >\r\n        <\/a><\/div><\/span>\r\n            <\/div>\r\n\r\n            [\/slb_exclude]\r\n\t\n","protected":false},"excerpt":{"rendered":"<p>Az 1848-49-es forradalom \u00e9s szabads\u00e1gharc 177. \u00e9vfordul\u00f3ja alkalm\u00e1b\u00f3l tartottak megeml\u00e9kez\u00e9st a Semmelweis Egyetem Nagyv\u00e1rad t\u00e9ri Elm\u00e9leti T\u00f6mbj\u00e9nek (NET) d\u00edszterm\u00e9ben. Az esem\u00e9nyen vezet\u0151i \u00e9s oktat\u00f3i kinevez\u00e9seket, valamint elismer\u00e9seket vehettek \u00e1t azok, akik a kutat\u00e1sban, az oktat\u00e1sban, a gy\u00f3gy\u00edt\u00e1sban \u00e9s a t\u00e1mogat\u00f3 ter\u00fcleteken kiemelked\u0151 munk\u00e1jukkal \u00e9s emberi hozz\u00e1\u00e1ll\u00e1sukkal sokat tettek az elm\u00falt id\u0151szakban az egyetem c\u00e9ljainak megval\u00f3s\u00edt\u00e1s\u00e1\u00e9rt. &hellip;<\/p>\n","protected":false},"author":102322,"featured_media":14658,"comment_status":"closed","ping_status":"closed","sticky":false,"template":"","format":"standard","meta":{"_acf_changed":false,"footnotes":""},"categories":[407],"tags":[],"class_list":["post-14654","post","type-post","status-publish","format-standard","has-post-thumbnail","hentry","category-hirek"],"acf":[],"_links":{"self":[{"href":"https:\/\/semmelweis.hu\/pharmacology\/wp-json\/wp\/v2\/posts\/14654","targetHints":{"allow":["GET"]}}],"collection":[{"href":"https:\/\/semmelweis.hu\/pharmacology\/wp-json\/wp\/v2\/posts"}],"about":[{"href":"https:\/\/semmelweis.hu\/pharmacology\/wp-json\/wp\/v2\/types\/post"}],"author":[{"embeddable":true,"href":"https:\/\/semmelweis.hu\/pharmacology\/wp-json\/wp\/v2\/users\/102322"}],"replies":[{"embeddable":true,"href":"https:\/\/semmelweis.hu\/pharmacology\/wp-json\/wp\/v2\/comments?post=14654"}],"version-history":[{"count":1,"href":"https:\/\/semmelweis.hu\/pharmacology\/wp-json\/wp\/v2\/posts\/14654\/revisions"}],"predecessor-version":[{"id":14659,"href":"https:\/\/semmelweis.hu\/pharmacology\/wp-json\/wp\/v2\/posts\/14654\/revisions\/14659"}],"wp:featuredmedia":[{"embeddable":true,"href":"https:\/\/semmelweis.hu\/pharmacology\/wp-json\/wp\/v2\/media\/14658"}],"wp:attachment":[{"href":"https:\/\/semmelweis.hu\/pharmacology\/wp-json\/wp\/v2\/media?parent=14654"}],"wp:term":[{"taxonomy":"category","embeddable":true,"href":"https:\/\/semmelweis.hu\/pharmacology\/wp-json\/wp\/v2\/categories?post=14654"},{"taxonomy":"post_tag","embeddable":true,"href":"https:\/\/semmelweis.hu\/pharmacology\/wp-json\/wp\/v2\/tags?post=14654"}],"curies":[{"name":"wp","href":"https:\/\/api.w.org\/{rel}","templated":true}]}}