{"id":14622,"date":"2025-02-18T09:21:31","date_gmt":"2025-02-18T08:21:31","guid":{"rendered":"https:\/\/semmelweis.hu\/pharmacology\/?p=14622"},"modified":"2025-10-14T15:50:37","modified_gmt":"2025-10-14T13:50:37","slug":"huphar2025-international-pharmacology-conference-focus-on-drug-discovery-and-innovation-konferencia-meghivo","status":"publish","type":"post","link":"https:\/\/semmelweis.hu\/pharmacology\/2025\/02\/18\/huphar2025-international-pharmacology-conference-focus-on-drug-discovery-and-innovation-konferencia-meghivo\/","title":{"rendered":"HUPHAR2025 \u2013 International Pharmacology Conference: focus on drug discovery and innovation konferencia megh\u00edv\u00f3"},"content":{"rendered":"<p><span data-olk-copy-source=\"MessageBody\">A szervez\u0151bizotts\u00e1g nev\u00e9ben \u00f6r\u00f6mmel t\u00e1j\u00e9koztatjuk \u00d6n\u00f6ket \u00e9s minden \u00e9rdekl\u0151d\u0151 koll\u00e9g\u00e1t, hogy a Magyar K\u00eds\u00e9rletes \u00e9s Klinikai Farmakol\u00f3giai T\u00e1rsas\u00e1g (HUPHAR)\u00a0<b>2025. j\u00fanius 4-6.<\/b>\u00a0k\u00f6z\u00f6tt M\u00e1trah\u00e1z\u00e1n rendezi meg a\u00a0<b>HUPHAR2025 konferenci\u00e1t.<\/b><\/span><\/p>\n<p>A konferencia hivatalos honlapja: <a href=\"https:\/\/huphar.org\/huphar2025\/\" target=\"_blank\" rel=\"noopener noreferrer\">https:\/\/huphar.org\/huphar2025\/<\/a><\/p>\n<p><img loading=\"lazy\" decoding=\"async\" class=\"aligncenter size-full wp-image-14623\" src=\"https:\/\/semmelweis.hu\/pharmacology\/files\/2025\/02\/HUPHAR2025.png\" alt=\"\" width=\"605\" height=\"152\" srcset=\"https:\/\/semmelweis.hu\/pharmacology\/files\/2025\/02\/HUPHAR2025.png 605w, https:\/\/semmelweis.hu\/pharmacology\/files\/2025\/02\/HUPHAR2025-400x100.png 400w\" sizes=\"auto, (max-width: 605px) 100vw, 605px\" \/><\/p>\n","protected":false},"excerpt":{"rendered":"<p>A szervez\u0151bizotts\u00e1g nev\u00e9ben \u00f6r\u00f6mmel t\u00e1j\u00e9koztatjuk \u00d6n\u00f6ket \u00e9s minden \u00e9rdekl\u0151d\u0151 koll\u00e9g\u00e1t, hogy a Magyar K\u00eds\u00e9rletes \u00e9s Klinikai Farmakol\u00f3giai T\u00e1rsas\u00e1g (HUPHAR)\u00a02025. j\u00fanius 4-6.\u00a0k\u00f6z\u00f6tt M\u00e1trah\u00e1z\u00e1n rendezi meg a\u00a0HUPHAR2025 konferenci\u00e1t.<br \/>\nA konferencia hivatalos honlapja: <a href=\"https:\/\/huphar.org\/huphar2025\/\" target=\"_blank\" rel=\"noopener noreferrer\">https:\/\/huphar.org\/huphar2025\/<\/a><\/p>\n","protected":false},"author":102322,"featured_media":14623,"comment_status":"closed","ping_status":"closed","sticky":false,"template":"","format":"standard","meta":{"_acf_changed":false,"footnotes":""},"categories":[407],"tags":[],"class_list":["post-14622","post","type-post","status-publish","format-standard","has-post-thumbnail","hentry","category-hirek"],"acf":[],"_links":{"self":[{"href":"https:\/\/semmelweis.hu\/pharmacology\/wp-json\/wp\/v2\/posts\/14622","targetHints":{"allow":["GET"]}}],"collection":[{"href":"https:\/\/semmelweis.hu\/pharmacology\/wp-json\/wp\/v2\/posts"}],"about":[{"href":"https:\/\/semmelweis.hu\/pharmacology\/wp-json\/wp\/v2\/types\/post"}],"author":[{"embeddable":true,"href":"https:\/\/semmelweis.hu\/pharmacology\/wp-json\/wp\/v2\/users\/102322"}],"replies":[{"embeddable":true,"href":"https:\/\/semmelweis.hu\/pharmacology\/wp-json\/wp\/v2\/comments?post=14622"}],"version-history":[{"count":1,"href":"https:\/\/semmelweis.hu\/pharmacology\/wp-json\/wp\/v2\/posts\/14622\/revisions"}],"predecessor-version":[{"id":14624,"href":"https:\/\/semmelweis.hu\/pharmacology\/wp-json\/wp\/v2\/posts\/14622\/revisions\/14624"}],"wp:featuredmedia":[{"embeddable":true,"href":"https:\/\/semmelweis.hu\/pharmacology\/wp-json\/wp\/v2\/media\/14623"}],"wp:attachment":[{"href":"https:\/\/semmelweis.hu\/pharmacology\/wp-json\/wp\/v2\/media?parent=14622"}],"wp:term":[{"taxonomy":"category","embeddable":true,"href":"https:\/\/semmelweis.hu\/pharmacology\/wp-json\/wp\/v2\/categories?post=14622"},{"taxonomy":"post_tag","embeddable":true,"href":"https:\/\/semmelweis.hu\/pharmacology\/wp-json\/wp\/v2\/tags?post=14622"}],"curies":[{"name":"wp","href":"https:\/\/api.w.org\/{rel}","templated":true}]}}