{"id":14364,"date":"2024-11-05T17:14:06","date_gmt":"2024-11-05T16:14:06","guid":{"rendered":"https:\/\/semmelweis.hu\/pharmacology\/?p=14364"},"modified":"2024-11-05T17:14:06","modified_gmt":"2024-11-05T16:14:06","slug":"scicomp24-konferencia-szeged","status":"publish","type":"post","link":"https:\/\/semmelweis.hu\/pharmacology\/2024\/11\/05\/scicomp24-konferencia-szeged\/","title":{"rendered":"SciComp24 konferencia, Szeged"},"content":{"rendered":"<p style=\"text-align: justify\"><span data-contrast=\"auto\">A Tudom\u00e1nyos Sz\u00e1m\u00edt\u00e1sok Int\u00e9zete Egyes\u00fclet m\u00e1sodik alkalommal rendezte meg a multidiszciplin\u00e1ris SciComp Konferenci\u00e1j\u00e1t, melynek okt\u00f3ber 17-19. k\u00f6z\u00f6tt a Szegedi Tudom\u00e1nyegyetem Bolyai Int\u00e9zete szolg\u00e1lt helysz\u00edn\u00e9\u00fcl. T\u00f6bb mint 120 r\u00e9sztvev\u0151 \u00e9rkezett, melyb\u0151l a Farmakol\u00f3giai \u00e9s Farmakoter\u00e1pi\u00e1s Int\u00e9zetet h\u00e1rom bioinformatikus PhD hallgat\u00f3 koll\u00e9g\u00e1nk k\u00e9pviselte. <\/span><span data-ccp-props=\"{&quot;335551550&quot;:6,&quot;335551620&quot;:6}\">\u00a0<\/span><\/p>\n<p style=\"text-align: justify\"><span data-contrast=\"auto\">A konferencia c\u00e9lja volt, hogy el\u0151seg\u00edtse a tudom\u00e1nyos sz\u00e1m\u00edt\u00e1sokkal, szimul\u00e1ci\u00f3kkal, adattudom\u00e1nnyal \u00e9s mesters\u00e9ges intelligenci\u00e1val foglalkoz\u00f3 kutat\u00f3k k\u00f6z\u00f6tti p\u00e1rbesz\u00e9det, \u00f6tletcser\u00e9t \u00e9s k\u00f6z\u00f6s gondolkod\u00e1st. Az el\u0151ad\u00e1sok, kerekasztal besz\u00e9lget\u00e9sek \u00e9s poszterdiszkusszi\u00f3 sor\u00e1n szerte\u00e1gaz\u00f3 fizikai, matematikai, biol\u00f3giai, orvosi, k\u00f6zgazdas\u00e1gtani, valamint szociol\u00f3giai t\u00e9m\u00e1k kapcs\u00e1n ismerhett\u00fcnk meg k\u00fcl\u00f6nb\u00f6z\u0151 sz\u00e1m\u00edt\u00e1sos m\u00f3dszereket \u00e9s azok eredm\u00e9nyeit, melyek bemutatt\u00e1k, hogy m\u00e9g a legk\u00fcl\u00f6nb\u00f6z\u0151bb ter\u00fcleteken is hasonl\u00f3 metodikai ir\u00e1nyzatok tal\u00e1lhat\u00f3k. Ezen fel\u00fcl a konferencia tematik\u00e1j\u00e1val szak\u00edtva, a r\u00e9sztvev\u0151k kultur\u00e1lis \u00e9lm\u00e9nyben is r\u00e9szes\u00fclhettek a M\u00f3ra Ferenc M\u00fazeumban tartott g\u00e1la vacsor\u00e1n, melyre a Munk\u00e1csy ki\u00e1ll\u00edt\u00e1son val\u00f3 k\u00f6z\u00f6s t\u00e1rlatvezet\u00e9st k\u00f6vet\u0151en ker\u00fclt sor.<\/span><\/p>\n\r\n        [slb_exclude]\r\n        <div class=\"row galeria-wrapper mx-0 h-auto\">\r\n            <div class=\"col-9 pl-0 pr-2\">\r\n            <span class=\"gallery-item frame\">\r\n\t\t\t\t<div class=\"galeria-left-img\"><a href=\"https:\/\/semmelweis.hu\/pharmacology\/files\/2024\/10\/SciComp24_2024_20241018_140900-scaled.jpg\"><img src=https:\/\/semmelweis.hu\/pharmacology\/files\/2024\/10\/SciComp24_2024_20241018_140900-scaled.jpg  \r\n                            alt=\"\" \r\n                            class=\"attachment-sote-gallery-big size-sote-gallery-big\" \r\n                            srcset=\"https:\/\/semmelweis.hu\/pharmacology\/files\/2024\/10\/SciComp24_2024_20241018_140900-294x400.jpg 294w, https:\/\/semmelweis.hu\/pharmacology\/files\/2024\/10\/SciComp24_2024_20241018_140900-752x1024.jpg 752w, https:\/\/semmelweis.hu\/pharmacology\/files\/2024\/10\/SciComp24_2024_20241018_140900-768x1046.jpg 768w, https:\/\/semmelweis.hu\/pharmacology\/files\/2024\/10\/SciComp24_2024_20241018_140900-1127x1536.jpg 1127w, https:\/\/semmelweis.hu\/pharmacology\/files\/2024\/10\/SciComp24_2024_20241018_140900-1503x2048.jpg 1503w, https:\/\/semmelweis.hu\/pharmacology\/files\/2024\/10\/SciComp24_2024_20241018_140900-753x1026.jpg 753w, https:\/\/semmelweis.hu\/pharmacology\/files\/2024\/10\/SciComp24_2024_20241018_140900-scaled.jpg 1879w\" ><\/a><\/div>\r\n            <\/span>\r\n\r\n            <\/div>\r\n\r\n\t\t\t<div class=\"col-3 pl-0 pr-0\">\r\n\t\t\t\t<div class=\"galeria-right-img d-flex justify-content-between flex-column h-100 w-100 px-0 mx-0 \">\r\n                <div class=\"galeria-box\">\r\n\t\t\t\t\t<h3 class=\"galeria-title\">Gal\u00e9ria<\/h3>\r\n\t\t\t\t\t<div class=\"galeria-subtitle\">\r\n\r\n\t\t\t\t\t\t<div class=\"galeria-page-counter\"><span>3<\/span>k\u00e9p<\/div>\r\n                    <\/div> <\/div>\r\n                    <span class=\"gallery-item frame d-none d-md-flex\">\r\n\t\t\t\t\t<div class=\"galeria-small-img mt-0\"><a href=\"https:\/\/semmelweis.hu\/pharmacology\/files\/2024\/10\/SciComp24_2024_IMG_20241018_190410-scaled.jpg\"><img src=https:\/\/semmelweis.hu\/pharmacology\/files\/2024\/10\/SciComp24_2024_IMG_20241018_190410-scaled.jpg \r\n                                alt=\"\"  \r\n                                class=\"attachment-sote-gallery-small size-sote-gallery-small\" \r\n                                srcset=\"https:\/\/semmelweis.hu\/pharmacology\/files\/2024\/10\/SciComp24_2024_IMG_20241018_190410-300x400.jpg 300w, https:\/\/semmelweis.hu\/pharmacology\/files\/2024\/10\/SciComp24_2024_IMG_20241018_190410-768x1024.jpg 768w, https:\/\/semmelweis.hu\/pharmacology\/files\/2024\/10\/SciComp24_2024_IMG_20241018_190410-1152x1536.jpg 1152w, https:\/\/semmelweis.hu\/pharmacology\/files\/2024\/10\/SciComp24_2024_IMG_20241018_190410-1536x2048.jpg 1536w, https:\/\/semmelweis.hu\/pharmacology\/files\/2024\/10\/SciComp24_2024_IMG_20241018_190410-753x1004.jpg 753w, https:\/\/semmelweis.hu\/pharmacology\/files\/2024\/10\/SciComp24_2024_IMG_20241018_190410-scaled.jpg 1920w\" ><\/a><\/div>\r\n                    <\/span>\r\n                    <span class=\"gallery-item frame d-none d-md-flex\">\r\n\t\t\t\t\t<div class=\"galeria-small-img mt-0\"><a href=\"https:\/\/semmelweis.hu\/pharmacology\/files\/2024\/10\/SciComp24_2024_IMG_20241018_194241-scaled.jpg\"><img src=https:\/\/semmelweis.hu\/pharmacology\/files\/2024\/10\/SciComp24_2024_IMG_20241018_194241-scaled.jpg \r\n                                alt=\"\" \r\n                                class=\"attachment-sote-gallery-small size-sote-gallery-small\" \r\n                                srcset=\"https:\/\/semmelweis.hu\/pharmacology\/files\/2024\/10\/SciComp24_2024_IMG_20241018_194241-300x400.jpg 300w, https:\/\/semmelweis.hu\/pharmacology\/files\/2024\/10\/SciComp24_2024_IMG_20241018_194241-768x1024.jpg 768w, https:\/\/semmelweis.hu\/pharmacology\/files\/2024\/10\/SciComp24_2024_IMG_20241018_194241-1152x1536.jpg 1152w, https:\/\/semmelweis.hu\/pharmacology\/files\/2024\/10\/SciComp24_2024_IMG_20241018_194241-1536x2048.jpg 1536w, https:\/\/semmelweis.hu\/pharmacology\/files\/2024\/10\/SciComp24_2024_IMG_20241018_194241-753x1004.jpg 753w, https:\/\/semmelweis.hu\/pharmacology\/files\/2024\/10\/SciComp24_2024_IMG_20241018_194241-scaled.jpg 1920w\" ><\/a><\/div>\r\n                    <\/span>\r\n\r\n                <\/div>\r\n\r\n            <\/div>\r\n\r\n            \r\n            <\/div>\r\n\r\n            [\/slb_exclude]\r\n\t\n","protected":false},"excerpt":{"rendered":"<p>A Tudom\u00e1nyos Sz\u00e1m\u00edt\u00e1sok Int\u00e9zete Egyes\u00fclet m\u00e1sodik alkalommal rendezte meg a multidiszciplin\u00e1ris SciComp Konferenci\u00e1j\u00e1t, melynek okt\u00f3ber 17-19. k\u00f6z\u00f6tt a Szegedi Tudom\u00e1nyegyetem Bolyai Int\u00e9zete szolg\u00e1lt helysz\u00edn\u00e9\u00fcl. T\u00f6bb mint 120 r\u00e9sztvev\u0151 \u00e9rkezett, melyb\u0151l a Farmakol\u00f3giai \u00e9s Farmakoter\u00e1pi\u00e1s Int\u00e9zetet h\u00e1rom bioinformatikus PhD hallgat\u00f3 koll\u00e9g\u00e1nk k\u00e9pviselte. \u00a0 A konferencia c\u00e9lja volt, hogy el\u0151seg\u00edtse a tudom\u00e1nyos sz\u00e1m\u00edt\u00e1sokkal, szimul\u00e1ci\u00f3kkal, adattudom\u00e1nnyal \u00e9s mesters\u00e9ges &hellip;<\/p>\n","protected":false},"author":102322,"featured_media":14365,"comment_status":"closed","ping_status":"closed","sticky":false,"template":"","format":"standard","meta":{"_acf_changed":false,"footnotes":""},"categories":[407],"tags":[],"class_list":["post-14364","post","type-post","status-publish","format-standard","has-post-thumbnail","hentry","category-hirek"],"acf":[],"_links":{"self":[{"href":"https:\/\/semmelweis.hu\/pharmacology\/wp-json\/wp\/v2\/posts\/14364","targetHints":{"allow":["GET"]}}],"collection":[{"href":"https:\/\/semmelweis.hu\/pharmacology\/wp-json\/wp\/v2\/posts"}],"about":[{"href":"https:\/\/semmelweis.hu\/pharmacology\/wp-json\/wp\/v2\/types\/post"}],"author":[{"embeddable":true,"href":"https:\/\/semmelweis.hu\/pharmacology\/wp-json\/wp\/v2\/users\/102322"}],"replies":[{"embeddable":true,"href":"https:\/\/semmelweis.hu\/pharmacology\/wp-json\/wp\/v2\/comments?post=14364"}],"version-history":[{"count":1,"href":"https:\/\/semmelweis.hu\/pharmacology\/wp-json\/wp\/v2\/posts\/14364\/revisions"}],"predecessor-version":[{"id":14368,"href":"https:\/\/semmelweis.hu\/pharmacology\/wp-json\/wp\/v2\/posts\/14364\/revisions\/14368"}],"wp:featuredmedia":[{"embeddable":true,"href":"https:\/\/semmelweis.hu\/pharmacology\/wp-json\/wp\/v2\/media\/14365"}],"wp:attachment":[{"href":"https:\/\/semmelweis.hu\/pharmacology\/wp-json\/wp\/v2\/media?parent=14364"}],"wp:term":[{"taxonomy":"category","embeddable":true,"href":"https:\/\/semmelweis.hu\/pharmacology\/wp-json\/wp\/v2\/categories?post=14364"},{"taxonomy":"post_tag","embeddable":true,"href":"https:\/\/semmelweis.hu\/pharmacology\/wp-json\/wp\/v2\/tags?post=14364"}],"curies":[{"name":"wp","href":"https:\/\/api.w.org\/{rel}","templated":true}]}}