{"id":14023,"date":"2024-09-02T09:41:26","date_gmt":"2024-09-02T07:41:26","guid":{"rendered":"https:\/\/semmelweis.hu\/pharmacology\/?p=14023"},"modified":"2024-10-01T11:02:52","modified_gmt":"2024-10-01T09:02:52","slug":"szent-gyorgyi-hallgato-osztondij-az-aok-i-es-ii-eves-hallgatoi-reszere","status":"publish","type":"post","link":"https:\/\/semmelweis.hu\/pharmacology\/2024\/09\/02\/szent-gyorgyi-hallgato-osztondij-az-aok-i-es-ii-eves-hallgatoi-reszere\/","title":{"rendered":"Szent-Gy\u00f6rgyi hallgat\u00f3 \u00f6szt\u00f6nd\u00edj az \u00c1OK I. \u00e9s II. \u00e9ves hallgat\u00f3i r\u00e9sz\u00e9re Jelentkez\u00e9si hat\u00e1rid\u0151: fels\u0151bb \u00e9veseknek: 2024.09.18-a, els\u0151 k\u00e9t \u00e9vfolyam r\u00e9sz\u00e9re: 2024.09.23-a"},"content":{"rendered":"<p style=\"text-align: justify\">A Nemzeti Tud\u00f3sk\u00e9pz\u0151 Akad\u00e9mia (NTA) alapvet\u0151 szakmai feladata a kutat\u00f3i ut\u00e1np\u00f3tl\u00e1s vil\u00e1gsz\u00ednvonal\u00fa k\u00e9pz\u00e9se Magyarorsz\u00e1gon. Az NTA a tudom\u00e1ny ir\u00e1nt elk\u00f6telezett egyetemist\u00e1kat az els\u0151 \u00e9vfolyamt\u00f3l kezdve akt\u00edvan seg\u00edti tudom\u00e1nyos \u00e9rdekl\u0151d\u00e9s\u00fck kibontakoz\u00e1s\u00e1ban \u00e9s a legmagasabb szint\u0171 tudom\u00e1nyos projektekbe val\u00f3 bekapcsol\u00f3d\u00e1st teszi sz\u00e1mukra lehet\u0151v\u00e9. Az NTA elitk\u00e9pz\u0151 int\u00e9zm\u00e9ny, amely a tudom\u00e1ny frontvonal\u00e1t tekinti referenci\u00e1j\u00e1nak \u00e9s hallgat\u00f3i, valamint mentorai sz\u00e1m\u00e1ra annak el\u00e9r\u00e9s\u00e9t, illetve meghalad\u00e1s\u00e1t t\u0171zi ki c\u00e9lk\u00e9nt.<\/p>\n<p style=\"text-align: justify\">A Semmelweis Egyetem (NTA-SE szakmai vezet\u0151je Dr. M\u00f3csai Attila, az \u00c9lettani Int\u00e9zet igazgat\u00f3ja) \u00e9s a K\u00eds\u00e9rleti Orvostudom\u00e1nyi Kutat\u00f3int\u00e9zet (NTA-KOKI szakmai vezet\u0151je Dr. D\u00e9nes \u00c1d\u00e1m, KOKI Neuroimmunol\u00f3gia Kutat\u00f3csoport vezet\u0151je) elk\u00f6telezett az orvosbiol\u00f3giai tudom\u00e1nyokat magas szinten m\u0171velni k\u00edv\u00e1n\u00f3, kiemelked\u0151 k\u00e9pess\u00e9g\u0171 hallgat\u00f3k t\u00e1mogat\u00e1s\u00e1ban, ez\u00e9rt 2024-ben is v\u00e1rja a hallgat\u00f3k jelentkez\u00e9s\u00e9t Szent-Gy\u00f6rgyi hallgat\u00f3 \u00f6szt\u00f6nd\u00edjra.<\/p>\n<p style=\"text-align: justify\">Az idei tan\u00e9vre vonatkoz\u00f3an meghirdetett p\u00e1ly\u00e1zati ki\u00edr\u00e1s ezen a <a href=\"https:\/\/semmelweis.hu\/pharmacology\/files\/2024\/09\/NTA-felveteli-felhivas-I.-es-II.-eves-hallgatok-reszere-2024.pdf\">linken<\/a>, a t\u00e1j\u00e9koztat\u00f3 anyag pedig <a href=\"https:\/\/semmelweis.hu\/pharmacology\/files\/2024\/09\/NTA-Legyel-Te-is-Szent-Gyorgyi-Hallgato_2024.pdf\">itt<\/a> \u00e9rhet\u0151 el.<\/p>\n<p>JELENTKEZ\u00c9SI HAT\u00c1RID\u0150: 2024.09.18-a a fels\u0151bb \u00e9veseknek, 2024.09.23-a az els\u0151 k\u00e9t \u00e9vfolyam r\u00e9sz\u00e9re!!<\/p>\n","protected":false},"excerpt":{"rendered":"<p>A Nemzeti Tud\u00f3sk\u00e9pz\u0151 Akad\u00e9mia (NTA) alapvet\u0151 szakmai feladata a kutat\u00f3i ut\u00e1np\u00f3tl\u00e1s vil\u00e1gsz\u00ednvonal\u00fa k\u00e9pz\u00e9se Magyarorsz\u00e1gon. Az NTA a tudom\u00e1ny ir\u00e1nt elk\u00f6telezett egyetemist\u00e1kat az els\u0151 \u00e9vfolyamt\u00f3l kezdve akt\u00edvan seg\u00edti tudom\u00e1nyos \u00e9rdekl\u0151d\u00e9s\u00fck kibontakoz\u00e1s\u00e1ban \u00e9s a legmagasabb szint\u0171 tudom\u00e1nyos projektekbe val\u00f3 bekapcsol\u00f3d\u00e1st teszi sz\u00e1mukra lehet\u0151v\u00e9. Az NTA elitk\u00e9pz\u0151 int\u00e9zm\u00e9ny, amely a tudom\u00e1ny frontvonal\u00e1t tekinti referenci\u00e1j\u00e1nak \u00e9s hallgat\u00f3i, valamint mentorai &hellip;<\/p>\n","protected":false},"author":102322,"featured_media":0,"comment_status":"closed","ping_status":"closed","sticky":false,"template":"","format":"standard","meta":{"_acf_changed":false,"footnotes":""},"categories":[407],"tags":[],"class_list":["post-14023","post","type-post","status-publish","format-standard","hentry","category-hirek"],"acf":[],"_links":{"self":[{"href":"https:\/\/semmelweis.hu\/pharmacology\/wp-json\/wp\/v2\/posts\/14023","targetHints":{"allow":["GET"]}}],"collection":[{"href":"https:\/\/semmelweis.hu\/pharmacology\/wp-json\/wp\/v2\/posts"}],"about":[{"href":"https:\/\/semmelweis.hu\/pharmacology\/wp-json\/wp\/v2\/types\/post"}],"author":[{"embeddable":true,"href":"https:\/\/semmelweis.hu\/pharmacology\/wp-json\/wp\/v2\/users\/102322"}],"replies":[{"embeddable":true,"href":"https:\/\/semmelweis.hu\/pharmacology\/wp-json\/wp\/v2\/comments?post=14023"}],"version-history":[{"count":4,"href":"https:\/\/semmelweis.hu\/pharmacology\/wp-json\/wp\/v2\/posts\/14023\/revisions"}],"predecessor-version":[{"id":14078,"href":"https:\/\/semmelweis.hu\/pharmacology\/wp-json\/wp\/v2\/posts\/14023\/revisions\/14078"}],"wp:attachment":[{"href":"https:\/\/semmelweis.hu\/pharmacology\/wp-json\/wp\/v2\/media?parent=14023"}],"wp:term":[{"taxonomy":"category","embeddable":true,"href":"https:\/\/semmelweis.hu\/pharmacology\/wp-json\/wp\/v2\/categories?post=14023"},{"taxonomy":"post_tag","embeddable":true,"href":"https:\/\/semmelweis.hu\/pharmacology\/wp-json\/wp\/v2\/tags?post=14023"}],"curies":[{"name":"wp","href":"https:\/\/api.w.org\/{rel}","templated":true}]}}