{"id":13968,"date":"2024-08-07T16:16:58","date_gmt":"2024-08-07T14:16:58","guid":{"rendered":"https:\/\/semmelweis.hu\/pharmacology\/?p=13968"},"modified":"2024-08-07T16:16:58","modified_gmt":"2024-08-07T14:16:58","slug":"alicantei-tanulmanyut","status":"publish","type":"post","link":"https:\/\/semmelweis.hu\/pharmacology\/2024\/08\/07\/alicantei-tanulmanyut\/","title":{"rendered":"Alicantei tanulm\u00e1ny\u00fat"},"content":{"rendered":"<p>PhD hallgat\u00f3nk, Varga Bence Tam\u00e1s, nemr\u00e9g t\u00e9rt haza egy tanulm\u00e1ny \u00fatr\u00f3l Alicanteb\u00f3l. Itt az \u0151 besz\u00e1mol\u00f3j\u00e1t olvashatj\u00e1k:<\/p>\n<p>&#8222;2024 \u00e1prilist\u00f3l j\u00faliusig volt szerencs\u00e9m r\u00e9szt venni az Erasmus+ program keret\u00e9ben az alicantei Instituto de Neurociencias-n\u00e1l, az Universidad Miguel Hern\u00e1ndez orvosi kar\u00e1n, Dr. Jorge Manzanares Robles vezette Neurol\u00f3giai \u00e9s Pszichi\u00e1triai Betegs\u00e9gek Transzl\u00e1ci\u00f3s Neuropszichofarmakol\u00f3giai Kutat\u00f3csoportj\u00e1nak munk\u00e1j\u00e1ban. Ez a h\u00e1rom h\u00f3nap sz\u00e1mos szakmai \u00e9s szem\u00e9lyes tapasztalattal gazdag\u00edtott.<\/p>\n<p style=\"text-align: justify\">\u00a0<\/p>\n<p style=\"text-align: justify\">Kint t\u00f6lt\u00f6tt id\u0151m alatt sz\u00e1mos k\u00eds\u00e9rletben vettem r\u00e9szt, t\u00f6bbek k\u00f6z\u00f6tt kognit\u00edv modellez\u00e9ssel, g\u00e9nfenotipiz\u00e1l\u00e1ssal \u00e9s biomarker profiloz\u00e1ssal kapcsolatos kutat\u00e1sokban. \u00daj m\u00f3dszereket saj\u00e1t\u00edtottam el, \u00e9s akt\u00edvan r\u00e9szt vettem az adatok \u00e9rt\u00e9kel\u00e9s\u00e9ben is. K\u00fcl\u00f6n\u00f6sen jelent\u0151s szerepet j\u00e1tszottam egy \u00faj PTSD \u00e9s szorong\u00e1sos zavarokkal kapcsolatos modell kidolgoz\u00e1s\u00e1ban, valamint egy Barnes-maze modell fel\u00e1ll\u00edt\u00e1s\u00e1ban.<\/p>\n<p style=\"text-align: justify\">Az ottani munk\u00e1m sor\u00e1n sz\u00e9les k\u00f6r\u0171 szakmai tud\u00e1sra tehettem szert. M\u00e9lyebb ismereteket szereztem a kannabidiol rendszerr\u0151l \u00e9s annak hat\u00e9konys\u00e1gi vizsg\u00e1latair\u00f3l, r\u00e9szt vettem sz\u00e1mos postnat\u00e1lis \u00e9s alkoholexpoz\u00edci\u00f3s tesztben, valamint megtanultam t\u00f6bb k\u00fcl\u00f6nb\u00f6z\u0151 \u00e1llatkezel\u00e9si, seb\u00e9szeti, gy\u00f3gyszeradagol\u00e1si, mintael\u0151k\u00e9sz\u00edt\u00e9si \u00e9s -feldolgoz\u00e1si technik\u00e1t. Mint fentebb is \u00edrtam, akt\u00edvan r\u00e9szt vehettem egy PTSD-s vizsg\u00e1latban is, mely \u00e1ltal tov\u00e1bb b\u0151v\u00edthettem ezzel a tudom\u00e1nyter\u00fclettel kapcsolatos kor\u00e1bbi ismereteimet.<\/p>\n<p style=\"text-align: justify\">K\u00f6rnyezetem, a helyi v\u00e9rm\u00e9rs\u00e9klethez h\u00edven, bar\u00e1ts\u00e1gos \u00e9s befogad\u00f3 volt; nagyon r\u00f6vid id\u0151 alatt a kutat\u00f3csoport szerves r\u00e9sz\u00e9v\u00e9 v\u00e1lhattam, \u00e9s mindennapi munk\u00e1jukban jelent\u0151s szerepet t\u00f6lthettem be. Szerencs\u00e9mre koll\u00e9g\u00e1immal is r\u00f6vid id\u0151n bel\u00fcl siker\u00fclt szem\u00e9lyes bar\u00e1ts\u00e1gokat ki\u00e9p\u00edtenem, \u00e9s ennek k\u00f6sz\u00f6nhet\u0151en sok k\u00f6z\u00f6s, munka ut\u00e1ni id\u0151t\u00f6lt\u00e9sben is volt r\u00e9sz\u00fcnk.<\/p>\n<p style=\"text-align: justify\">\u00a0<\/p>\n<p style=\"text-align: justify\">Az Alicante-ban t\u00f6lt\u00f6tt h\u00e1rom h\u00f3nap nemcsak szakmailag, hanem kultur\u00e1lisan is gazdag\u00edt\u00f3 volt. Bej\u00e1rtam Alicante-t \u00e9s k\u00f6rny\u00e9k\u00e9t, valamint ell\u00e1togattam Andal\u00fazia k\u00fcl\u00f6nb\u00f6z\u0151 r\u00e9szeire; t\u00f6bbek k\u00f6z\u00f6tt Granad\u00e1ba \u00e9s az ottani Alhambr\u00e1ba, Sevill\u00e1ba, C\u00f3rdob\u00e1ba \u00e9s Gibralt\u00e1rra. H\u00e9tv\u00e9gente sok id\u0151t t\u00f6lthettem a helyi strandokon, gyakran k\u00f6rbebicikliztem Alicante-t, rendszeresen j\u00e1rtam helyi piacokra, megl\u00e1togattam k\u00fcl\u00f6nb\u00f6z\u0151 helyi nevezetess\u00e9geket. P\u00e1r k\u00fcl\u00f6nleges alkalommal lehet\u0151s\u00e9gem ny\u00edlt b\u00fav\u00e1rkod\u00e1sra, hegyi t\u00far\u00e1z\u00e1sra, kajakoz\u00e1sra \u00e9s sok egy\u00e9b m\u00e1s sportokra is. Volt szerencs\u00e9m megtapasztalni az alicantei ny\u00e1rk\u00f6sz\u00f6nt\u0151 Hogueras fesztiv\u00e1lokat is, melyek majdnem egy eg\u00e9sz h\u00f3napon \u00e1t tart\u00f3 \u00fcnnep\u00e9lyek \u00e9s utcab\u00e1lok sorozat\u00e1t foglalt\u00e1k magukba.<\/p>\n<p style=\"text-align: justify\">\u00a0<\/p>\n<p style=\"text-align: justify\">Nagyon h\u00e1l\u00e1s vagyok az \u00f6sszes engem \u00e9rt \u00e9lm\u00e9ny\u00e9rt, \u00e9s eg\u00e9sz biztos vagyok benne, hogy ak\u00e1r szakmai \u00faton, ak\u00e1r mag\u00e1n c\u00e9llal, de visszat\u00e9rek m\u00e9g Spanyolorsz\u00e1gba. \u00dagy \u00e9rzem, \u00e9letem egyik legjobb d\u00f6nt\u00e9se volt, hogy belev\u00e1gtam ebbe a kalandba. Ottani koll\u00e9g\u00e1im kedvess\u00e9ge \u00e9s seg\u00edt\u0151k\u00e9szs\u00e9ge sokat jelentett sz\u00e1momra, \u00e9s rem\u00e9lem, hogy a j\u00f6v\u0151ben is lesz m\u00e9g lehet\u0151s\u00e9g\u00fcnk egy\u00fctt dolgozni.<\/p>\n<p style=\"text-align: justify\">\u00a0<\/p>\n<p style=\"text-align: justify\">\u00d6sszefoglalva, az Erasmus+ program Alicante-ban \u00e9letre sz\u00f3l\u00f3 \u00e9lm\u00e9nyekkel \u00e9s tapasztalatokkal gazdag\u00edtott. A szakmai fejl\u0151d\u00e9s mellett rengeteg \u00faj bar\u00e1ts\u00e1got k\u00f6t\u00f6ttem, \u00e9s elm\u00e9ly\u00edthettem spanyol nyelvtud\u00e1somat. Mindenkinek csak aj\u00e1nlani tudom, hogy ragadjon meg b\u00e1rmi hasonl\u00f3 lehet\u0151s\u00e9geket, hiszen az itt szerzett tud\u00e1s \u00e9s \u00e9lm\u00e9nyek felbecs\u00fclhetetlen \u00e9rt\u00e9ket k\u00e9pviselnek.&#8221;<\/p>\n\r\n        [slb_exclude]\r\n        <div class=\"row galeria-wrapper mx-0 h-auto\">\r\n            <div class=\"col-9 pl-0 pr-2\">\r\n            <span class=\"gallery-item frame\">\r\n\t\t\t\t<div class=\"galeria-left-img\"><a href=\"https:\/\/semmelweis.hu\/pharmacology\/files\/2024\/08\/20240601_184531-scaled.jpg\"><img src=https:\/\/semmelweis.hu\/pharmacology\/files\/2024\/08\/20240601_184531-scaled.jpg  \r\n                            alt=\"\" \r\n                            class=\"attachment-sote-gallery-big size-sote-gallery-big\" \r\n                            srcset=\"https:\/\/semmelweis.hu\/pharmacology\/files\/2024\/08\/20240601_184531-400x180.jpg 400w, https:\/\/semmelweis.hu\/pharmacology\/files\/2024\/08\/20240601_184531-1024x461.jpg 1024w, https:\/\/semmelweis.hu\/pharmacology\/files\/2024\/08\/20240601_184531-768x346.jpg 768w, https:\/\/semmelweis.hu\/pharmacology\/files\/2024\/08\/20240601_184531-1536x691.jpg 1536w, https:\/\/semmelweis.hu\/pharmacology\/files\/2024\/08\/20240601_184531-2048x922.jpg 2048w, https:\/\/semmelweis.hu\/pharmacology\/files\/2024\/08\/20240601_184531-753x339.jpg 753w\" ><\/a><\/div>\r\n            <\/span>\r\n\r\n            <\/div>\r\n\r\n\t\t\t<div class=\"col-3 pl-0 pr-0\">\r\n\t\t\t\t<div class=\"galeria-right-img d-flex justify-content-between flex-column h-100 w-100 px-0 mx-0 \">\r\n                <div class=\"galeria-box\">\r\n\t\t\t\t\t<h3 class=\"galeria-title\">Gal\u00e9ria<\/h3>\r\n\t\t\t\t\t<div class=\"galeria-subtitle\">\r\n\r\n\t\t\t\t\t\t<div class=\"galeria-page-counter\"><span>10<\/span>k\u00e9p<\/div>\r\n                    <\/div> <\/div>\r\n                    <span class=\"gallery-item frame d-none d-md-flex\">\r\n\t\t\t\t\t<div class=\"galeria-small-img mt-0\"><a href=\"https:\/\/semmelweis.hu\/pharmacology\/files\/2024\/08\/20240602_090314-scaled.jpg\"><img src=https:\/\/semmelweis.hu\/pharmacology\/files\/2024\/08\/20240602_090314-scaled.jpg \r\n                                alt=\"\"  \r\n                                class=\"attachment-sote-gallery-small size-sote-gallery-small\" \r\n                                srcset=\"https:\/\/semmelweis.hu\/pharmacology\/files\/2024\/08\/20240602_090314-400x180.jpg 400w, https:\/\/semmelweis.hu\/pharmacology\/files\/2024\/08\/20240602_090314-1024x462.jpg 1024w, https:\/\/semmelweis.hu\/pharmacology\/files\/2024\/08\/20240602_090314-768x346.jpg 768w, https:\/\/semmelweis.hu\/pharmacology\/files\/2024\/08\/20240602_090314-1536x692.jpg 1536w, https:\/\/semmelweis.hu\/pharmacology\/files\/2024\/08\/20240602_090314-2048x923.jpg 2048w, https:\/\/semmelweis.hu\/pharmacology\/files\/2024\/08\/20240602_090314-753x339.jpg 753w\" ><\/a><\/div>\r\n                    <\/span>\r\n                    <span class=\"gallery-item frame d-none d-md-flex\">\r\n\t\t\t\t\t<div class=\"galeria-small-img mt-0\"><a href=\"https:\/\/semmelweis.hu\/pharmacology\/files\/2024\/08\/20240602_210732-scaled.jpg\"><img src=https:\/\/semmelweis.hu\/pharmacology\/files\/2024\/08\/20240602_210732-scaled.jpg \r\n                                alt=\"\" \r\n                                class=\"attachment-sote-gallery-small size-sote-gallery-small\" \r\n                                srcset=\"https:\/\/semmelweis.hu\/pharmacology\/files\/2024\/08\/20240602_210732-400x180.jpg 400w, https:\/\/semmelweis.hu\/pharmacology\/files\/2024\/08\/20240602_210732-1024x461.jpg 1024w, https:\/\/semmelweis.hu\/pharmacology\/files\/2024\/08\/20240602_210732-768x346.jpg 768w, https:\/\/semmelweis.hu\/pharmacology\/files\/2024\/08\/20240602_210732-1536x691.jpg 1536w, https:\/\/semmelweis.hu\/pharmacology\/files\/2024\/08\/20240602_210732-2048x922.jpg 2048w, https:\/\/semmelweis.hu\/pharmacology\/files\/2024\/08\/20240602_210732-753x339.jpg 753w\" ><\/a><\/div>\r\n                    <\/span>\r\n\r\n                <\/div>\r\n\r\n            <\/div>\r\n\r\n            <span class=\"gallery-item\"><div class=\"hidden\"><a href=\"https:\/\/semmelweis.hu\/pharmacology\/files\/2024\/08\/20240603_131441-scaled.jpg\">\r\n        <img src=https:\/\/semmelweis.hu\/pharmacology\/files\/2024\/08\/20240603_131441-scaled.jpg alt=\"\" class=\"attachment-sote-gallery-big size-sote-gallery-big\" srcset=\"https:\/\/semmelweis.hu\/pharmacology\/files\/2024\/08\/20240603_131441-400x180.jpg 400w, https:\/\/semmelweis.hu\/pharmacology\/files\/2024\/08\/20240603_131441-1024x462.jpg 1024w, https:\/\/semmelweis.hu\/pharmacology\/files\/2024\/08\/20240603_131441-768x346.jpg 768w, https:\/\/semmelweis.hu\/pharmacology\/files\/2024\/08\/20240603_131441-1536x692.jpg 1536w, https:\/\/semmelweis.hu\/pharmacology\/files\/2024\/08\/20240603_131441-2048x923.jpg 2048w, https:\/\/semmelweis.hu\/pharmacology\/files\/2024\/08\/20240603_131441-753x339.jpg 753w\" >\r\n        <\/a><\/div><\/span><span class=\"gallery-item\"><div class=\"hidden\"><a href=\"https:\/\/semmelweis.hu\/pharmacology\/files\/2024\/08\/20240622_163934-scaled.jpg\">\r\n        <img src=https:\/\/semmelweis.hu\/pharmacology\/files\/2024\/08\/20240622_163934-scaled.jpg alt=\"\" class=\"attachment-sote-gallery-big size-sote-gallery-big\" srcset=\"https:\/\/semmelweis.hu\/pharmacology\/files\/2024\/08\/20240622_163934-400x180.jpg 400w, https:\/\/semmelweis.hu\/pharmacology\/files\/2024\/08\/20240622_163934-1024x461.jpg 1024w, https:\/\/semmelweis.hu\/pharmacology\/files\/2024\/08\/20240622_163934-768x346.jpg 768w, https:\/\/semmelweis.hu\/pharmacology\/files\/2024\/08\/20240622_163934-1536x691.jpg 1536w, https:\/\/semmelweis.hu\/pharmacology\/files\/2024\/08\/20240622_163934-2048x922.jpg 2048w, https:\/\/semmelweis.hu\/pharmacology\/files\/2024\/08\/20240622_163934-753x339.jpg 753w\" >\r\n        <\/a><\/div><\/span><span class=\"gallery-item\"><div class=\"hidden\"><a href=\"https:\/\/semmelweis.hu\/pharmacology\/files\/2024\/08\/20240501_155734-scaled.jpg\">\r\n        <img src=https:\/\/semmelweis.hu\/pharmacology\/files\/2024\/08\/20240501_155734-scaled.jpg alt=\"\" class=\"attachment-sote-gallery-big size-sote-gallery-big\" srcset=\"https:\/\/semmelweis.hu\/pharmacology\/files\/2024\/08\/20240501_155734-400x180.jpg 400w, https:\/\/semmelweis.hu\/pharmacology\/files\/2024\/08\/20240501_155734-1024x461.jpg 1024w, https:\/\/semmelweis.hu\/pharmacology\/files\/2024\/08\/20240501_155734-768x346.jpg 768w, https:\/\/semmelweis.hu\/pharmacology\/files\/2024\/08\/20240501_155734-1536x691.jpg 1536w, https:\/\/semmelweis.hu\/pharmacology\/files\/2024\/08\/20240501_155734-2048x922.jpg 2048w, https:\/\/semmelweis.hu\/pharmacology\/files\/2024\/08\/20240501_155734-753x339.jpg 753w\" >\r\n        <\/a><\/div><\/span><span class=\"gallery-item\"><div class=\"hidden\"><a href=\"https:\/\/semmelweis.hu\/pharmacology\/files\/2024\/08\/20240504_144604-scaled.jpg\">\r\n        <img src=https:\/\/semmelweis.hu\/pharmacology\/files\/2024\/08\/20240504_144604-scaled.jpg alt=\"\" class=\"attachment-sote-gallery-big size-sote-gallery-big\" srcset=\"https:\/\/semmelweis.hu\/pharmacology\/files\/2024\/08\/20240504_144604-400x180.jpg 400w, https:\/\/semmelweis.hu\/pharmacology\/files\/2024\/08\/20240504_144604-1024x462.jpg 1024w, https:\/\/semmelweis.hu\/pharmacology\/files\/2024\/08\/20240504_144604-768x346.jpg 768w, https:\/\/semmelweis.hu\/pharmacology\/files\/2024\/08\/20240504_144604-1536x692.jpg 1536w, https:\/\/semmelweis.hu\/pharmacology\/files\/2024\/08\/20240504_144604-2048x923.jpg 2048w, https:\/\/semmelweis.hu\/pharmacology\/files\/2024\/08\/20240504_144604-753x339.jpg 753w\" >\r\n        <\/a><\/div><\/span><span class=\"gallery-item\"><div class=\"hidden\"><a href=\"https:\/\/semmelweis.hu\/pharmacology\/files\/2024\/08\/20240505_172545-scaled.jpg\">\r\n        <img src=https:\/\/semmelweis.hu\/pharmacology\/files\/2024\/08\/20240505_172545-scaled.jpg alt=\"\" class=\"attachment-sote-gallery-big size-sote-gallery-big\" srcset=\"https:\/\/semmelweis.hu\/pharmacology\/files\/2024\/08\/20240505_172545-400x180.jpg 400w, https:\/\/semmelweis.hu\/pharmacology\/files\/2024\/08\/20240505_172545-1024x461.jpg 1024w, https:\/\/semmelweis.hu\/pharmacology\/files\/2024\/08\/20240505_172545-768x346.jpg 768w, https:\/\/semmelweis.hu\/pharmacology\/files\/2024\/08\/20240505_172545-1536x691.jpg 1536w, https:\/\/semmelweis.hu\/pharmacology\/files\/2024\/08\/20240505_172545-2048x922.jpg 2048w, https:\/\/semmelweis.hu\/pharmacology\/files\/2024\/08\/20240505_172545-753x339.jpg 753w\" >\r\n        <\/a><\/div><\/span><span class=\"gallery-item\"><div class=\"hidden\"><a href=\"https:\/\/semmelweis.hu\/pharmacology\/files\/2024\/08\/20240626_174408-scaled.jpg\">\r\n        <img src=https:\/\/semmelweis.hu\/pharmacology\/files\/2024\/08\/20240626_174408-scaled.jpg alt=\"\" class=\"attachment-sote-gallery-big size-sote-gallery-big\" srcset=\"https:\/\/semmelweis.hu\/pharmacology\/files\/2024\/08\/20240626_174408-226x400.jpg 226w, https:\/\/semmelweis.hu\/pharmacology\/files\/2024\/08\/20240626_174408-578x1024.jpg 578w, https:\/\/semmelweis.hu\/pharmacology\/files\/2024\/08\/20240626_174408-768x1362.jpg 768w, https:\/\/semmelweis.hu\/pharmacology\/files\/2024\/08\/20240626_174408-866x1536.jpg 866w, https:\/\/semmelweis.hu\/pharmacology\/files\/2024\/08\/20240626_174408-1155x2048.jpg 1155w, https:\/\/semmelweis.hu\/pharmacology\/files\/2024\/08\/20240626_174408-753x1335.jpg 753w, https:\/\/semmelweis.hu\/pharmacology\/files\/2024\/08\/20240626_174408-scaled.jpg 1444w\" >\r\n        <\/a><\/div><\/span><span class=\"gallery-item\"><div class=\"hidden\"><a href=\"https:\/\/semmelweis.hu\/pharmacology\/files\/2024\/08\/IMG-20240715-WA0005.jpg\">\r\n        <img src=https:\/\/semmelweis.hu\/pharmacology\/files\/2024\/08\/IMG-20240715-WA0005.jpg alt=\"\" class=\"attachment-sote-gallery-big size-sote-gallery-big\" srcset=\"https:\/\/semmelweis.hu\/pharmacology\/files\/2024\/08\/IMG-20240715-WA0005-400x300.jpg 400w, https:\/\/semmelweis.hu\/pharmacology\/files\/2024\/08\/IMG-20240715-WA0005-1024x768.jpg 1024w, https:\/\/semmelweis.hu\/pharmacology\/files\/2024\/08\/IMG-20240715-WA0005-768x576.jpg 768w, https:\/\/semmelweis.hu\/pharmacology\/files\/2024\/08\/IMG-20240715-WA0005-1536x1152.jpg 1536w, https:\/\/semmelweis.hu\/pharmacology\/files\/2024\/08\/IMG-20240715-WA0005-753x565.jpg 753w, https:\/\/semmelweis.hu\/pharmacology\/files\/2024\/08\/IMG-20240715-WA0005.jpg 1600w\" >\r\n        <\/a><\/div><\/span>\r\n            <\/div>\r\n\r\n            [\/slb_exclude]\r\n\t\n<p>&nbsp;<\/p>\n","protected":false},"excerpt":{"rendered":"<p>PhD hallgat\u00f3nk, Varga Bence Tam\u00e1s, nemr\u00e9g t\u00e9rt haza egy tanulm\u00e1ny \u00fatr\u00f3l Alicanteb\u00f3l. Itt az \u0151 besz\u00e1mol\u00f3j\u00e1t olvashatj\u00e1k: &#8222;2024 \u00e1prilist\u00f3l j\u00faliusig volt szerencs\u00e9m r\u00e9szt venni az Erasmus+ program keret\u00e9ben az alicantei Instituto de Neurociencias-n\u00e1l, az Universidad Miguel Hern\u00e1ndez orvosi kar\u00e1n, Dr. Jorge Manzanares Robles vezette Neurol\u00f3giai \u00e9s Pszichi\u00e1triai Betegs\u00e9gek Transzl\u00e1ci\u00f3s Neuropszichofarmakol\u00f3giai Kutat\u00f3csoportj\u00e1nak munk\u00e1j\u00e1ban. Ez a h\u00e1rom &hellip;<\/p>\n","protected":false},"author":101941,"featured_media":13989,"comment_status":"closed","ping_status":"closed","sticky":false,"template":"","format":"standard","meta":{"_acf_changed":false,"footnotes":""},"categories":[407],"tags":[],"class_list":["post-13968","post","type-post","status-publish","format-standard","has-post-thumbnail","hentry","category-hirek"],"acf":[],"_links":{"self":[{"href":"https:\/\/semmelweis.hu\/pharmacology\/wp-json\/wp\/v2\/posts\/13968","targetHints":{"allow":["GET"]}}],"collection":[{"href":"https:\/\/semmelweis.hu\/pharmacology\/wp-json\/wp\/v2\/posts"}],"about":[{"href":"https:\/\/semmelweis.hu\/pharmacology\/wp-json\/wp\/v2\/types\/post"}],"author":[{"embeddable":true,"href":"https:\/\/semmelweis.hu\/pharmacology\/wp-json\/wp\/v2\/users\/101941"}],"replies":[{"embeddable":true,"href":"https:\/\/semmelweis.hu\/pharmacology\/wp-json\/wp\/v2\/comments?post=13968"}],"version-history":[{"count":1,"href":"https:\/\/semmelweis.hu\/pharmacology\/wp-json\/wp\/v2\/posts\/13968\/revisions"}],"predecessor-version":[{"id":13990,"href":"https:\/\/semmelweis.hu\/pharmacology\/wp-json\/wp\/v2\/posts\/13968\/revisions\/13990"}],"wp:featuredmedia":[{"embeddable":true,"href":"https:\/\/semmelweis.hu\/pharmacology\/wp-json\/wp\/v2\/media\/13989"}],"wp:attachment":[{"href":"https:\/\/semmelweis.hu\/pharmacology\/wp-json\/wp\/v2\/media?parent=13968"}],"wp:term":[{"taxonomy":"category","embeddable":true,"href":"https:\/\/semmelweis.hu\/pharmacology\/wp-json\/wp\/v2\/categories?post=13968"},{"taxonomy":"post_tag","embeddable":true,"href":"https:\/\/semmelweis.hu\/pharmacology\/wp-json\/wp\/v2\/tags?post=13968"}],"curies":[{"name":"wp","href":"https:\/\/api.w.org\/{rel}","templated":true}]}}