{"id":13145,"date":"2024-02-02T12:26:03","date_gmt":"2024-02-02T11:26:03","guid":{"rendered":"https:\/\/semmelweis.hu\/pharmacology\/?p=13145"},"modified":"2024-02-02T12:43:29","modified_gmt":"2024-02-02T11:43:29","slug":"reszt-vettek-munkatarsaink-is-az-ideji-inc-konferencian","status":"publish","type":"post","link":"https:\/\/semmelweis.hu\/pharmacology\/2024\/02\/02\/reszt-vettek-munkatarsaink-is-az-ideji-inc-konferencian\/","title":{"rendered":"R\u00e9szt vettek munkat\u00e1rsaink is az idei INC konferenci\u00e1n"},"content":{"rendered":"<div class=\"x_elementToProof\" style=\"text-align: justify\" data-ogsc=\"rgb(0, 0, 0)\">Az International Neuroscience Conference (INC) 2024. janu\u00e1r 25-26-\u00e1n ker\u00fclt megrendez\u00e9sre P\u00e9csett a PTE Grasty\u00e1n Endre elm\u00e9leti \u00e9p\u00fclet\u00e9ben. E jelent\u0151s tudom\u00e1nyos esem\u00e9nyen ismert, nemzetk\u00f6zi tud\u00f3sok \u00e9pp\u00fagy, mint fiatal PhD hallgat\u00f3k osztott\u00e1k meg legfrissebb kutat\u00e1si eredm\u00e9nyeiket plen\u00e1ris el\u0151ad\u00e1sok, szimp\u00f3ziumok \u00e9s poszterek form\u00e1j\u00e1ban, tov\u00e1bb er\u0151s\u00edtve a magyar idegtudom\u00e1nyi kutat\u00e1sok jelent\u0151s\u00e9g\u00e9t a tudom\u00e1nyos k\u00f6z\u00f6ss\u00e9gben.<\/div>\n<div style=\"text-align: justify\"><span data-ogsc=\"rgb(0, 0, 0)\">\u00a0<\/span><\/div>\n<div class=\"x_elementToProof\" style=\"text-align: justify\"><span data-ogsc=\"rgb(0, 0, 0)\">A konferenci\u00e1n a Kognit\u00edv Transzl\u00e1ci\u00f3s Viselked\u00e9sfarmakol\u00f3giai Kutat\u00f3csoport munkat\u00e1rsai, Dr. Gyerty\u00e1n Istv\u00e1n, Tajti Tekla \u00e9s Varga Bence Tam\u00e1s k\u00e9pviselt\u00e9k int\u00e9zet\u00fcnket k\u00e9t sz\u00e1mottev\u0151 \u00e9rdekl\u0151d\u00e9st kelt\u0151 poszter prezent\u00e1ci\u00f3val a &#8222;rendelleness\u00e9gek, betegs\u00e9gmodellek&#8221; \u00e9s a &#8222;viselked\u00e9s&#8221; kateg\u00f3ri\u00e1kban.<\/span><\/div>\n<div>\u00a0<\/div>\n<div>Tov\u00e1bbi inform\u00e1ci\u00f3 a konferenci\u00e1r\u00f3l, illetve az elhangzott el\u0151ad\u00e1sokr\u00f3l <a href=\"https:\/\/mitt2024.mitt.hu\/invitation\"><strong>itt<\/strong><\/a> olvashat\u00f3.<\/div>\n<div>\u00a0<\/div>\n<div><a href=\"https:\/\/semmelweis.hu\/pharmacology\/files\/2024\/02\/20240125_171212-scaled.jpg\"><img loading=\"lazy\" decoding=\"async\" class=\"wp-image-13149 size-medium alignnone\" src=\"https:\/\/semmelweis.hu\/pharmacology\/files\/2024\/02\/20240125_171212-400x180.jpg\" alt=\"\" width=\"400\" height=\"180\" srcset=\"https:\/\/semmelweis.hu\/pharmacology\/files\/2024\/02\/20240125_171212-400x180.jpg 400w, https:\/\/semmelweis.hu\/pharmacology\/files\/2024\/02\/20240125_171212-1024x461.jpg 1024w, https:\/\/semmelweis.hu\/pharmacology\/files\/2024\/02\/20240125_171212-768x346.jpg 768w, https:\/\/semmelweis.hu\/pharmacology\/files\/2024\/02\/20240125_171212-1536x691.jpg 1536w, https:\/\/semmelweis.hu\/pharmacology\/files\/2024\/02\/20240125_171212-2048x922.jpg 2048w, https:\/\/semmelweis.hu\/pharmacology\/files\/2024\/02\/20240125_171212-753x339.jpg 753w\" sizes=\"auto, (max-width: 400px) 100vw, 400px\" \/><\/a><\/div>\n<div><a href=\"https:\/\/semmelweis.hu\/pharmacology\/files\/2024\/02\/DSCF8460.jpg\"><img loading=\"lazy\" decoding=\"async\" class=\"alignnone wp-image-13148 size-medium\" src=\"https:\/\/semmelweis.hu\/pharmacology\/files\/2024\/02\/DSCF8460-400x266.jpg\" alt=\"\" width=\"400\" height=\"266\" srcset=\"https:\/\/semmelweis.hu\/pharmacology\/files\/2024\/02\/DSCF8460-400x266.jpg 400w, https:\/\/semmelweis.hu\/pharmacology\/files\/2024\/02\/DSCF8460-203x135.jpg 203w, https:\/\/semmelweis.hu\/pharmacology\/files\/2024\/02\/DSCF8460.jpg 500w\" sizes=\"auto, (max-width: 400px) 100vw, 400px\" \/><\/a> <a href=\"https:\/\/semmelweis.hu\/pharmacology\/files\/2024\/02\/DSCF8047.jpg\"><img loading=\"lazy\" decoding=\"async\" class=\"alignnone wp-image-13147 size-medium\" src=\"https:\/\/semmelweis.hu\/pharmacology\/files\/2024\/02\/DSCF8047-400x266.jpg\" alt=\"\" width=\"400\" height=\"266\" srcset=\"https:\/\/semmelweis.hu\/pharmacology\/files\/2024\/02\/DSCF8047-400x266.jpg 400w, https:\/\/semmelweis.hu\/pharmacology\/files\/2024\/02\/DSCF8047-203x135.jpg 203w, https:\/\/semmelweis.hu\/pharmacology\/files\/2024\/02\/DSCF8047.jpg 500w\" sizes=\"auto, (max-width: 400px) 100vw, 400px\" \/><\/a><\/div>\n<div><a href=\"https:\/\/semmelweis.hu\/pharmacology\/files\/2024\/02\/20240125_092743-scaled.jpg\"><img loading=\"lazy\" decoding=\"async\" class=\"wp-image-13146 size-medium alignnone\" src=\"https:\/\/semmelweis.hu\/pharmacology\/files\/2024\/02\/20240125_092743-400x300.jpg\" alt=\"\" width=\"400\" height=\"300\" srcset=\"https:\/\/semmelweis.hu\/pharmacology\/files\/2024\/02\/20240125_092743-400x300.jpg 400w, https:\/\/semmelweis.hu\/pharmacology\/files\/2024\/02\/20240125_092743-1024x768.jpg 1024w, https:\/\/semmelweis.hu\/pharmacology\/files\/2024\/02\/20240125_092743-768x576.jpg 768w, https:\/\/semmelweis.hu\/pharmacology\/files\/2024\/02\/20240125_092743-1536x1152.jpg 1536w, https:\/\/semmelweis.hu\/pharmacology\/files\/2024\/02\/20240125_092743-2048x1536.jpg 2048w, https:\/\/semmelweis.hu\/pharmacology\/files\/2024\/02\/20240125_092743-753x565.jpg 753w\" sizes=\"auto, (max-width: 400px) 100vw, 400px\" \/><\/a><\/div>\n","protected":false},"excerpt":{"rendered":"<p>Az International Neuroscience Conference (INC) 2024. janu\u00e1r 25-26-\u00e1n ker\u00fclt megrendez\u00e9sre P\u00e9csett a PTE Grasty\u00e1n Endre elm\u00e9leti \u00e9p\u00fclet\u00e9ben. E jelent\u0151s tudom\u00e1nyos esem\u00e9nyen ismert, nemzetk\u00f6zi tud\u00f3sok \u00e9pp\u00fagy, mint fiatal PhD hallgat\u00f3k osztott\u00e1k meg legfrissebb kutat\u00e1si eredm\u00e9nyeiket plen\u00e1ris el\u0151ad\u00e1sok, szimp\u00f3ziumok \u00e9s poszterek form\u00e1j\u00e1ban, tov\u00e1bb er\u0151s\u00edtve a magyar idegtudom\u00e1nyi kutat\u00e1sok jelent\u0151s\u00e9g\u00e9t a tudom\u00e1nyos k\u00f6z\u00f6ss\u00e9gben. \u00a0 A konferenci\u00e1n a Kognit\u00edv &hellip;<\/p>\n","protected":false},"author":101941,"featured_media":13148,"comment_status":"closed","ping_status":"closed","sticky":false,"template":"","format":"standard","meta":{"_acf_changed":false,"footnotes":""},"categories":[407],"tags":[],"class_list":["post-13145","post","type-post","status-publish","format-standard","has-post-thumbnail","hentry","category-hirek"],"acf":[],"_links":{"self":[{"href":"https:\/\/semmelweis.hu\/pharmacology\/wp-json\/wp\/v2\/posts\/13145","targetHints":{"allow":["GET"]}}],"collection":[{"href":"https:\/\/semmelweis.hu\/pharmacology\/wp-json\/wp\/v2\/posts"}],"about":[{"href":"https:\/\/semmelweis.hu\/pharmacology\/wp-json\/wp\/v2\/types\/post"}],"author":[{"embeddable":true,"href":"https:\/\/semmelweis.hu\/pharmacology\/wp-json\/wp\/v2\/users\/101941"}],"replies":[{"embeddable":true,"href":"https:\/\/semmelweis.hu\/pharmacology\/wp-json\/wp\/v2\/comments?post=13145"}],"version-history":[{"count":2,"href":"https:\/\/semmelweis.hu\/pharmacology\/wp-json\/wp\/v2\/posts\/13145\/revisions"}],"predecessor-version":[{"id":13154,"href":"https:\/\/semmelweis.hu\/pharmacology\/wp-json\/wp\/v2\/posts\/13145\/revisions\/13154"}],"wp:featuredmedia":[{"embeddable":true,"href":"https:\/\/semmelweis.hu\/pharmacology\/wp-json\/wp\/v2\/media\/13148"}],"wp:attachment":[{"href":"https:\/\/semmelweis.hu\/pharmacology\/wp-json\/wp\/v2\/media?parent=13145"}],"wp:term":[{"taxonomy":"category","embeddable":true,"href":"https:\/\/semmelweis.hu\/pharmacology\/wp-json\/wp\/v2\/categories?post=13145"},{"taxonomy":"post_tag","embeddable":true,"href":"https:\/\/semmelweis.hu\/pharmacology\/wp-json\/wp\/v2\/tags?post=13145"}],"curies":[{"name":"wp","href":"https:\/\/api.w.org\/{rel}","templated":true}]}}