{"id":12763,"date":"2023-11-13T14:53:29","date_gmt":"2023-11-13T13:53:29","guid":{"rendered":"https:\/\/semmelweis.hu\/pharmacology\/?p=12763"},"modified":"2023-11-13T14:57:56","modified_gmt":"2023-11-13T13:57:56","slug":"ket-sikeres-phd-vedes-is-tortent-a-kozelmultban-intezetunkben","status":"publish","type":"post","link":"https:\/\/semmelweis.hu\/pharmacology\/2023\/11\/13\/ket-sikeres-phd-vedes-is-tortent-a-kozelmultban-intezetunkben\/","title":{"rendered":"K\u00e9t sikeres PhD v\u00e9d\u00e9s is t\u00f6rt\u00e9nt a k\u00f6zelm\u00faltban int\u00e9zet\u00fcnkben"},"content":{"rendered":"<p class=\"x_MsoNormal\" style=\"text-align: justify\">Wachtl Gerda\u00a0<i>Akt\u00edv \u00e9s domesztik\u00e1lt\u00a0<span class=\"x_spelle\">piggyBac<\/span>\u00a0<span class=\"x_spelle\">transzpoz\u00e1zok<\/span>\u00a0funkcion\u00e1lis vizsg\u00e1lata<\/i>, m\u00edg G\u00e1sp\u00e1r Attila<i>\u00a0Cognitive characterization of Long-Evans rats in a streptozotocin-induced Alzheimer&#8217;s disease model\u00a0<\/i>c\u00edm\u0171 disszert\u00e1ci\u00f3j\u00e1t v\u00e9dte meg.<\/p>\n<p class=\"x_MsoNormal\" style=\"text-align: justify\">T\u00e9mavezet\u0151j\u00fck <span style=\"font-size: 1rem\">Orb\u00e1n Tam\u00e1s, illetve Gyerty\u00e1n Istv\u00e1n voltak.<\/span><\/p>\n<p class=\"x_MsoNormal\" style=\"text-align: justify\">Mindk\u00e9t koll\u00e9g\u00e1nak szeretettel gratul\u00e1lunk \u00e9s p\u00e1lyafut\u00e1sukhoz j\u00f3 eg\u00e9szs\u00e9get \u00e9s tov\u00e1bbi sok sikert k\u00edv\u00e1nunk.<\/p>\n<p class=\"x_MsoNormal\"><a href=\"https:\/\/semmelweis.hu\/pharmacology\/files\/2023\/11\/20231031_173511.jpg\"><img loading=\"lazy\" decoding=\"async\" class=\"alignleft wp-image-12764 size-medium\" src=\"https:\/\/semmelweis.hu\/pharmacology\/files\/2023\/11\/20231031_173511-400x300.jpg\" alt=\"\" width=\"400\" height=\"300\" srcset=\"https:\/\/semmelweis.hu\/pharmacology\/files\/2023\/11\/20231031_173511-400x300.jpg 400w, https:\/\/semmelweis.hu\/pharmacology\/files\/2023\/11\/20231031_173511-1024x768.jpg 1024w, https:\/\/semmelweis.hu\/pharmacology\/files\/2023\/11\/20231031_173511-768x576.jpg 768w, https:\/\/semmelweis.hu\/pharmacology\/files\/2023\/11\/20231031_173511-1536x1152.jpg 1536w, https:\/\/semmelweis.hu\/pharmacology\/files\/2023\/11\/20231031_173511-2048x1537.jpg 2048w, https:\/\/semmelweis.hu\/pharmacology\/files\/2023\/11\/20231031_173511-753x565.jpg 753w\" sizes=\"auto, (max-width: 400px) 100vw, 400px\" \/><\/a> <a href=\"https:\/\/semmelweis.hu\/pharmacology\/files\/2023\/11\/original-C81FD509-E3AF-46FE-9283-FADE5F77F2AA.jpeg\"><img loading=\"lazy\" decoding=\"async\" class=\"alignleft wp-image-12765 \" src=\"https:\/\/semmelweis.hu\/pharmacology\/files\/2023\/11\/original-C81FD509-E3AF-46FE-9283-FADE5F77F2AA-400x280.jpeg\" alt=\"\" width=\"426\" height=\"298\" srcset=\"https:\/\/semmelweis.hu\/pharmacology\/files\/2023\/11\/original-C81FD509-E3AF-46FE-9283-FADE5F77F2AA-400x280.jpeg 400w, https:\/\/semmelweis.hu\/pharmacology\/files\/2023\/11\/original-C81FD509-E3AF-46FE-9283-FADE5F77F2AA-1024x717.jpeg 1024w, https:\/\/semmelweis.hu\/pharmacology\/files\/2023\/11\/original-C81FD509-E3AF-46FE-9283-FADE5F77F2AA-768x538.jpeg 768w, https:\/\/semmelweis.hu\/pharmacology\/files\/2023\/11\/original-C81FD509-E3AF-46FE-9283-FADE5F77F2AA-1536x1076.jpeg 1536w, https:\/\/semmelweis.hu\/pharmacology\/files\/2023\/11\/original-C81FD509-E3AF-46FE-9283-FADE5F77F2AA-753x527.jpeg 753w, https:\/\/semmelweis.hu\/pharmacology\/files\/2023\/11\/original-C81FD509-E3AF-46FE-9283-FADE5F77F2AA.jpeg 1638w\" sizes=\"auto, (max-width: 426px) 100vw, 426px\" \/><\/a><\/p>\n","protected":false},"excerpt":{"rendered":"<p>Wachtl Gerda\u00a0Akt\u00edv \u00e9s domesztik\u00e1lt\u00a0piggyBac\u00a0transzpoz\u00e1zok\u00a0funkcion\u00e1lis vizsg\u00e1lata, m\u00edg G\u00e1sp\u00e1r Attila\u00a0Cognitive characterization of Long-Evans rats in a streptozotocin-induced Alzheimer&#8217;s disease model\u00a0c\u00edm\u0171 disszert\u00e1ci\u00f3j\u00e1t v\u00e9dte meg.<br \/>\nT\u00e9mavezet\u0151j\u00fck Orb\u00e1n Tam\u00e1s, illetve Gyerty\u00e1n Istv\u00e1n voltak.<br \/>\nMindk\u00e9t koll\u00e9g\u00e1nak szeretettel gratul\u00e1lunk \u00e9s p\u00e1lyafut\u00e1sukhoz j\u00f3 eg\u00e9szs\u00e9get \u00e9s tov\u00e1bbi sok sikert k\u00edv\u00e1nunk.<br \/>\n<a href=\"https:\/\/semmelweis.hu\/pharmacology\/files\/2023\/11\/20231031_173511.jpg\"><\/a> <a href=\"https:\/\/semmelweis.hu\/pharmacology\/files\/2023\/11\/original-C81FD509-E3AF-46FE-9283-FADE5F77F2AA.jpeg\"><\/a><\/p>\n","protected":false},"author":101941,"featured_media":12764,"comment_status":"closed","ping_status":"closed","sticky":false,"template":"","format":"standard","meta":{"_acf_changed":false,"footnotes":""},"categories":[407],"tags":[],"class_list":["post-12763","post","type-post","status-publish","format-standard","has-post-thumbnail","hentry","category-hirek"],"acf":[],"_links":{"self":[{"href":"https:\/\/semmelweis.hu\/pharmacology\/wp-json\/wp\/v2\/posts\/12763","targetHints":{"allow":["GET"]}}],"collection":[{"href":"https:\/\/semmelweis.hu\/pharmacology\/wp-json\/wp\/v2\/posts"}],"about":[{"href":"https:\/\/semmelweis.hu\/pharmacology\/wp-json\/wp\/v2\/types\/post"}],"author":[{"embeddable":true,"href":"https:\/\/semmelweis.hu\/pharmacology\/wp-json\/wp\/v2\/users\/101941"}],"replies":[{"embeddable":true,"href":"https:\/\/semmelweis.hu\/pharmacology\/wp-json\/wp\/v2\/comments?post=12763"}],"version-history":[{"count":2,"href":"https:\/\/semmelweis.hu\/pharmacology\/wp-json\/wp\/v2\/posts\/12763\/revisions"}],"predecessor-version":[{"id":12770,"href":"https:\/\/semmelweis.hu\/pharmacology\/wp-json\/wp\/v2\/posts\/12763\/revisions\/12770"}],"wp:featuredmedia":[{"embeddable":true,"href":"https:\/\/semmelweis.hu\/pharmacology\/wp-json\/wp\/v2\/media\/12764"}],"wp:attachment":[{"href":"https:\/\/semmelweis.hu\/pharmacology\/wp-json\/wp\/v2\/media?parent=12763"}],"wp:term":[{"taxonomy":"category","embeddable":true,"href":"https:\/\/semmelweis.hu\/pharmacology\/wp-json\/wp\/v2\/categories?post=12763"},{"taxonomy":"post_tag","embeddable":true,"href":"https:\/\/semmelweis.hu\/pharmacology\/wp-json\/wp\/v2\/tags?post=12763"}],"curies":[{"name":"wp","href":"https:\/\/api.w.org\/{rel}","templated":true}]}}